{"id":15849,"date":"2025-06-30T08:58:02","date_gmt":"2025-06-30T12:58:02","guid":{"rendered":"https:\/\/agromt.news\/?p=15849"},"modified":"2025-06-30T08:58:02","modified_gmt":"2025-06-30T12:58:02","slug":"mistura-b15-impulsiona-oleo-de-soja-no-brasil","status":"publish","type":"post","link":"https:\/\/agromt.news\/?p=15849","title":{"rendered":"Mistura B15 impulsiona \u00f3leo de soja no Brasil"},"content":{"rendered":"<p> <br \/>\n<\/p>\n<div>\n<div class=\"row\">\n<div class=\"col-lg col-infos mt-0 mt-lg-0\">\n<div class=\"section-sub-title\">\n<p itemprop=\"description\">&#13;<br \/>\n                                \u00d3leo de soja volta a subir com aumento da mistura de biodiesel&#13;<br \/>\n&#13;<br \/>\n&#13;\n                            <\/p>\n<\/p><\/div>\n<div class=\"container\">\n<div class=\"row\">\n<div class=\"col-lg p-0\">\n<div>\n<div class=\"block-news-main-infos mt-3 text-start\">\n<p>                                            <strong class=\"fn\" itemprop=\"author\" style=\"color: rgb(112, 112, 112); \">&#13;<br \/>\n                                                <a href=\"https:\/\/www.agrolink.com.br\/noticias\/javascript:;\" class=\"text-uppercase\" target=\"_blank\" style=\"color: rgb(112, 112, 112); \" rel=\"noopener\">Agrolink<\/a>&#13;<br \/>\n&#13;<br \/>\n                                                    &#8211; Aline Merladete&#13;<br \/>\n&#13;<br \/>\n                                            <\/strong><br \/>\n                                        <\/p>\n<p>                                            <abbr><time datetime=\"2025-06-30T09:42\" itemprop=\"datePublished dateModified\">Publicado em 30\/06\/2025 \u00e0s 09:42h.<\/time><\/abbr><br \/>\n                                            <\/p><\/div>\n<\/p><\/div>\n<\/p><\/div>\n<div class=\"col-lg p-0 text-lg-end\">\n<div>\n<div id=\"mdEnviarPagina\" class=\"modal fade\" role=\"dialog\">\n<div class=\"modal-dialog\">\n<div class=\"modal-content\">\n<div class=\"modal-body\">\n<p><strong>Estimado usu\u00e1rio.<\/strong><br \/>Preencha o formul\u00e1rio abaixo para remeter a p\u00e1gina.<\/p>\n<\/p><\/div>\n<\/p><\/div>\n<\/p><\/div>\n<\/div><\/div>\n<\/p><\/div>\n<\/p><\/div>\n<\/p><\/div>\n<\/p><\/div>\n<\/p><\/div>\n<div class=\"row justify-content-md-center mt-3\">\n<div class=\"col-lg-auto col-image block-news-main-image\">\n<p>                                <img decoding=\"async\" src=\"https:\/\/www.agrolink.com.br\/upload\/imagens-resizes\/36cdf6ff6e6b42b1acec500a31d1c630_858x483.jpg\" class=\"lazyload img-fluid\"\/><br \/>\n                                                <span class=\"publicity-photo d-block mt-1\">Foto: Divulga\u00e7\u00e3o <\/span><\/p><\/div>\n<\/p><\/div>\n<div class=\"section-description section-description-noticias mt-3\">\n<p style=\"text-align:justify\">Depois de quase dois meses em queda, os pre\u00e7os do \u00f3leo de <a href=\"https:\/\/www.agrolink.com.br\/culturas\/soja?utm_source=agrolink-detalhe-noticia&amp;utm_medium=detalhe-noticia&amp;utm_campaign=links-internos\" target=\"_blank\" rel=\"noopener\">soja<\/a> voltaram a registrar valoriza\u00e7\u00e3o no mercado brasileiro. A recupera\u00e7\u00e3o nos valores ocorre em meio a expectativas positivas para a demanda do setor de biocombust\u00edveis, especialmente o biodiesel.&#13;\n<\/p>\n<p style=\"text-align:justify\">Segundo dados do Cepea (Centro de Estudos Avan\u00e7ados em Economia Aplicada), a eleva\u00e7\u00e3o recente est\u00e1 diretamente ligada \u00e0 decis\u00e3o do Conselho Nacional de Pol\u00edtica Energ\u00e9tica (CNPE), que aprovou o aumento gradual da mistura obrigat\u00f3ria de biodiesel ao \u00f3leo diesel. A medida prev\u00ea a eleva\u00e7\u00e3o da atual propor\u00e7\u00e3o B14 (14%) para B15 (15%) entre agosto deste ano e fevereiro de 2026. A partir de mar\u00e7o de 2026, a mistura poder\u00e1 subir para B16 (16%).<\/p>\n<p style=\"text-align:justify\">De acordo com os pesquisadores do Cepea, a perspectiva de maior consumo interno para a produ\u00e7\u00e3o de biodiesel tem trazido otimismo ao setor, o que influencia diretamente a comercializa\u00e7\u00e3o do \u00f3leo de soja. A medida do CNPE \u00e9 vista como um est\u00edmulo \u00e0 cadeia produtiva, gerando reflexos positivos tanto para os produtores quanto para os processadores da oleaginosa.&#13;\n<\/p>\n<p style=\"text-align:justify\">A movimenta\u00e7\u00e3o atual contrasta com o cen\u00e1rio observado no primeiro trimestre de 2025, quando os pre\u00e7os internos do \u00f3leo de soja registraram forte enfraquecimento. Na \u00e9poca, o mercado apostava que a mistura B15 entraria em vigor em mar\u00e7o, o que acabou n\u00e3o ocorrendo. Essa frustra\u00e7\u00e3o nas expectativas foi o principal fator de press\u00e3o sobre as cota\u00e7\u00f5es naquele per\u00edodo.<\/p>\n<p style=\"text-align:justify\">Agora, com a confirma\u00e7\u00e3o oficial do cronograma de amplia\u00e7\u00e3o da mistura, agentes do setor voltam a operar com maior confian\u00e7a. A perspectiva \u00e9 de que a demanda por \u00f3leo de soja industrializado se mantenha firme nos pr\u00f3ximos meses, o que deve contribuir para sustentar os pre\u00e7os em patamares mais altos.&#13;\n<\/p>\n<p style=\"text-align:justify\">O Brasil, sendo um dos maiores produtores e exportadores de soja do mundo, pode se beneficiar tanto no mercado interno quanto externo com esse novo cen\u00e1rio. A busca por fontes renov\u00e1veis de energia, como o biodiesel, segue sendo um fator estrat\u00e9gico para o crescimento sustent\u00e1vel do agroneg\u00f3cio brasileiro.<\/p>\n<\/p><\/div>\n<\/p><\/div>\n<p><script data-cfasync=\"false\">\n    !function (f, b, e, v, n, t, s) {\n        if (f.fbq) return; n = f.fbq = function () {\n            n.callMethod ?\n                n.callMethod.apply(n, arguments) : n.queue.push(arguments)\n        };\n        if (!f._fbq) f._fbq = n; n.push = n; n.loaded = !0; n.version = '2.0';\n        n.queue = []; t = b.createElement(e); t.async = !0;\n        t.src = v; s = b.getElementsByTagName(e)[0];\n        s.parentNode.insertBefore(t, s)\n    }(window, document, 'script',\n        'https:\/\/connect.facebook.net\/en_US\/fbevents.js');\n    fbq('init', '522546078623747');\n    fbq('track', 'PageView');\n<\/script><br \/>\n<br \/><br \/>\n<br \/><a href=\"https:\/\/www.agrolink.com.br\/noticias\/mistura-b15-impulsiona-oleo-de-soja-no-brasil_503425.html\">Source link <\/a><\/p>\n","protected":false},"excerpt":{"rendered":"<p>&#13; \u00d3leo de soja volta a subir com aumento da mistura de biodiesel&#13; &#13; &#13; &#13; Agrolink&#13; &#13; &#8211; Aline<\/p>\n","protected":false},"author":1,"featured_media":9483,"comment_status":"open","ping_status":"open","sticky":false,"template":"","format":"standard","meta":{"_monsterinsights_skip_tracking":false,"_monsterinsights_sitenote_active":false,"_monsterinsights_sitenote_note":"","_monsterinsights_sitenote_category":0,"_uf_show_specific_survey":0,"_uf_disable_surveys":false,"footnotes":""},"categories":[8,1,14],"tags":[],"class_list":["post-15849","post","type-post","status-publish","format-standard","has-post-thumbnail","hentry","category-agro","category-news","category-politica-agro"],"_links":{"self":[{"href":"https:\/\/agromt.news\/index.php?rest_route=\/wp\/v2\/posts\/15849"}],"collection":[{"href":"https:\/\/agromt.news\/index.php?rest_route=\/wp\/v2\/posts"}],"about":[{"href":"https:\/\/agromt.news\/index.php?rest_route=\/wp\/v2\/types\/post"}],"author":[{"embeddable":true,"href":"https:\/\/agromt.news\/index.php?rest_route=\/wp\/v2\/users\/1"}],"replies":[{"embeddable":true,"href":"https:\/\/agromt.news\/index.php?rest_route=%2Fwp%2Fv2%2Fcomments&post=15849"}],"version-history":[{"count":0,"href":"https:\/\/agromt.news\/index.php?rest_route=\/wp\/v2\/posts\/15849\/revisions"}],"wp:featuredmedia":[{"embeddable":true,"href":"https:\/\/agromt.news\/index.php?rest_route=\/wp\/v2\/media\/9483"}],"wp:attachment":[{"href":"https:\/\/agromt.news\/index.php?rest_route=%2Fwp%2Fv2%2Fmedia&parent=15849"}],"wp:term":[{"taxonomy":"category","embeddable":true,"href":"https:\/\/agromt.news\/index.php?rest_route=%2Fwp%2Fv2%2Fcategories&post=15849"},{"taxonomy":"post_tag","embeddable":true,"href":"https:\/\/agromt.news\/index.php?rest_route=%2Fwp%2Fv2%2Ftags&post=15849"}],"curies":[{"name":"wp","href":"https:\/\/api.w.org\/{rel}","templated":true}]}}