{"id":15844,"date":"2025-06-29T23:08:07","date_gmt":"2025-06-30T03:08:07","guid":{"rendered":"https:\/\/agromt.news\/?p=15844"},"modified":"2025-06-29T23:08:07","modified_gmt":"2025-06-30T03:08:07","slug":"clima-seco-impulsiona-plantio-de-trigo-e-cevada-na-argentina","status":"publish","type":"post","link":"https:\/\/agromt.news\/?p=15844","title":{"rendered":"Clima seco impulsiona plantio de trigo e cevada na Argentina"},"content":{"rendered":"<p> <br \/>\n<\/p>\n<div>\n<p>Ap\u00f3s uma semana praticamente sem chuvas, o plantio de <a href=\"https:\/\/www.agrolink.com.br\/culturas\/trigo\/?utm_source=agrolink-detalhe-noticia&amp;utm_medium=detalhe-noticia&amp;utm_campaign=links-internos\" target=\"_blank\" rel=\"noopener\">trigo<\/a> avan\u00e7ou significativamente na Argentina, segundo informa\u00e7\u00f5es da Bolsa de Cereais de Buenos Aires (BCBA). A semeadura do cereal atingiu 72,7% da \u00e1rea estimada de 6,7 milh\u00f5es de hectares, um progresso de 12,4 pontos percentuais em rela\u00e7\u00e3o \u00e0 semana anterior. As boas condi\u00e7\u00f5es clim\u00e1ticas favoreceram regi\u00f5es anteriormente afetadas pelo excesso de umidade, como o N\u00facleo Sul e o Centro de Buenos Aires, reduzindo atrasos hist\u00f3ricos. Nacionalmente, o ritmo de plantio est\u00e1 4,1 p.p. \u00e0 frente do registrado no mesmo per\u00edodo do ano passado.&#13;\n<\/p>\n<p>A semeadura da cevada tamb\u00e9m apresentou avan\u00e7os, alcan\u00e7ando 50,8% da \u00e1rea prevista de 1,3 milh\u00e3o de hectares. Ainda assim, h\u00e1 um atraso interanual de 12 pontos percentuais, principalmente por problemas de excesso de umidade no Norte de La Pampa, Oeste e Centro de Buenos Aires. No entanto, o sul da regi\u00e3o agr\u00edcola mant\u00e9m bom ritmo de implanta\u00e7\u00e3o, impulsionado por condi\u00e7\u00f5es h\u00eddricas favor\u00e1veis.<\/p>\n<p>A colheita de soja est\u00e1 pr\u00f3xima do fim, com 98,3% da \u00e1rea apta colhida, embora ainda apresente um leve atraso de 1,3 p.p. em rela\u00e7\u00e3o ao ano anterior. O rendimento m\u00e9dio nacional \u00e9 de 29,8 sacas por hectare, 15% superior \u00e0 m\u00e9dia das \u00faltimas cinco safras. A soja de primeira est\u00e1 praticamente finalizada, com produtividade m\u00e9dia de 31,5 sacas\/ha. J\u00e1 a soja de segunda cobre 95,2% da \u00e1rea, com bons rendimentos no Centro-Este de Entre R\u00edos e N\u00facleo Sul, mantendo a proje\u00e7\u00e3o de produ\u00e7\u00e3o em 50,3 milh\u00f5es de toneladas.&#13;\n<\/p>\n<p>Por fim, a colheita do milho gr\u00e3o atingiu 55,3% da \u00e1rea estimada, com rendimento m\u00e9dio nacional de 77,1 sacas\/ha. Em C\u00f3rdoba, o avan\u00e7o foi expressivo nos plantios tardios, com produtividade de 79,9 sacas\/ha \u2014 21% acima da safra anterior. Apesar disso, a menor \u00e1rea cultivada limita o impacto sobre a produ\u00e7\u00e3o total. J\u00e1 no centro e oeste de Buenos Aires, os excessos h\u00eddricos persistem e atrasam a colheita. A estimativa nacional de produ\u00e7\u00e3o permanece em 49 milh\u00f5es de toneladas, queda de 5% frente \u00e0 campanha anterior.<br \/>&#13;<br \/>\n\u00a0<\/p>\n<\/p><\/div>\n<p><script data-cfasync=\"false\">\n    !function (f, b, e, v, n, t, s) {\n        if (f.fbq) return; n = f.fbq = function () {\n            n.callMethod ?\n                n.callMethod.apply(n, arguments) : n.queue.push(arguments)\n        };\n        if (!f._fbq) f._fbq = n; n.push = n; n.loaded = !0; n.version = '2.0';\n        n.queue = []; t = b.createElement(e); t.async = !0;\n        t.src = v; s = b.getElementsByTagName(e)[0];\n        s.parentNode.insertBefore(t, s)\n    }(window, document, 'script',\n        'https:\/\/connect.facebook.net\/en_US\/fbevents.js');\n    fbq('init', '522546078623747');\n    fbq('track', 'PageView');\n<\/script><br \/>\n<br \/><br \/>\n<br \/><a href=\"https:\/\/www.agrolink.com.br\/noticias\/clima-seco-impulsiona-plantio-de-trigo-e-cevada-na-argentina_503391.html\">Source link <\/a><\/p>\n","protected":false},"excerpt":{"rendered":"<p>Ap\u00f3s uma semana praticamente sem chuvas, o plantio de trigo avan\u00e7ou significativamente na Argentina, segundo informa\u00e7\u00f5es da Bolsa de Cereais<\/p>\n","protected":false},"author":1,"featured_media":15845,"comment_status":"open","ping_status":"open","sticky":false,"template":"","format":"standard","meta":{"_monsterinsights_skip_tracking":false,"_monsterinsights_sitenote_active":false,"_monsterinsights_sitenote_note":"","_monsterinsights_sitenote_category":0,"_uf_show_specific_survey":0,"_uf_disable_surveys":false,"footnotes":""},"categories":[8,1,14],"tags":[],"class_list":["post-15844","post","type-post","status-publish","format-standard","has-post-thumbnail","hentry","category-agro","category-news","category-politica-agro"],"_links":{"self":[{"href":"https:\/\/agromt.news\/index.php?rest_route=\/wp\/v2\/posts\/15844"}],"collection":[{"href":"https:\/\/agromt.news\/index.php?rest_route=\/wp\/v2\/posts"}],"about":[{"href":"https:\/\/agromt.news\/index.php?rest_route=\/wp\/v2\/types\/post"}],"author":[{"embeddable":true,"href":"https:\/\/agromt.news\/index.php?rest_route=\/wp\/v2\/users\/1"}],"replies":[{"embeddable":true,"href":"https:\/\/agromt.news\/index.php?rest_route=%2Fwp%2Fv2%2Fcomments&post=15844"}],"version-history":[{"count":0,"href":"https:\/\/agromt.news\/index.php?rest_route=\/wp\/v2\/posts\/15844\/revisions"}],"wp:featuredmedia":[{"embeddable":true,"href":"https:\/\/agromt.news\/index.php?rest_route=\/wp\/v2\/media\/15845"}],"wp:attachment":[{"href":"https:\/\/agromt.news\/index.php?rest_route=%2Fwp%2Fv2%2Fmedia&parent=15844"}],"wp:term":[{"taxonomy":"category","embeddable":true,"href":"https:\/\/agromt.news\/index.php?rest_route=%2Fwp%2Fv2%2Fcategories&post=15844"},{"taxonomy":"post_tag","embeddable":true,"href":"https:\/\/agromt.news\/index.php?rest_route=%2Fwp%2Fv2%2Ftags&post=15844"}],"curies":[{"name":"wp","href":"https:\/\/api.w.org\/{rel}","templated":true}]}}