{"id":15842,"date":"2025-06-29T21:10:23","date_gmt":"2025-06-30T01:10:23","guid":{"rendered":"https:\/\/agromt.news\/?p=15842"},"modified":"2025-06-29T21:10:23","modified_gmt":"2025-06-30T01:10:23","slug":"conflito-entre-eua-e-china-reposiciona-brasil-no-comercio-internacional","status":"publish","type":"post","link":"https:\/\/agromt.news\/?p=15842","title":{"rendered":"Conflito entre EUA e China reposiciona Brasil no com\u00e9rcio internacional"},"content":{"rendered":"<p> <br \/>\n<\/p>\n<div>\n<p style=\"text-align:justify\">O embate tarif\u00e1rio entre Estados Unidos e China segue remodelando as cadeias globais de suprimentos e redesenhando o mapa das oportunidades comerciais. A tens\u00e3o entre as duas maiores economias do mundo cria tanto desafios quanto espa\u00e7os estrat\u00e9gicos para pa\u00edses da Am\u00e9rica Latina, especialmente o Brasil. Essa foi uma das principais an\u00e1lises apresentadas no webinar promovido pela Coface Brasil nesta quarta-feira (26).&#13;\n<\/p>\n<p style=\"text-align:justify\">De acordo com informa\u00e7\u00f5es divulgadas pela Coface, o evento contou com a participa\u00e7\u00e3o da economista-chefe para a Am\u00e9rica Latina, Patricia Krause, e do chefe de estudos macroecon\u00f4micos, Bruno de Moura Fernandes. Os especialistas alertaram para o impacto direto da guerra comercial no crescimento global e destacaram o papel da regi\u00e3o latino-americana em meio a essa reconfigura\u00e7\u00e3o geoecon\u00f4mica. As proje\u00e7\u00f5es da Coface apontam que o PIB mundial crescer\u00e1 2,2% em 2025 e 2,3% em 2026 \u2014 n\u00fameros que refletem a desacelera\u00e7\u00e3o generalizada das economias, tanto desenvolvidas quanto emergentes.<\/p>\n<p style=\"text-align:justify\">Segundo Fernandes, a desacelera\u00e7\u00e3o da China se agrava diante de problemas internos, como o excesso de capacidade produtiva em setores estrat\u00e9gicos \u2014 automobil\u00edstico, alimentos, eletr\u00f4nicos e farmac\u00eautico \u2014 somado \u00e0 queda no consumo e nos pre\u00e7os industriais. A resposta chinesa tem sido ampliar as exporta\u00e7\u00f5es para al\u00e9m do eixo tradicional com os EUA, voltando-se a outras regi\u00f5es, como a Am\u00e9rica Latina.<\/p>\n<p style=\"text-align:justify\">\u201cA China precisa exportar a qualquer custo. Se perder ainda mais espa\u00e7o nos EUA, a Am\u00e9rica Latina ser\u00e1 um destino natural, tanto como fornecedora de commodities quanto como mercado consumidor de produtos manufaturados\u201d, avaliou Fernandes. Ele alerta que essa movimenta\u00e7\u00e3o pode pressionar ainda mais setores j\u00e1 sens\u00edveis, como o sider\u00fargico, o t\u00eaxtil e o de tecnologia.&#13;\n<\/p>\n<p style=\"text-align:justify\">A economista Patricia Krause destacou que a Am\u00e9rica Latina dever\u00e1 crescer 2,1% em 2024, com perspectivas moderadas e desiguais entre os pa\u00edses. No caso do Brasil, a proje\u00e7\u00e3o de crescimento foi revisada para cima, ficando em 2,3% em 2025. Segundo ela, o desempenho da economia brasileira \u00e9 impulsionado pelo agroneg\u00f3cio e pelo consumo dom\u00e9stico, mas enfrenta riscos devido a um cr\u00e9dito mais restrito e juros elevados. \u201cPa\u00edses como o M\u00e9xico, mais dependentes dos EUA, s\u00e3o mais vulner\u00e1veis. J\u00e1 Brasil e Argentina podem ocupar nichos estrat\u00e9gicos, principalmente no agroneg\u00f3cio, frente \u00e0 retra\u00e7\u00e3o americana no mercado chin\u00eas\u201d, ponderou.<\/p>\n<p style=\"text-align:justify\">Outro destaque do evento foi o avan\u00e7o dos investimentos chineses na regi\u00e3o. Krause citou dados do Global Development Policy Center que mostram o crescimento dos projetos greenfield na Am\u00e9rica Latina, que passaram de US$ 5,8 bilh\u00f5es entre 2008 e 2011 para US$ 21 bilh\u00f5es entre 2020 e 2023. A infraestrutura tamb\u00e9m ganhou relev\u00e2ncia, com o exemplo do porto de Chancay, no Peru, que dever\u00e1 facilitar e baratear o com\u00e9rcio com o continente asi\u00e1tico.<\/p>\n<p style=\"text-align:justify\">O estudo da Coface ressalta que, diante da instabilidade global, as empresas latino-americanas precisar\u00e3o fortalecer sua capacidade de adapta\u00e7\u00e3o. \u201cDiversifica\u00e7\u00e3o de mercados e revis\u00e3o das cadeias log\u00edsticas ser\u00e3o essenciais para manter a competitividade em um cen\u00e1rio de incertezas geopol\u00edticas\u201d, concluiu Krause.&#13;\n<\/p>\n<p style=\"text-align:justify\">Para mitigar riscos e garantir estabilidade financeira, a Coface refor\u00e7a a import\u00e2ncia do seguro de cr\u00e9dito. A ferramenta protege empresas contra inadimpl\u00eancia, oferecendo seguran\u00e7a para ampliar sua atua\u00e7\u00e3o comercial mesmo diante de um ambiente internacional vol\u00e1til.\u00a0<\/p>\n<\/p><\/div>\n<p><script data-cfasync=\"false\">\n    !function (f, b, e, v, n, t, s) {\n        if (f.fbq) return; n = f.fbq = function () {\n            n.callMethod ?\n                n.callMethod.apply(n, arguments) : n.queue.push(arguments)\n        };\n        if (!f._fbq) f._fbq = n; n.push = n; n.loaded = !0; n.version = '2.0';\n        n.queue = []; t = b.createElement(e); t.async = !0;\n        t.src = v; s = b.getElementsByTagName(e)[0];\n        s.parentNode.insertBefore(t, s)\n    }(window, document, 'script',\n        'https:\/\/connect.facebook.net\/en_US\/fbevents.js');\n    fbq('init', '522546078623747');\n    fbq('track', 'PageView');\n<\/script><br \/>\n<br \/><br \/>\n<br \/><a href=\"https:\/\/www.agrolink.com.br\/noticias\/conflito-entre-eua-e-china-reposiciona-brasil-no-comercio-internacional_503392.html\">Source link <\/a><\/p>\n","protected":false},"excerpt":{"rendered":"<p>O embate tarif\u00e1rio entre Estados Unidos e China segue remodelando as cadeias globais de suprimentos e redesenhando o mapa das<\/p>\n","protected":false},"author":1,"featured_media":15843,"comment_status":"open","ping_status":"open","sticky":false,"template":"","format":"standard","meta":{"_monsterinsights_skip_tracking":false,"_monsterinsights_sitenote_active":false,"_monsterinsights_sitenote_note":"","_monsterinsights_sitenote_category":0,"_uf_show_specific_survey":0,"_uf_disable_surveys":false,"footnotes":""},"categories":[8,1,14],"tags":[],"class_list":["post-15842","post","type-post","status-publish","format-standard","has-post-thumbnail","hentry","category-agro","category-news","category-politica-agro"],"_links":{"self":[{"href":"https:\/\/agromt.news\/index.php?rest_route=\/wp\/v2\/posts\/15842"}],"collection":[{"href":"https:\/\/agromt.news\/index.php?rest_route=\/wp\/v2\/posts"}],"about":[{"href":"https:\/\/agromt.news\/index.php?rest_route=\/wp\/v2\/types\/post"}],"author":[{"embeddable":true,"href":"https:\/\/agromt.news\/index.php?rest_route=\/wp\/v2\/users\/1"}],"replies":[{"embeddable":true,"href":"https:\/\/agromt.news\/index.php?rest_route=%2Fwp%2Fv2%2Fcomments&post=15842"}],"version-history":[{"count":0,"href":"https:\/\/agromt.news\/index.php?rest_route=\/wp\/v2\/posts\/15842\/revisions"}],"wp:featuredmedia":[{"embeddable":true,"href":"https:\/\/agromt.news\/index.php?rest_route=\/wp\/v2\/media\/15843"}],"wp:attachment":[{"href":"https:\/\/agromt.news\/index.php?rest_route=%2Fwp%2Fv2%2Fmedia&parent=15842"}],"wp:term":[{"taxonomy":"category","embeddable":true,"href":"https:\/\/agromt.news\/index.php?rest_route=%2Fwp%2Fv2%2Fcategories&post=15842"},{"taxonomy":"post_tag","embeddable":true,"href":"https:\/\/agromt.news\/index.php?rest_route=%2Fwp%2Fv2%2Ftags&post=15842"}],"curies":[{"name":"wp","href":"https:\/\/api.w.org\/{rel}","templated":true}]}}