{"id":15840,"date":"2025-06-29T18:36:31","date_gmt":"2025-06-29T22:36:31","guid":{"rendered":"https:\/\/agromt.news\/?p=15840"},"modified":"2025-06-29T18:36:31","modified_gmt":"2025-06-29T22:36:31","slug":"frente-fria-e-temperaturas-entre-2c-e-40c-devem-marcar-a-semana","status":"publish","type":"post","link":"https:\/\/agromt.news\/?p=15840","title":{"rendered":"Frente fria e temperaturas entre 2\u00b0C e 40\u00b0C devem marcar a semana"},"content":{"rendered":"<p> <br \/>\n<br \/><img decoding=\"async\" src=\"https:\/\/agromt.news\/wp-content\/uploads\/2025\/05\/4Vgpztle-tempo.jpg\" \/><\/p>\n<div>\n<p>Muito frio em algumas \u00e1reas do pa\u00eds e temperaturas nas alturas em outras. Os temporais tamb\u00e9m marcam presen\u00e7a. Confira a previs\u00e3o do tempo entre 30 de junho a 4 de julho do meteorologista do Canal Rural, Arthur M\u00fcller:<\/p>\n<div data-icp-cta=\"1\" id=\"icp-cta-unique\">Voc\u00ea quer entender como usar o clima a seu favor?<b> <\/b><a href=\"https:\/\/climacampo.canalrural.com.br\/climacampo_-01\">Preparamos um e-book exclusivo<\/a> para ajudar produtores rurais a se antecipar \u00e0s mudan\u00e7as do tempo e planejar melhor suas a\u00e7\u00f5es. Com base em previs\u00f5es meteorol\u00f3gicas confi\u00e1veis, ele oferece orienta\u00e7\u00f5es pr\u00e1ticas para proteger sua lavoura e otimizar seus resultados.<\/div>\n<h2 class=\"wp-block-heading\" id=\"h-sul\">Sul<\/h2>\n<p>Os temporais continuam no <strong><a href=\"https:\/\/www.canalrural.com.br\/nacional\/parana\/\">Paran\u00e1<\/a><\/strong> e as temperaturas seguem baixas em todo o Rio Grande do Sul, com potencial para geada em \u00e1reas da Campanha Ga\u00facha. Dia mais \u00famido e nublado no norte de Santa Catarina, com chuva moderada na regi\u00e3o do Vale do Itaja\u00ed. Alerta de geada para os tr\u00eas estados durante segunda (30), ter\u00e7a (1) e quarta-feira (2) em \u00e1reas produtoras: a temperatura m\u00ednima deve chegar a <strong>2\u00baC<\/strong> em pontos de baixada, podendo at\u00e9 negativar. Durante a semana, praticamente n\u00e3o chove nos territ\u00f3rios ga\u00facho e catarinense, com acumulados significativos somente na faixa centro-leste paranaense, com 20 mm a 30 mm.<\/p>\n<h2 class=\"wp-block-heading\" id=\"h-sudeste\">Sudeste<\/h2>\n<p>Frente fria se aproxima do extremo sul de S\u00e3o Paulo e provoca pancadas irregulares sobre a Regi\u00e3o do Vale do Ribeira. O tempo continua firme nas demais \u00e1reas do estado, assim como no Rio de Janeiro, Esp\u00edrito Santo e Minas Gerais; no noroeste mineiro, aten\u00e7\u00e3o para a baixa umidade. O acumulado de chuva da semana se concentra no sudeste e litoral de paulista, fluminense, capixaba e leste de mineiro, com <strong>30 mm a 40 mm<\/strong>, o que ajuda a elevar umidade do ar. Nas demais \u00e1reas de Minas e S\u00e3o Paulo, tempo seco, com temperaturas m\u00e1ximas podendo chegar a <strong>36\u00baC<\/strong>.<\/p>\n<\/div>\n<div>\n<h2 class=\"wp-block-heading\" id=\"h-centro-oeste\">Centro-Oeste<\/h2>\n<p>A semana come\u00e7a com pancadas de chuva mais irregulares no extremo sul e sudoeste de Mato Grosso do Sul. O tempo continua ensolarado e firme entre Goi\u00e1s e Mato Grosso, \u00e1reas onde n\u00e3o chove e a umidade do ar segue extremamente baixa. Aten\u00e7\u00e3o para o frio da semana que deve durar at\u00e9 quarta\/quinta-feira (2 e 3), quando a temperatura m\u00ednima deve ficar abaixo de 10\u00baC. Tempo quente e seco somente em Mato Grosso e Goi\u00e1s, estados onde a umidade relativa do ar deve ficar abaixo dos 30% e o risco para focos de inc\u00eandio aumenta.<\/p>\n<h2 class=\"wp-block-heading\" id=\"h-nordeste\">Nordeste<\/h2>\n<p>A semana come\u00e7a com um tempo extremamente seco entre a <strong><a href=\"https:\/\/www.canalrural.com.br\/nacional\/bahia\/\">Bahia<\/a><\/strong>, o Piau\u00ed e Maranh\u00e3o, mas com muita chuva concentrada sobre a costa leste do Nordeste, com risco para temporais em Salvador (BA), Aracaju (SE), Recife (PE) e Macei\u00f3 (AL), al\u00e9m de pancadas com for\u00e7a em S\u00e3o Lu\u00eds (MA). O tempo segue mais ensolarado em todo o Cear\u00e1 e a previs\u00e3o \u00e9 de pouca chuva em Fortaleza (CE). No centro sul maranhense e piauiense, aten\u00e7\u00e3o para o calor com a temperatura m\u00e1xima chegando a <strong>38\u00baC<\/strong> e umidade relativa do ar abaixo de 30%. A chuva ao longo da semana se concentra na faixa leste da Bahia, de Sergipe, Alagoas, Pernambuco, Para\u00edba e Rio Grande no Norte, entre <strong>20 mm e 30 mm<\/strong>. As demais \u00e1reas seguem com o tempo quente e seco.<\/p>\n<h2 class=\"wp-block-heading\" id=\"h-norte\">Norte<\/h2>\n<p>Risco de temporal, que continua nas capitais Boa Vista (RR), Manaus (AM), Macap\u00e1 (AP) e Bel\u00e9m (PA) nessa segunda (30), com previs\u00e3o de trovoadas, raios e ventos fortes. O tempo segue firme entre o sul de Rond\u00f4nia, do Amazonas e em Tocantins, com destaque para o calor\u00e3o acima de 34\u00b0C e tempo extremamente seco. Chuva nos pr\u00f3ximos cinco dias no Amazonas, em Roraima, Amap\u00e1 e centro-norte do Par\u00e1, com 30 mm a 40 mm. Semana quente e seca no sudeste do Par\u00e1 e no Tocantins, \u00e1reas onde os term\u00f4metros devem se aproximar dos <strong>40\u00baC<\/strong>, potencializando o risco para focos de inc\u00eandio e deixando a umidade relativa do ar abaixo dos 30%. No Acre e em Rond\u00f4nia, tempo firme.<\/p>\n<\/p><\/div>\n<p><br \/>\n<br \/><a href=\"https:\/\/www.canalrural.com.br\/tempo\/frente-fria-e-temperaturas-entre-2c-e-40c-devem-marcar-a-semana\/\">Source link <\/a><\/p>\n","protected":false},"excerpt":{"rendered":"<p>Muito frio em algumas \u00e1reas do pa\u00eds e temperaturas nas alturas em outras. Os temporais tamb\u00e9m marcam presen\u00e7a. Confira a<\/p>\n","protected":false},"author":1,"featured_media":13301,"comment_status":"open","ping_status":"open","sticky":false,"template":"","format":"standard","meta":{"_monsterinsights_skip_tracking":false,"_monsterinsights_sitenote_active":false,"_monsterinsights_sitenote_note":"","_monsterinsights_sitenote_category":0,"_uf_show_specific_survey":0,"_uf_disable_surveys":false,"footnotes":""},"categories":[1],"tags":[],"class_list":["post-15840","post","type-post","status-publish","format-standard","has-post-thumbnail","hentry","category-news"],"_links":{"self":[{"href":"https:\/\/agromt.news\/index.php?rest_route=\/wp\/v2\/posts\/15840"}],"collection":[{"href":"https:\/\/agromt.news\/index.php?rest_route=\/wp\/v2\/posts"}],"about":[{"href":"https:\/\/agromt.news\/index.php?rest_route=\/wp\/v2\/types\/post"}],"author":[{"embeddable":true,"href":"https:\/\/agromt.news\/index.php?rest_route=\/wp\/v2\/users\/1"}],"replies":[{"embeddable":true,"href":"https:\/\/agromt.news\/index.php?rest_route=%2Fwp%2Fv2%2Fcomments&post=15840"}],"version-history":[{"count":0,"href":"https:\/\/agromt.news\/index.php?rest_route=\/wp\/v2\/posts\/15840\/revisions"}],"wp:featuredmedia":[{"embeddable":true,"href":"https:\/\/agromt.news\/index.php?rest_route=\/wp\/v2\/media\/13301"}],"wp:attachment":[{"href":"https:\/\/agromt.news\/index.php?rest_route=%2Fwp%2Fv2%2Fmedia&parent=15840"}],"wp:term":[{"taxonomy":"category","embeddable":true,"href":"https:\/\/agromt.news\/index.php?rest_route=%2Fwp%2Fv2%2Fcategories&post=15840"},{"taxonomy":"post_tag","embeddable":true,"href":"https:\/\/agromt.news\/index.php?rest_route=%2Fwp%2Fv2%2Ftags&post=15840"}],"curies":[{"name":"wp","href":"https:\/\/api.w.org\/{rel}","templated":true}]}}