{"id":1584,"date":"2024-09-14T08:20:17","date_gmt":"2024-09-14T12:20:17","guid":{"rendered":"https:\/\/agromt.news\/?p=1584"},"modified":"2024-09-14T08:20:17","modified_gmt":"2024-09-14T12:20:17","slug":"prosa-agro-itau-bba-agro-semanal-boi-e-frango-de-lado-contrastam-com-o","status":"publish","type":"post","link":"https:\/\/agromt.news\/?p=1584","title":{"rendered":"Prosa Agro Ita\u00fa BBA | Agro Semanal | Boi e frango de lado contrastam com o&#8230;"},"content":{"rendered":"<p> <br \/>\n<\/p>\n<div>\n<p>Aten\u00e7\u00e3o: Esse conte\u00fado foi produzido pela equipe do Ita\u00fa BBA e gentilmente cedido para republica\u00e7\u00e3o no site Not\u00edcias Agr\u00edcolas<\/p>\n<div class=\"materia\">\n<p><iframe frameborder=\"0\" height=\"352\" src=\"https:\/\/open.spotify.com\/embed\/episode\/4zOeCJTGjy4GA9pPX0VoQm?utm_source=generator\" width=\"100%\"><\/iframe><\/p>\n<p>Apesar da forte demanda externa, os pre\u00e7os do boi gordo seguem sem muita for\u00e7a para subir dada a elevada disponibilidade de gado terminado. J\u00e1 nos mercados de aves e su\u00ednos, as exporta\u00e7\u00f5es parciais apontam n\u00fameros mais fracos em agosto, mas isso n\u00e3o tem impedido a escalada do su\u00edno.<\/p>\n<\/div>\n<div class=\"grupo-whatsapp\">\nJ\u00e1 segue nosso Canal oficial no WhatsApp? <a href=\"https:\/\/bit.ly\/Canal_NA\" target=\"_blank\" rel=\"noopener\"><strong>Clique Aqui<\/strong><\/a> para receber em primeira m\u00e3o as principais not\u00edcias do agroneg\u00f3cio\n<\/div>\n<\/div>\n<p><script async defer src=\"https:\/\/connect.facebook.net\/en_US\/sdk.js\" type=\"cdffff7cf4cda4dd15edbc54-text\/javascript\"><\/script><script type=\"cdffff7cf4cda4dd15edbc54-text\/javascript\">\n  !function(f,b,e,v,n,t,s)\n  {if(f.fbq)return;n=f.fbq=function(){n.callMethod?\n    n.callMethod.apply(n,arguments):n.queue.push(arguments)};\n    if(!f._fbq)f._fbq=n;n.push=n;n.loaded=!0;n.version='2.0';\n    n.queue=[];t=b.createElement(e);t.async=!0;\n    t.src=v;s=b.getElementsByTagName(e)[0];\n    s.parentNode.insertBefore(t,s)}(window, document,'script',\n    'https:\/\/connect.facebook.net\/en_US\/fbevents.js');\n  fbq('init', '153495679422335');\n  fbq('track', 'PageView');\n<\/script><br \/>\n<br \/><br \/>\n<br \/><a href=\"https:\/\/www.noticiasagricolas.com.br\/noticias\/agronegocio\/383535-prosa-agro-itau-bba-agro-semanal-boi-e-frango-de-lado-contrastam-com-o-suino-escalando.html\">Source link <\/a><\/p>\n","protected":false},"excerpt":{"rendered":"<p>Aten\u00e7\u00e3o: Esse conte\u00fado foi produzido pela equipe do Ita\u00fa BBA e gentilmente cedido para republica\u00e7\u00e3o no site Not\u00edcias Agr\u00edcolas Apesar<\/p>\n","protected":false},"author":1,"featured_media":1585,"comment_status":"open","ping_status":"open","sticky":false,"template":"","format":"standard","meta":{"_monsterinsights_skip_tracking":false,"_monsterinsights_sitenote_active":false,"_monsterinsights_sitenote_note":"","_monsterinsights_sitenote_category":0,"_uf_show_specific_survey":0,"_uf_disable_surveys":false,"footnotes":""},"categories":[8,1,14,16],"tags":[],"class_list":["post-1584","post","type-post","status-publish","format-standard","has-post-thumbnail","hentry","category-agro","category-news","category-politica-agro","category-safra"],"_links":{"self":[{"href":"https:\/\/agromt.news\/index.php?rest_route=\/wp\/v2\/posts\/1584"}],"collection":[{"href":"https:\/\/agromt.news\/index.php?rest_route=\/wp\/v2\/posts"}],"about":[{"href":"https:\/\/agromt.news\/index.php?rest_route=\/wp\/v2\/types\/post"}],"author":[{"embeddable":true,"href":"https:\/\/agromt.news\/index.php?rest_route=\/wp\/v2\/users\/1"}],"replies":[{"embeddable":true,"href":"https:\/\/agromt.news\/index.php?rest_route=%2Fwp%2Fv2%2Fcomments&post=1584"}],"version-history":[{"count":0,"href":"https:\/\/agromt.news\/index.php?rest_route=\/wp\/v2\/posts\/1584\/revisions"}],"wp:featuredmedia":[{"embeddable":true,"href":"https:\/\/agromt.news\/index.php?rest_route=\/wp\/v2\/media\/1585"}],"wp:attachment":[{"href":"https:\/\/agromt.news\/index.php?rest_route=%2Fwp%2Fv2%2Fmedia&parent=1584"}],"wp:term":[{"taxonomy":"category","embeddable":true,"href":"https:\/\/agromt.news\/index.php?rest_route=%2Fwp%2Fv2%2Fcategories&post=1584"},{"taxonomy":"post_tag","embeddable":true,"href":"https:\/\/agromt.news\/index.php?rest_route=%2Fwp%2Fv2%2Ftags&post=1584"}],"curies":[{"name":"wp","href":"https:\/\/api.w.org\/{rel}","templated":true}]}}