{"id":15837,"date":"2025-06-29T17:13:41","date_gmt":"2025-06-29T21:13:41","guid":{"rendered":"https:\/\/agromt.news\/?p=15837"},"modified":"2025-06-29T17:13:41","modified_gmt":"2025-06-29T21:13:41","slug":"argentina-anuncia-volta-das-retenciones","status":"publish","type":"post","link":"https:\/\/agromt.news\/?p=15837","title":{"rendered":"Argentina anuncia volta das retenciones"},"content":{"rendered":"<p> <br \/>\n<\/p>\n<div>\n<div class=\"row\">\n<div class=\"col-lg col-infos mt-0 mt-lg-0\">\n<div class=\"section-sub-title\">\n<p itemprop=\"description\">&#13;<br \/>\n                                A medida tem forte impacto regional &#13;\n                            <\/p>\n<\/p><\/div>\n<div class=\"container\">\n<div class=\"row\">\n<div class=\"col-lg p-0\">\n<div>\n<div class=\"block-news-main-infos mt-3 text-start\">\n<p>                                            <strong class=\"fn\" itemprop=\"author\" style=\"color: rgb(112, 112, 112); \">&#13;<br \/>\n                                                <a href=\"https:\/\/www.agrolink.com.br\/noticias\/javascript:;\" class=\"text-uppercase\" target=\"_blank\" style=\"color: rgb(112, 112, 112); \" rel=\"noopener\">Agrolink<\/a>&#13;<br \/>\n&#13;<br \/>\n                                                    &#8211; Leonardo Gottems&#13;<br \/>\n&#13;<br \/>\n                                            <\/strong><br \/>\n                                        <\/p>\n<p>                                            <abbr><time datetime=\"2025-06-27T14:36\" itemprop=\"datePublished dateModified\">Publicado em 27\/06\/2025 \u00e0s 14:36h.<\/time><\/abbr><br \/>\n                                            <\/p><\/div>\n<\/p><\/div>\n<\/p><\/div>\n<div class=\"col-lg p-0 text-lg-end\">\n<div>\n<div id=\"mdEnviarPagina\" class=\"modal fade\" role=\"dialog\">\n<div class=\"modal-dialog\">\n<div class=\"modal-content\">\n<div class=\"modal-body\">\n<p><strong>Estimado usu\u00e1rio.<\/strong><br \/>Preencha o formul\u00e1rio abaixo para remeter a p\u00e1gina.<\/p>\n<\/p><\/div>\n<\/p><\/div>\n<\/p><\/div>\n<\/div><\/div>\n<\/p><\/div>\n<\/p><\/div>\n<\/p><\/div>\n<\/p><\/div>\n<\/p><\/div>\n<div class=\"row justify-content-md-center mt-3\">\n<div class=\"col-lg-auto col-image block-news-main-image\">\n<p>                                <img decoding=\"async\" src=\"https:\/\/www.agrolink.com.br\/upload\/imagens-resizes\/deafa9fe93ad4f1aafbf03af931ba8b3_858x483.jpg\" class=\"lazyload img-fluid\" alt=\"A medida tem forte impacto regional \"\/><br \/>\n                                                <span class=\"d-block mt-1\">A medida tem forte impacto regional  &#8211; Foto: Pixabay<\/span><\/p><\/div>\n<\/p><\/div>\n<div class=\"section-description section-description-noticias mt-3\">\n<p>O governo da Argentina anunciou o fim do al\u00edvio tempor\u00e1rio nas al\u00edquotas de exporta\u00e7\u00e3o para produtos-chave do agroneg\u00f3cio, retomando o aumento das chamadas \u201cretenciones\u201d para <a href=\"https:\/\/www.agrolink.com.br\/culturas\/soja?utm_source=agrolink-detalhe-noticia&amp;utm_medium=detalhe-noticia&amp;utm_campaign=links-internos\" target=\"_blank\" rel=\"noopener\">soja<\/a> e <a href=\"https:\/\/www.agrolink.com.br\/culturas\/milho?utm_source=agrolink-detalhe-noticia&amp;utm_medium=detalhe-noticia&amp;utm_campaign=links-internos&#9;\" target=\"_blank\" rel=\"noopener\">milho<\/a> a partir de 1\u00ba de julho. A decis\u00e3o, publicada no Bolet\u00edn Oficial por meio do decreto 439\/2025, foi mal recebida pelas entidades do setor, que alertam para o impacto negativo sobre a competitividade e o planejamento das pr\u00f3ximas safras.&#13;\n<\/p>\n<p>De acordo com o novo decreto, a al\u00edquota sobre a exporta\u00e7\u00e3o da soja voltar\u00e1 a 33% (antes estava em 26%), enquanto milho e sorgo passar\u00e3o de 9,5% para 12%. O girassol, por sua vez, voltar\u00e1 a tributar 7% ap\u00f3s cinco meses com tarifa reduzida de 5,5%. Por outro lado, o governo de Javier Milei decidiu manter a redu\u00e7\u00e3o para o trigo e a cevada, que seguir\u00e3o com al\u00edquota de 9,5% at\u00e9 mar\u00e7o de 2026, desde que os exportadores ingressem 90% das divisas ao pa\u00eds em at\u00e9 30 dias \u00fateis ap\u00f3s a venda externa.<\/p>\n<p>A medida tem forte impacto regional e ocorre \u00e0s v\u00e9speras da tradicional feira agropecu\u00e1ria de Palermo, em Buenos Aires, onde h\u00e1 expectativa de participa\u00e7\u00e3o do presidente Milei. Ela tamb\u00e9m \u00e9 acompanhada de cr\u00edticas do setor rural, que vinha se beneficiando da redu\u00e7\u00e3o tempor\u00e1ria para acelerar embarques. Desde janeiro, foram registradas exporta\u00e7\u00f5es de quase 44 milh\u00f5es de toneladas de milho e derivados da soja, movimentando cerca de US$ 5 bilh\u00f5es, o que representa um f\u00f4lego importante para a economia argentina.&#13;\n<\/p>\n<p>Para o Brasil, maior concorrente da Argentina na exporta\u00e7\u00e3o de milho e derivados de soja, o restabelecimento das al\u00edquotas pode representar ganho de competitividade no mercado internacional, especialmente na disputa por mercados como China, Uni\u00e3o Europeia e norte da \u00c1frica. No entanto, o trigo argentino ainda deve manter presen\u00e7a significativa na Regi\u00e3o Sul do Brasil, j\u00e1 que as al\u00edquotas reduzidas e o avan\u00e7o do plantio, com mais de 70% da \u00e1rea estimada j\u00e1 semeada, favorecem a continuidade das exporta\u00e7\u00f5es ao mercado brasileiro.<br \/>&#13;<br \/>\n\u00a0<\/p>\n<\/p><\/div>\n<\/p><\/div>\n<p><script data-cfasync=\"false\">\n    !function (f, b, e, v, n, t, s) {\n        if (f.fbq) return; n = f.fbq = function () {\n            n.callMethod ?\n                n.callMethod.apply(n, arguments) : n.queue.push(arguments)\n        };\n        if (!f._fbq) f._fbq = n; n.push = n; n.loaded = !0; n.version = '2.0';\n        n.queue = []; t = b.createElement(e); t.async = !0;\n        t.src = v; s = b.getElementsByTagName(e)[0];\n        s.parentNode.insertBefore(t, s)\n    }(window, document, 'script',\n        'https:\/\/connect.facebook.net\/en_US\/fbevents.js');\n    fbq('init', '522546078623747');\n    fbq('track', 'PageView');\n<\/script><br \/>\n<br \/><br \/>\n<br \/><a href=\"https:\/\/www.agrolink.com.br\/noticias\/argentina-anuncia-volta-das-retenciones_503395.html\">Source link <\/a><\/p>\n","protected":false},"excerpt":{"rendered":"<p>&#13; A medida tem forte impacto regional &#13; &#13; Agrolink&#13; &#13; &#8211; Leonardo Gottems&#13; &#13; Publicado em 27\/06\/2025 \u00e0s 14:36h.<\/p>\n","protected":false},"author":1,"featured_media":15838,"comment_status":"open","ping_status":"open","sticky":false,"template":"","format":"standard","meta":{"_monsterinsights_skip_tracking":false,"_monsterinsights_sitenote_active":false,"_monsterinsights_sitenote_note":"","_monsterinsights_sitenote_category":0,"_uf_show_specific_survey":0,"_uf_disable_surveys":false,"footnotes":""},"categories":[8,1,14],"tags":[],"class_list":["post-15837","post","type-post","status-publish","format-standard","has-post-thumbnail","hentry","category-agro","category-news","category-politica-agro"],"_links":{"self":[{"href":"https:\/\/agromt.news\/index.php?rest_route=\/wp\/v2\/posts\/15837"}],"collection":[{"href":"https:\/\/agromt.news\/index.php?rest_route=\/wp\/v2\/posts"}],"about":[{"href":"https:\/\/agromt.news\/index.php?rest_route=\/wp\/v2\/types\/post"}],"author":[{"embeddable":true,"href":"https:\/\/agromt.news\/index.php?rest_route=\/wp\/v2\/users\/1"}],"replies":[{"embeddable":true,"href":"https:\/\/agromt.news\/index.php?rest_route=%2Fwp%2Fv2%2Fcomments&post=15837"}],"version-history":[{"count":0,"href":"https:\/\/agromt.news\/index.php?rest_route=\/wp\/v2\/posts\/15837\/revisions"}],"wp:featuredmedia":[{"embeddable":true,"href":"https:\/\/agromt.news\/index.php?rest_route=\/wp\/v2\/media\/15838"}],"wp:attachment":[{"href":"https:\/\/agromt.news\/index.php?rest_route=%2Fwp%2Fv2%2Fmedia&parent=15837"}],"wp:term":[{"taxonomy":"category","embeddable":true,"href":"https:\/\/agromt.news\/index.php?rest_route=%2Fwp%2Fv2%2Fcategories&post=15837"},{"taxonomy":"post_tag","embeddable":true,"href":"https:\/\/agromt.news\/index.php?rest_route=%2Fwp%2Fv2%2Ftags&post=15837"}],"curies":[{"name":"wp","href":"https:\/\/api.w.org\/{rel}","templated":true}]}}