{"id":15835,"date":"2025-06-29T14:20:08","date_gmt":"2025-06-29T18:20:08","guid":{"rendered":"https:\/\/agromt.news\/?p=15835"},"modified":"2025-06-29T14:20:08","modified_gmt":"2025-06-29T18:20:08","slug":"governo-assina-acordo-para-acelerar-regularizacao-fundiaria-de-19-milhao-de-hectares","status":"publish","type":"post","link":"https:\/\/agromt.news\/?p=15835","title":{"rendered":"Governo assina acordo para acelerar regulariza\u00e7\u00e3o fundi\u00e1ria de 1,9 milh\u00e3o de hectares"},"content":{"rendered":"<p> <br \/>\n<\/p>\n<div>\n<p>O presidente Luiz In\u00e1cio Lula da Silva e o governador do Tocantins, Wanderlei Barbosa, assinaram nesta \u00faltima sexta-feira (27) um Acordo de Coopera\u00e7\u00e3o T\u00e9cnica (ACT) que vai permitir atua\u00e7\u00e3o conjunta para acelerar a regulariza\u00e7\u00e3o fundi\u00e1ria de 1,9 milh\u00e3o de hectares \u2013 o equivalente a cerca de 7% do territ\u00f3rio do estado que atualmente pertence \u00e0 Uni\u00e3o.<\/p>\n<p>\u201cA iniciativa integrar\u00e1 sistemas de gest\u00e3o e agilizar\u00e1 a titula\u00e7\u00e3o de terras p\u00fablicas rurais e urbanas, envolvendo os Minist\u00e9rios da Gest\u00e3o e da Inova\u00e7\u00e3o em Servi\u00e7os P\u00fablicos, do Desenvolvimento Agr\u00e1rio e Agricultura Familiar, o Instituto Nacional de Coloniza\u00e7\u00e3o e Reforma Agr\u00e1ria <strong><a href=\"https:\/\/www.canalrural.com.br\/tag\/incra\/\">(Incra)<\/a><\/strong> e o Instituto de Terras do Tocantins (Itertins)\u201d, informou o Pal\u00e1cio do Planalto.<\/p>\n<p>A cerim\u00f4nia, no munic\u00edpio de Araguatins (TO), incluiu ainda a entrega de sete novos assentamentos com capacidade para beneficiar 896 fam\u00edlias; de 169 t\u00edtulos de regulariza\u00e7\u00e3o fundi\u00e1ria em terras p\u00fablicas federais para agricultores familiares; e de 17 t\u00edtulos de propriedade para assentados da reforma agr\u00e1ria.<\/p>\n<\/div>\n<div>\n<h2 class=\"wp-block-heading\" id=\"h-projetos-de-assentamento\">Projetos de assentamento<\/h2>\n<figure class=\"wp-block-image size-large\"><img fetchpriority=\"high\" decoding=\"async\" width=\"1024\" height=\"613\" alt=\"presidente Lula regulariza\u00e7\u00e3o fundi\u00e1ria Tocantins\" class=\"wp-image-4106717\"  data-lazy- src=\"https:\/\/agromt.news\/wp-content\/uploads\/2025\/06\/Governo-assina-acordo-para-acelerar-regularizacao-fundiaria-de-19-milhao.jpg\"\/><img decoding=\"async\" width=\"1024\" height=\"613\" src=\"https:\/\/agromt.news\/wp-content\/uploads\/2025\/06\/Governo-assina-acordo-para-acelerar-regularizacao-fundiaria-de-19-milhao.jpg\" alt=\"presidente Lula regulariza\u00e7\u00e3o fundi\u00e1ria Tocantins\" class=\"wp-image-4106717\"  \/><figcaption class=\"wp-element-caption\">Foto: Cl\u00e1udio Kbene\/PR<\/figcaption><\/figure>\n<p>Os sete Projetos de Assentamento (PAs) abrangem as seguintes \u00e1reas:<\/p>\n<ul class=\"wp-block-list\">\n<li>PA Taboca II (930 hectares, 39 unidades familiares);<\/li>\n<li>PA Recanto da Esperan\u00e7a (781 hectares, 57 unidades familiares);<\/li>\n<li>PA Recanto do Bebedouro (800 hectares, 50 unidades familiares);<\/li>\n<li>PA \u00c1guas Claras (1.162 hectares, 84 unidades familiares);<\/li>\n<li>PA Vit\u00f3ria IV (382 hectares, 20 unidades familiares);<\/li>\n<li>PA Santa Maria (4.943 hectares, 292 unidades familiares);<\/li>\n<li>PA Esmeralda (6.557 hectares, 354 unidades familiares).<\/li>\n<\/ul>\n<h2 class=\"wp-block-heading\" id=\"h-titulos-de-regularizacao\">T\u00edtulos de regulariza\u00e7\u00e3o<\/h2>\n<p>Tamb\u00e9m foram entregues 350 t\u00edtulos de regulariza\u00e7\u00e3o fundi\u00e1ria para moradores do munic\u00edpio de S\u00e3o Bento (TO). <\/p>\n<p>A a\u00e7\u00e3o permite que a prefeitura passe a emitir t\u00edtulos individuais, consolidando a posse dos terrenos onde as fam\u00edlias constru\u00edram casas. Esta \u00e9 a segunda entrega na localidade, de um total que deve beneficiar 1.028 fam\u00edlias.<\/p>\n<\/p><\/div>\n<p><br \/>\n<br \/><a href=\"https:\/\/www.canalrural.com.br\/agricultura\/governo-assina-acordo-para-acelerar-regularizacao-fundiaria-de-19-milhao-de-hectares\/\">Source link <\/a><\/p>\n","protected":false},"excerpt":{"rendered":"<p>O presidente Luiz In\u00e1cio Lula da Silva e o governador do Tocantins, Wanderlei Barbosa, assinaram nesta \u00faltima sexta-feira (27) um<\/p>\n","protected":false},"author":1,"featured_media":3454,"comment_status":"open","ping_status":"open","sticky":false,"template":"","format":"standard","meta":{"_monsterinsights_skip_tracking":false,"_monsterinsights_sitenote_active":false,"_monsterinsights_sitenote_note":"","_monsterinsights_sitenote_category":0,"_uf_show_specific_survey":0,"_uf_disable_surveys":false,"footnotes":""},"categories":[1],"tags":[],"class_list":["post-15835","post","type-post","status-publish","format-standard","has-post-thumbnail","hentry","category-news"],"_links":{"self":[{"href":"https:\/\/agromt.news\/index.php?rest_route=\/wp\/v2\/posts\/15835"}],"collection":[{"href":"https:\/\/agromt.news\/index.php?rest_route=\/wp\/v2\/posts"}],"about":[{"href":"https:\/\/agromt.news\/index.php?rest_route=\/wp\/v2\/types\/post"}],"author":[{"embeddable":true,"href":"https:\/\/agromt.news\/index.php?rest_route=\/wp\/v2\/users\/1"}],"replies":[{"embeddable":true,"href":"https:\/\/agromt.news\/index.php?rest_route=%2Fwp%2Fv2%2Fcomments&post=15835"}],"version-history":[{"count":0,"href":"https:\/\/agromt.news\/index.php?rest_route=\/wp\/v2\/posts\/15835\/revisions"}],"wp:featuredmedia":[{"embeddable":true,"href":"https:\/\/agromt.news\/index.php?rest_route=\/wp\/v2\/media\/3454"}],"wp:attachment":[{"href":"https:\/\/agromt.news\/index.php?rest_route=%2Fwp%2Fv2%2Fmedia&parent=15835"}],"wp:term":[{"taxonomy":"category","embeddable":true,"href":"https:\/\/agromt.news\/index.php?rest_route=%2Fwp%2Fv2%2Fcategories&post=15835"},{"taxonomy":"post_tag","embeddable":true,"href":"https:\/\/agromt.news\/index.php?rest_route=%2Fwp%2Fv2%2Ftags&post=15835"}],"curies":[{"name":"wp","href":"https:\/\/api.w.org\/{rel}","templated":true}]}}