{"id":15826,"date":"2025-06-29T11:42:02","date_gmt":"2025-06-29T15:42:02","guid":{"rendered":"https:\/\/agromt.news\/?p=15826"},"modified":"2025-06-29T11:42:02","modified_gmt":"2025-06-29T15:42:02","slug":"produtores-precisam-assumir-o-protagonismo-no-pacto-do-pantanal-defende-abpo","status":"publish","type":"post","link":"https:\/\/agromt.news\/?p=15826","title":{"rendered":"Produtores precisam assumir o protagonismo no Pacto do Pantanal, defende ABPO"},"content":{"rendered":"<p> <br \/>\n<\/p>\n<div>\n<p>Participar ativamente da consolida\u00e7\u00e3o do Pacto do Pantanal e de pol\u00edticas p\u00fablicas como o Programa de Pagamento por Servi\u00e7os Ambientais <strong><a href=\"https:\/\/www.canalrural.com.br\/tag\/psa\/\">(PSA)<\/a><\/strong>. Esse foi o apelo do empres\u00e1rio rural e diretor da Associa\u00e7\u00e3o Pantaneira de Pecu\u00e1ria Org\u00e2nica e Sustent\u00e1vel (ABPO), Leonardo Leite de Barros, aos produtores durante o terceiro dia do Pantanal Tech 2025, em Aquidauana, Mato Grosso do Sul. <\/p>\n<p>Ele participou do painel \u201cValoriza\u00e7\u00e3o da Pecu\u00e1ria Pantaneira\u201d, que reuniu especialistas em rastreabilidade, sustentabilidade e desenvolvimento territorial. Na ocasi\u00e3o, destacou que iniciativas como o PSA podem ser um diferencial de mercado para os produtos do Pantanal, mas que, para isso, \u00e9 necess\u00e1rio engajamento local e agilidade nas solu\u00e7\u00f5es t\u00e9cnicas.<\/p>\n<p>\u201cN\u00f3s pantaneiros temos de abra\u00e7ar os programas, como o Pacto do Pantanal, porque se n\u00e3o fizermos isso, vamos estar jogando fora a oportunidade da nossa vida\u201d, afirmou Barros, que tamb\u00e9m pontuou o potencial do PSA como ferramenta de marketing. \u201cO PSA vai ser instrumento de valoriza\u00e7\u00e3o do nosso produto. Mas, se n\u00e3o colocarmos isso no r\u00f3tulo, se n\u00e3o comunicarmos, ningu\u00e9m vai saber.\u201d<\/p>\n<h2 class=\"wp-block-heading\" id=\"h-sustentabilidade-adequada-a-realidade-tropical\">Sustentabilidade adequada \u00e0 realidade tropical<\/h2>\n<figure class=\"wp-block-image size-large\"><img fetchpriority=\"high\" decoding=\"async\" width=\"1024\" height=\"682\" alt=\"Leonardo Barros ABPO - produtor Pantanal\" class=\"wp-image-4106862\"  data-lazy- src=\"https:\/\/agromt.news\/wp-content\/uploads\/2025\/06\/Produtores-precisam-assumir-o-protagonismo-no-Pacto-do-Pantanal-defende.jpeg\"\/><img decoding=\"async\" width=\"1024\" height=\"682\" src=\"https:\/\/agromt.news\/wp-content\/uploads\/2025\/06\/Produtores-precisam-assumir-o-protagonismo-no-Pacto-do-Pantanal-defende.jpeg\" alt=\"Leonardo Barros ABPO - produtor Pantanal\" class=\"wp-image-4106862\"  \/><figcaption class=\"wp-element-caption\">Foto: Divulga\u00e7\u00e3o<\/figcaption><\/figure>\n<p>Na avalia\u00e7\u00e3o do produtor, o avan\u00e7o do desenvolvimento sustent\u00e1vel no bioma exige medidas pr\u00e1ticas e adequadas \u00e0 realidade tropical. Entre elas, o desenvolvimento de sementes para pastagens nativas, o que permitiria a restaura\u00e7\u00e3o e o manejo eficiente das \u00e1reas produtivas do Pantanal, com menor impacto ambiental.<\/p>\n<p>\u201cNo Pampa ga\u00facho, eles j\u00e1 avan\u00e7aram nisso. Precisamos fazer o mesmo aqui. Mas a semente tem que estar dispon\u00edvel, e isso ainda n\u00e3o est\u00e1 escalado. Eu sei que est\u00e1 em andamento, mas tem que correr.\u201d<\/p>\n<\/div>\n<div>\n<p>Outro ponto levantado pelo diretor da ABPO foi a aus\u00eancia de uma metodologia brasileira adaptada ao clima tropical para medir emiss\u00f5es de gases de efeito estufa na pecu\u00e1ria. Ele mencionou iniciativas do pesquisador Urbano Macedo, da Embrapa, como exemplo de estudos aplicados \u00e0 realidade pantaneira, mas refor\u00e7ou a urg\u00eancia de transformar ci\u00eancia em instrumento de mercado.<\/p>\n<blockquote class=\"wp-block-quote is-layout-flow wp-block-quote-is-layout-flow\">\n<p>\u201cA gente precisa colocar no nosso produto que ele \u00e9 carbono neutro ou de emiss\u00e3o reduzida. Mas se n\u00e3o existe metodologia tropical reconhecida, vamos continuar ouvindo e sendo medidos por padr\u00f5es de clima temperado. Cad\u00ea a academia?\u201d, questionou.<\/p>\n<\/blockquote>\n<p>Barros finalizou sua participa\u00e7\u00e3o refor\u00e7ando que, embora elogie os avan\u00e7os do governo estadual com o lan\u00e7amento do Pacto do Pantanal e do PSA, a efetividade dessas pol\u00edticas depende da atua\u00e7\u00e3o direta dos produtores rurais e da colabora\u00e7\u00e3o com universidades, institutos de pesquisa e entidades do setor.<\/p>\n<p>\u201cPol\u00edtica p\u00fablica, eu tenho que elogiar. Mas n\u00f3s precisamos participar ativamente para colocar de p\u00e9 essa quest\u00e3o do PSA. Se n\u00e3o for com o produtor junto, n\u00e3o vai funcionar.\u201d<\/p>\n<\/p><\/div>\n<p><br \/>\n<br \/><a href=\"https:\/\/www.canalrural.com.br\/sustentabilidade\/produtores-precisam-assumir-o-protagonismo-no-pacto-do-pantanal-defende-abpo\/\">Source link <\/a><\/p>\n","protected":false},"excerpt":{"rendered":"<p>Participar ativamente da consolida\u00e7\u00e3o do Pacto do Pantanal e de pol\u00edticas p\u00fablicas como o Programa de Pagamento por Servi\u00e7os Ambientais<\/p>\n","protected":false},"author":1,"featured_media":15827,"comment_status":"open","ping_status":"open","sticky":false,"template":"","format":"standard","meta":{"_monsterinsights_skip_tracking":false,"_monsterinsights_sitenote_active":false,"_monsterinsights_sitenote_note":"","_monsterinsights_sitenote_category":0,"_uf_show_specific_survey":0,"_uf_disable_surveys":false,"footnotes":""},"categories":[1],"tags":[],"class_list":["post-15826","post","type-post","status-publish","format-standard","has-post-thumbnail","hentry","category-news"],"_links":{"self":[{"href":"https:\/\/agromt.news\/index.php?rest_route=\/wp\/v2\/posts\/15826"}],"collection":[{"href":"https:\/\/agromt.news\/index.php?rest_route=\/wp\/v2\/posts"}],"about":[{"href":"https:\/\/agromt.news\/index.php?rest_route=\/wp\/v2\/types\/post"}],"author":[{"embeddable":true,"href":"https:\/\/agromt.news\/index.php?rest_route=\/wp\/v2\/users\/1"}],"replies":[{"embeddable":true,"href":"https:\/\/agromt.news\/index.php?rest_route=%2Fwp%2Fv2%2Fcomments&post=15826"}],"version-history":[{"count":0,"href":"https:\/\/agromt.news\/index.php?rest_route=\/wp\/v2\/posts\/15826\/revisions"}],"wp:featuredmedia":[{"embeddable":true,"href":"https:\/\/agromt.news\/index.php?rest_route=\/wp\/v2\/media\/15827"}],"wp:attachment":[{"href":"https:\/\/agromt.news\/index.php?rest_route=%2Fwp%2Fv2%2Fmedia&parent=15826"}],"wp:term":[{"taxonomy":"category","embeddable":true,"href":"https:\/\/agromt.news\/index.php?rest_route=%2Fwp%2Fv2%2Fcategories&post=15826"},{"taxonomy":"post_tag","embeddable":true,"href":"https:\/\/agromt.news\/index.php?rest_route=%2Fwp%2Fv2%2Ftags&post=15826"}],"curies":[{"name":"wp","href":"https:\/\/api.w.org\/{rel}","templated":true}]}}