{"id":15823,"date":"2025-06-29T10:37:36","date_gmt":"2025-06-29T14:37:36","guid":{"rendered":"https:\/\/agromt.news\/?p=15823"},"modified":"2025-06-29T10:37:36","modified_gmt":"2025-06-29T14:37:36","slug":"aves-sao-reintroduzidos-a-natureza-em-areas-de-usinas-de-acucar-e-alcool","status":"publish","type":"post","link":"https:\/\/agromt.news\/?p=15823","title":{"rendered":"Aves s\u00e3o reintroduzidos \u00e0 natureza em \u00e1reas de usinas de a\u00e7\u00facar e \u00e1lcool"},"content":{"rendered":"<p> <br \/>\n<br \/><img decoding=\"async\" src=\"https:\/\/agromt.news\/wp-content\/uploads\/2025\/06\/Aves-sao-reintroduzidos-a-natureza-em-areas-de-usinas-de.jpg\" \/><\/p>\n<div>\n<p>Em janeiro deste ano, 20 papagaios-chau\u00e1 (<em>Amazona rhodocorytha<\/em>), aves extintas em Alagoas, come\u00e7aram a ser reintroduzidos em uma reserva florestal de mil hectares situada em Coruripe, a 86,5 quil\u00f4metros de <a href=\"https:\/\/www.canalrural.com.br\/tag\/maceio\/\">Macei\u00f3<\/a> (AL). <\/p>\n<p>Nos pr\u00f3ximos meses, as aves devem ganhar a companhia de outros bichos, como o mutum-de-alagoas, al\u00e9m de jabutis e macucos.<\/p>\n<p>O objetivo da reintrodu\u00e7\u00e3o dessas esp\u00e9cies \u00e9 recompor a fauna que existia originalmente na \u00e1rea de Mata Atl\u00e2ntica, pertencente a uma usina de a\u00e7\u00facar e \u00e1lcool, a fim de restaurar a funcionalidade do ecossistema.<\/p>\n<p>\u201cEssa \u00e1rea onde estamos reintroduzindo esses animais possui a maior quantidade de pau-brasil nativo e apresenta dois grandes problemas. O primeiro \u00e9 o da reconex\u00e3o florestal, cuja solu\u00e7\u00e3o leva mais tempo, porque depende de plantar florestas. E o segundo, \u00e9 manter a floresta de p\u00e9 e viva, porque ela est\u00e1 colapsando, pois n\u00e3o tem animais dispersores de sementes\u201d, disse Lu\u00eds\u00a0F\u00e1bio Silveira, vice-diretor do <a href=\"https:\/\/www.canalrural.com.br\/tag\/usp\/\">Museu de Zoologia da USP<\/a> e coordenador do projeto.<\/p>\n<p>Segundo ele, por esses motivos os pesquisadores est\u00e3o soltando naquela \u00e1rea aves e jabutis\u00a0criados em cativeiro e que fazem a dispers\u00e3o das sementes para que a floresta se mantenha em p\u00e9, ao mesmo tempo em que iniciam os programas de reconex\u00e3o dos fragmentos florestais.<\/p>\n<h2 class=\"wp-block-heading\" id=\"h-processo-de-conversao-das-areas-para-as-aves\"><strong>Processo de convers\u00e3o<\/strong> das \u00e1reas para as aves<\/h2>\n<p>O processo de reivindica\u00e7\u00e3o envolveu o Minist\u00e9rio P\u00fablico, organiza\u00e7\u00f5es n\u00e3o governamentais (ONGs) e lideran\u00e7as locais, e demandou uma longa negocia\u00e7\u00e3o com os propriet\u00e1rios das terras, contou o pesquisador.<\/p>\n<p>A maioria dos fragmentos florestais de Alagoas \u00e9 propriedade privada, principalmente de usinas de a\u00e7\u00facar e \u00e1lcool, e n\u00e3o s\u00e3o grandes o suficiente para que o poder p\u00fablico os reivindique para transform\u00e1-los em reserva p\u00fablica, como um parque nacional ou reserva biol\u00f3gica.<\/p>\n<p>Diante dessa realidade, a estrat\u00e9gia adotada pelos pesquisadores foi conversar com o Minist\u00e9rio P\u00fablico (MP) e as ONGs locais para convencer os propriet\u00e1rios das usinas a transformar as \u00e1reas indicadas como priorit\u00e1rias para conserva\u00e7\u00e3o como Reserva Particular do Patrim\u00f4nio Natural (RPPN).<\/p>\n<\/div>\n<div>\n<p>\u201cEsse tipo de unidade de conserva\u00e7\u00e3o n\u00e3o \u00e9 t\u00e3o restritivo como as federais porque garante a perpetuidade da titularidade da \u00e1rea e, ao mesmo tempo, mant\u00e9m a floresta de p\u00e9, sem desmatamento\u201d, disse Silveira.<\/p>\n<p>Segundo Silveira, muitos propriet\u00e1rios de usinas gostaram da ideia porque permite melhorar seus \u00edndices de ESG (Ambiental, Social e Governan\u00e7a). Um obst\u00e1culo, contudo, foi a necessidade de os propriet\u00e1rios das usinas pagarem os custos para o registro em cart\u00f3rio dessas \u00e1reas como RPPN.<\/p>\n<p>Por meio de conversas com o Minist\u00e9rio P\u00fablico os pesquisadores conseguiram que os cart\u00f3rios de Alagoas isentassem as taxas. Por meio do projeto, foi poss\u00edvel criar mais de 5 mil hectares de \u00e1rea de Mata Atl\u00e2ntica protegida. <\/p>\n<h2 class=\"wp-block-heading\" id=\"h-envolvimento-da-comunidade\"><strong>Envolvimento da comunidade<\/strong><\/h2>\n<p>Uma das esp\u00e9cies protegidas por meio do programa, iniciado em 2018, foi o mutum-de-alagoas. Semelhante a uma galinha, o mutum-de-alagoas \u00e9 a maior ave terrestre do Nordeste brasileiro, com tamanho similar ao de um peru e peso em torno de 4 a 4,5 quilos. Em raz\u00e3o dessas caracter\u00edsticas, a ave, que se alimenta de frutas e s\u00f3 vive em \u00e1reas de floresta, foi muito ca\u00e7ada e, dessa forma, extinta da natureza h\u00e1 40 anos.<\/p>\n<p>\u201cN\u00e3o restava\u00a0nenhuma esp\u00e9cie desse animal na natureza no come\u00e7o da d\u00e9cada de 1990. S\u00f3 tr\u00eas representantes foram resgatados por um criador particular e decidimos ent\u00e3o us\u00e1-los para iniciar o projeto\u201d, contou Silveira.<\/p>\n<p>De acordo com Silveira, a ave foi uma das \u00fanicas esp\u00e9cies de animal extintas na natureza que retornaram ao seu h\u00e1bitat no continente americano nas \u00faltimas d\u00e9cadas. \u201cEssa foi uma das primeiras iniciativas nas Am\u00e9ricas. Outra na regi\u00e3o foi a de uma esp\u00e9cie de corvo que ocorre s\u00f3 no Hava\u00ed e tamb\u00e9m havia sido extinto\u201d, comparou.<\/p>\n<p>A reintrodu\u00e7\u00e3o da esp\u00e9cie causou uma onda de como\u00e7\u00e3o p\u00fablica, que resultou na cria\u00e7\u00e3o de blocos carnavalescos e de corridas de rua em homenagem \u00e0 ave, al\u00e9m de murais espalhados pela cidade e a decreta\u00e7\u00e3o pelo governo de Alagoas do mutum como a ave s\u00edmbolo do estado. A mesma como\u00e7\u00e3o tem sido observada em rela\u00e7\u00e3o \u00e0 reintrodu\u00e7\u00e3o do papagaio-chau\u00e1.<\/p>\n<p>As aves foram reintroduzidas ap\u00f3s serem mantidas por dois anos em um viveiro com 8 metros de altura, no meio da mata, para aclimata\u00e7\u00e3o, onde foram submetidas a testes f\u00edsicos e comportamentais.<\/p>\n<\/p><\/div>\n<p><br \/>\n<br \/><a href=\"https:\/\/www.canalrural.com.br\/sustentabilidade\/aves-sao-reintroduzidos-a-natureza-em-areas-de-usinas-de-acucar-e-alcool-alagoanas\/\">Source link <\/a><\/p>\n","protected":false},"excerpt":{"rendered":"<p>Em janeiro deste ano, 20 papagaios-chau\u00e1 (Amazona rhodocorytha), aves extintas em Alagoas, come\u00e7aram a ser reintroduzidos em uma reserva florestal<\/p>\n","protected":false},"author":1,"featured_media":15824,"comment_status":"open","ping_status":"open","sticky":false,"template":"","format":"standard","meta":{"_monsterinsights_skip_tracking":false,"_monsterinsights_sitenote_active":false,"_monsterinsights_sitenote_note":"","_monsterinsights_sitenote_category":0,"_uf_show_specific_survey":0,"_uf_disable_surveys":false,"footnotes":""},"categories":[1],"tags":[],"class_list":["post-15823","post","type-post","status-publish","format-standard","has-post-thumbnail","hentry","category-news"],"_links":{"self":[{"href":"https:\/\/agromt.news\/index.php?rest_route=\/wp\/v2\/posts\/15823"}],"collection":[{"href":"https:\/\/agromt.news\/index.php?rest_route=\/wp\/v2\/posts"}],"about":[{"href":"https:\/\/agromt.news\/index.php?rest_route=\/wp\/v2\/types\/post"}],"author":[{"embeddable":true,"href":"https:\/\/agromt.news\/index.php?rest_route=\/wp\/v2\/users\/1"}],"replies":[{"embeddable":true,"href":"https:\/\/agromt.news\/index.php?rest_route=%2Fwp%2Fv2%2Fcomments&post=15823"}],"version-history":[{"count":0,"href":"https:\/\/agromt.news\/index.php?rest_route=\/wp\/v2\/posts\/15823\/revisions"}],"wp:featuredmedia":[{"embeddable":true,"href":"https:\/\/agromt.news\/index.php?rest_route=\/wp\/v2\/media\/15824"}],"wp:attachment":[{"href":"https:\/\/agromt.news\/index.php?rest_route=%2Fwp%2Fv2%2Fmedia&parent=15823"}],"wp:term":[{"taxonomy":"category","embeddable":true,"href":"https:\/\/agromt.news\/index.php?rest_route=%2Fwp%2Fv2%2Fcategories&post=15823"},{"taxonomy":"post_tag","embeddable":true,"href":"https:\/\/agromt.news\/index.php?rest_route=%2Fwp%2Fv2%2Ftags&post=15823"}],"curies":[{"name":"wp","href":"https:\/\/api.w.org\/{rel}","templated":true}]}}