{"id":15822,"date":"2025-06-29T09:22:01","date_gmt":"2025-06-29T13:22:01","guid":{"rendered":"https:\/\/agromt.news\/?p=15822"},"modified":"2025-06-29T09:22:01","modified_gmt":"2025-06-29T13:22:01","slug":"canola-exige-replantio-em-areas-afetadas-por-chuvas","status":"publish","type":"post","link":"https:\/\/agromt.news\/?p=15822","title":{"rendered":"Canola exige replantio em \u00e1reas afetadas por chuvas"},"content":{"rendered":"<p> <br \/>\n<\/p>\n<div>\n<p style=\"text-align:justify\">O avan\u00e7o da semeadura da canola no Rio Grande do Sul foi interrompido pelas chuvas das \u00faltimas semanas, conforme aponta o Informativo Conjuntural da Emater\/RS-Ascar, divulgado na quinta-feira (26). Embora a maioria dos produtores tenha conclu\u00eddo o plantio nos per\u00edodos anteriores, os elevados volumes de precipita\u00e7\u00e3o comprometeram a emerg\u00eancia das plantas, principalmente nas \u00e1reas semeadas mais recentemente.&#13;\n<\/p>\n<p style=\"text-align:justify\">No Noroeste do estado, lavouras implantadas de forma precoce apresentam falhas no estande, causadas por emerg\u00eancia irregular e pela a\u00e7\u00e3o de pragas em pl\u00e2ntulas em fase de estabelecimento. \u201cEssa condi\u00e7\u00e3o pode comprometer o potencial produtivo das lavouras, mas ainda n\u00e3o \u00e9 poss\u00edvel mensurar as perdas\u201d, informou a Emater\/RS-Ascar.<\/p>\n<p style=\"text-align:justify\">A proje\u00e7\u00e3o da entidade \u00e9 de que a \u00e1rea cultivada atinja 203.206 hectares, com produtividade estimada em 1.737 quilos por hectare. Em compara\u00e7\u00e3o com a safra anterior, isso representa aumento de 37,41% na \u00e1rea plantada e de 22,56% na produtividade.<\/p>\n<p style=\"text-align:justify\">Na regi\u00e3o de Bag\u00e9, a estimativa de plantio \u00e9 de 25.995 hectares, dos quais 78% j\u00e1 foram semeados. No entanto, parte dessa \u00e1rea dever\u00e1 ser replantada devido aos impactos causados pelas fortes chuvas durante est\u00e1gios cr\u00edticos de germina\u00e7\u00e3o e emerg\u00eancia. Em Manoel Viana, apesar da conclus\u00e3o da semeadura nos 7.300 hectares previstos, amplas \u00e1reas demandam replantio por conta de enxurradas que arrastaram sementes, fertilizantes e solo.&#13;\n<\/p>\n<p style=\"text-align:justify\">Na regi\u00e3o de Frederico Westphalen, cerca de 65% das lavouras est\u00e3o em fase vegetativa, e 35% em flora\u00e7\u00e3o. Em Iju\u00ed, a semeadura foi finalizada, mas as chuvas impediram os tratos culturais. As plantas evolu\u00edram rapidamente para elonga\u00e7\u00e3o e in\u00edcio da infloresc\u00eancia, com maior densidade observada nas \u00e1reas semeadas entre o fim de maio e o in\u00edcio de junho.<\/p>\n<p style=\"text-align:justify\">Em Santa Maria, 92% das \u00e1reas foram semeadas, com predom\u00ednio do desenvolvimento vegetativo. Em Santa Rosa, 97% da \u00e1rea projetada foi semeada; 76% das lavouras est\u00e3o em desenvolvimento vegetativo e 24% em flora\u00e7\u00e3o, com alguns cultivos j\u00e1 iniciando o enchimento de gr\u00e3os.&#13;\n<\/p>\n<p style=\"text-align:justify\">Na regi\u00e3o de Soledade, a semeadura foi conclu\u00edda, mas as chuvas intensas causaram eros\u00e3o h\u00eddrica, prejudicando a fertilidade do solo em \u00e1reas de escoamento superficial.<\/p>\n<\/p><\/div>\n<p><script data-cfasync=\"false\">\n    !function (f, b, e, v, n, t, s) {\n        if (f.fbq) return; n = f.fbq = function () {\n            n.callMethod ?\n                n.callMethod.apply(n, arguments) : n.queue.push(arguments)\n        };\n        if (!f._fbq) f._fbq = n; n.push = n; n.loaded = !0; n.version = '2.0';\n        n.queue = []; t = b.createElement(e); t.async = !0;\n        t.src = v; s = b.getElementsByTagName(e)[0];\n        s.parentNode.insertBefore(t, s)\n    }(window, document, 'script',\n        'https:\/\/connect.facebook.net\/en_US\/fbevents.js');\n    fbq('init', '522546078623747');\n    fbq('track', 'PageView');\n<\/script><br \/>\n<br \/><br \/>\n<br \/><a href=\"https:\/\/www.agrolink.com.br\/noticias\/canola-exige-replantio-em-areas-afetadas-por-chuvas_503401.html\">Source link <\/a><\/p>\n","protected":false},"excerpt":{"rendered":"<p>O avan\u00e7o da semeadura da canola no Rio Grande do Sul foi interrompido pelas chuvas das \u00faltimas semanas, conforme aponta<\/p>\n","protected":false},"author":1,"featured_media":15032,"comment_status":"open","ping_status":"open","sticky":false,"template":"","format":"standard","meta":{"_monsterinsights_skip_tracking":false,"_monsterinsights_sitenote_active":false,"_monsterinsights_sitenote_note":"","_monsterinsights_sitenote_category":0,"_uf_show_specific_survey":0,"_uf_disable_surveys":false,"footnotes":""},"categories":[8,1,14],"tags":[],"class_list":["post-15822","post","type-post","status-publish","format-standard","has-post-thumbnail","hentry","category-agro","category-news","category-politica-agro"],"_links":{"self":[{"href":"https:\/\/agromt.news\/index.php?rest_route=\/wp\/v2\/posts\/15822"}],"collection":[{"href":"https:\/\/agromt.news\/index.php?rest_route=\/wp\/v2\/posts"}],"about":[{"href":"https:\/\/agromt.news\/index.php?rest_route=\/wp\/v2\/types\/post"}],"author":[{"embeddable":true,"href":"https:\/\/agromt.news\/index.php?rest_route=\/wp\/v2\/users\/1"}],"replies":[{"embeddable":true,"href":"https:\/\/agromt.news\/index.php?rest_route=%2Fwp%2Fv2%2Fcomments&post=15822"}],"version-history":[{"count":0,"href":"https:\/\/agromt.news\/index.php?rest_route=\/wp\/v2\/posts\/15822\/revisions"}],"wp:featuredmedia":[{"embeddable":true,"href":"https:\/\/agromt.news\/index.php?rest_route=\/wp\/v2\/media\/15032"}],"wp:attachment":[{"href":"https:\/\/agromt.news\/index.php?rest_route=%2Fwp%2Fv2%2Fmedia&parent=15822"}],"wp:term":[{"taxonomy":"category","embeddable":true,"href":"https:\/\/agromt.news\/index.php?rest_route=%2Fwp%2Fv2%2Fcategories&post=15822"},{"taxonomy":"post_tag","embeddable":true,"href":"https:\/\/agromt.news\/index.php?rest_route=%2Fwp%2Fv2%2Ftags&post=15822"}],"curies":[{"name":"wp","href":"https:\/\/api.w.org\/{rel}","templated":true}]}}