{"id":15820,"date":"2025-06-29T09:16:02","date_gmt":"2025-06-29T13:16:02","guid":{"rendered":"https:\/\/agromt.news\/?p=15820"},"modified":"2025-06-29T09:16:02","modified_gmt":"2025-06-29T13:16:02","slug":"casal-carioca-transforma-graos-de-cafe-em-produto-de-excelencia","status":"publish","type":"post","link":"https:\/\/agromt.news\/?p=15820","title":{"rendered":"Casal carioca transforma gr\u00e3os de caf\u00e9 em produto de excel\u00eancia"},"content":{"rendered":"<p> <br \/>\n<\/p>\n<div>\n<p>O aroma do caf\u00e9 passado na hora se mistura com o som da natureza, criando um clima de sonho realizado e de muitas conquistas que est\u00e3o por vir. Al\u00e9m disso, o cen\u00e1rio acolhedor de Puril\u00e2ndia, distrito de Porci\u00fancula (RJ), oferece mais do que sossego: proporciona um prop\u00f3sito.<\/p>\n<p>Produtora rural e agr\u00f4noma, Ana Regina Rocha Ribeiro Majzoub trocou o agito do Leblon (RJ) pela tranquilidade da ro\u00e7a. Desde ent\u00e3o, ela comanda o \u2018Caf\u00e9 Iranita\u2019 ao lado do marido, Suhail Majzoub, seguindo um neg\u00f3cio familiar que une tradi\u00e7\u00e3o, inova\u00e7\u00e3o e sabor.<\/p>\n<p>O nome da marca carrega ra\u00edzes afetivas. \u201cIrani era meu av\u00f4, e Nita, minha av\u00f3. Meu pai juntou os nomes e batizou a propriedade de Iranita. Por isso, \u2018Caf\u00e9 Iranita\u2019\u201d, conta Ana.<\/p>\n<p>A hist\u00f3ria come\u00e7a com seu pai, que, j\u00e1 aposentado, decidiu plantar <a href=\"https:\/\/www.canalrural.com.br\/diversos\/exportacoes-de-cafe-avancam-em-nivel-recorde-e-cotacoes-internas-do-robusta-caem\/\">caf\u00e9<\/a> em 1995. No entanto, o verdadeiro salto veio anos depois.<\/p>\n<h2 class=\"wp-block-heading\" id=\"h-de-commodity-a-cafe-especial-nbsp\">De commodity a caf\u00e9 especial\u00a0<\/h2>\n<p>Em 2005, ap\u00f3s o falecimento do pai, Ana Regina e Suhail decidiram assumir de vez a propriedade. A partir desse momento, a miss\u00e3o ficou clara: transformar o caf\u00e9 da fam\u00edlia em um produto diferenciado, capaz de contar uma hist\u00f3ria em cada x\u00edcara.<\/p>\n<p>\u201cNa \u00e9poca, a gente n\u00e3o tinha outra fonte de renda. Por esse motivo, precis\u00e1vamos viver do caf\u00e9 e, para isso, t\u00ednhamos que agregar valor\u201d, relembra a produtora.<\/p>\n<p>Assim, iniciou-se uma jornada de aprendizado e investimento. Com apoio t\u00e9cnico e muitos cursos, o casal mudou a forma de produ\u00e7\u00e3o: passaram a separar os gr\u00e3os por tipo e matura\u00e7\u00e3o, investiram em maquin\u00e1rio moderno e melhoraram os processos de beneficiamento.\u00a0\u00a0<\/p>\n<p>O resultado? Um caf\u00e9 mais arom\u00e1tico e muito mais valorizado.<\/p>\n<p>\u201cAntes, tudo era misturado. Agora, conseguimos colher o gr\u00e3o maduro, secar com cuidado, selecionar e torrar com precis\u00e3o. Dessa forma, garantimos um sabor e uma qualidade superiores\u201d, explica Ana.\u00a0\u00a0<\/p>\n<p>Atualmente, a produ\u00e7\u00e3o gira em torno de 200 sacas por safra, com foco nos caf\u00e9s especiais.<\/p>\n<\/div>\n<div>\n<figure class=\"wp-block-image size-large\"><img fetchpriority=\"high\" decoding=\"async\" width=\"1024\" height=\"768\" alt=\"Casal do Rio de Janeiro produtores de caf\u00e9 \" class=\"wp-image-4104557\"  data-lazy- src=\"https:\/\/agromt.news\/wp-content\/uploads\/2025\/06\/Casal-carioca-transforma-graos-de-cafe-em-produto-de-excelencia.jpeg\"\/><img decoding=\"async\" width=\"1024\" height=\"768\" src=\"https:\/\/agromt.news\/wp-content\/uploads\/2025\/06\/Casal-carioca-transforma-graos-de-cafe-em-produto-de-excelencia.jpeg\" alt=\"Casal do Rio de Janeiro produtores de caf\u00e9 \" class=\"wp-image-4104557\"  \/><figcaption class=\"wp-element-caption\">Ana Regina cuida da administra\u00e7\u00e3o e Suhail fica \u00e0 frente da produ\u00e7\u00e3o do \u2018Caf\u00e9 Iranita\u2019. Foto: Arquivo Pessoal. <\/figcaption><\/figure>\n<h2 class=\"wp-block-heading\" id=\"h-da-lavoura-ao-empacotamento-nbsp-nbsp\">Da lavoura ao empacotamento\u00a0\u00a0<\/h2>\n<p>Enquanto Suhail cuida do campo, Ana Regina comanda a gest\u00e3o e o planejamento do neg\u00f3cio. Com essa parceria, o \u2018<a href=\"https:\/\/www.instagram.com\/cafeiranita\/\">Caf\u00e9 Iranita<\/a>\u2018 j\u00e1 oferece tr\u00eas tipos de produtos: o caf\u00e9 especial, gourmet e o superior \u2014 certificados pela Associa\u00e7\u00e3o Brasileira da Ind\u00fastria de Caf\u00e9 (ABIC).<\/p>\n<p>Al\u00e9m disso, a vontade de inovar n\u00e3o para. Em breve, o casal vai lan\u00e7ar o Drip Coffee, uma vers\u00e3o pr\u00e1tica do caf\u00e9 coado na x\u00edcara, ideal para quem tem pressa, mas n\u00e3o abre m\u00e3o da qualidade.\u00a0\u201c\u00c9 s\u00f3 abrir, colocar na x\u00edcara e despejar \u00e1gua quente\u201d, conta Ana Regina.<\/p>\n<p>Por tr\u00e1s de tantas conquistas, h\u00e1 uma parceria essencial: o <a href=\"https:\/\/sites.rj.sebrae.com.br\/cursos-gratuitos\/\">Sebrae\/RJ<\/a>.<\/p>\n<p>\u201cO Sebrae foi nosso primeiro parceiro e continua com a gente at\u00e9 hoje. Por meio do SebraeTec, realizamos todas as consultorias\u201d, afirma Ana Regina.<\/p>\n<ul class=\"wp-block-list\">\n<li><em>Participe do Porteira Aberta Empreender: envie perguntas, sugest\u00f5es e conte sua hist\u00f3ria de empreendedorismo pelo<\/em><strong><em>\u00a0<\/em><\/strong><a href=\"https:\/\/api.whatsapp.com\/send?phone=5511932796720&amp;PorteiraAbertaEmpreender=SuaMensagem\"><strong><em>WhatsApp<\/em><\/strong><\/a>.<\/li>\n<\/ul>\n<h2 class=\"wp-block-heading\" id=\"h-de-purilandia-para-o-mundo\">De Puril\u00e2ndia para o mundo\u00a0\u00a0<\/h2>\n<p>Agora, a meta \u00e9 conquistar o mercado internacional. Ana Regina participa do programa Agro.BR, da ApexBrasil e CNA, que capacita produtores para exporta\u00e7\u00e3o.\u00a0\u00a0<\/p>\n<p>Entretanto, a ideia n\u00e3o \u00e9 vender sacas de caf\u00e9 cru: o objetivo \u00e9 exportar o produto final, empacotado e com a marca \u2018Caf\u00e9 Iranita\u2019 estampada na embalagem.\u00a0<\/p>\n<p>Al\u00e9m disso, o casal est\u00e1 envolvido em um projeto que pode colocar a regi\u00e3o no mapa dos caf\u00e9s com<a href=\"https:\/\/www.canalrural.com.br\/empreendedorismo\/cafe-de-torrinha-conquista-selo-de-indicacao-geografica\/\"> Indica\u00e7\u00e3o Geogr\u00e1fica<\/a> com o nome \u2018Caf\u00e9 do Alto Noroeste do Rio de Janeiro\u2019.\u00a0\u00a0<\/p>\n<p>A proposta, que inclui quatro munic\u00edpios, j\u00e1 est\u00e1 na fase final de an\u00e1lise para dar entrada no Instituto Nacional da Propriedade Industrial (INPI).<\/p>\n<h2 class=\"wp-block-heading\" id=\"h-dicas-de-quem-vive-o-cafe-nbsp-nbsp\">Dicas de quem vive o caf\u00e9\u00a0\u00a0<\/h2>\n<p>Para quem deseja seguir um caminho semelhante, Ana deixa conselhos valiosos: \u201cAntes de tudo, conhe\u00e7a bem o lugar onde vai plantar: clima, solo, altitude. Al\u00e9m disso, escolher a variedade certa \u00e9 fundamental. E, claro, contar com ajuda t\u00e9cnica \u00e9 indispens\u00e1vel, principalmente para quem est\u00e1 come\u00e7ando.\u201d<\/p>\n<\/p><\/div>\n<p><script async src=\"\/\/www.instagram.com\/embed.js\"><\/script><br \/>\n<br \/><br \/>\n<br \/><a href=\"https:\/\/www.canalrural.com.br\/empreendedorismo\/casal-carioca-transforma-graos-de-cafe-em-produto-de-excelencia\/\">Source link <\/a><\/p>\n","protected":false},"excerpt":{"rendered":"<p>O aroma do caf\u00e9 passado na hora se mistura com o som da natureza, criando um clima de sonho realizado<\/p>\n","protected":false},"author":1,"featured_media":15821,"comment_status":"open","ping_status":"open","sticky":false,"template":"","format":"standard","meta":{"_monsterinsights_skip_tracking":false,"_monsterinsights_sitenote_active":false,"_monsterinsights_sitenote_note":"","_monsterinsights_sitenote_category":0,"_uf_show_specific_survey":0,"_uf_disable_surveys":false,"footnotes":""},"categories":[1],"tags":[],"class_list":["post-15820","post","type-post","status-publish","format-standard","has-post-thumbnail","hentry","category-news"],"_links":{"self":[{"href":"https:\/\/agromt.news\/index.php?rest_route=\/wp\/v2\/posts\/15820"}],"collection":[{"href":"https:\/\/agromt.news\/index.php?rest_route=\/wp\/v2\/posts"}],"about":[{"href":"https:\/\/agromt.news\/index.php?rest_route=\/wp\/v2\/types\/post"}],"author":[{"embeddable":true,"href":"https:\/\/agromt.news\/index.php?rest_route=\/wp\/v2\/users\/1"}],"replies":[{"embeddable":true,"href":"https:\/\/agromt.news\/index.php?rest_route=%2Fwp%2Fv2%2Fcomments&post=15820"}],"version-history":[{"count":0,"href":"https:\/\/agromt.news\/index.php?rest_route=\/wp\/v2\/posts\/15820\/revisions"}],"wp:featuredmedia":[{"embeddable":true,"href":"https:\/\/agromt.news\/index.php?rest_route=\/wp\/v2\/media\/15821"}],"wp:attachment":[{"href":"https:\/\/agromt.news\/index.php?rest_route=%2Fwp%2Fv2%2Fmedia&parent=15820"}],"wp:term":[{"taxonomy":"category","embeddable":true,"href":"https:\/\/agromt.news\/index.php?rest_route=%2Fwp%2Fv2%2Fcategories&post=15820"},{"taxonomy":"post_tag","embeddable":true,"href":"https:\/\/agromt.news\/index.php?rest_route=%2Fwp%2Fv2%2Ftags&post=15820"}],"curies":[{"name":"wp","href":"https:\/\/api.w.org\/{rel}","templated":true}]}}