{"id":1582,"date":"2024-09-14T06:04:53","date_gmt":"2024-09-14T10:04:53","guid":{"rendered":"https:\/\/agromt.news\/?p=1582"},"modified":"2024-09-14T06:04:53","modified_gmt":"2024-09-14T10:04:53","slug":"estamos-em-um-ambiente-de-grandes-oportunidades-para-o-agro-mundial-destaca-o-ministro","status":"publish","type":"post","link":"https:\/\/agromt.news\/?p=1582","title":{"rendered":"&#8220;Estamos em um ambiente de grandes oportunidades para o agro mundial&#8221;, destaca o ministro"},"content":{"rendered":"<p> <br \/>\n<\/p>\n<div>\n<div class=\"row\">\n<div class=\"col-lg col-infos mt-3 mt-lg-0\">\n<div class=\"section-sub-title\">\n<p itemprop=\"description\">\nImport\u00e2ncia do di\u00e1logo para o com\u00e9rcio internacional\n<\/p>\n<\/div>\n<div class=\"container\">\n<div class=\"row\">\n<div class=\"col-lg p-0\">\n<div>\n<div class=\"block-news-main-infos mt-3 text-start\">\n<strong class=\"fn\" itemprop=\"author\" style=\"color: rgb(112, 112, 112); \"><br \/>\n<a href=\"https:\/\/www.gov.br\/agricultura\/pt-br\/assuntos\/noticias\/estamos-em-um-ambiente-de-grandes-oportunidades-para-o-agro-mundial-destaca-o-ministro-favaro-em-reuniao-com-o-ministro-da-espanha\" class=\"text-uppercase\" target=\"_blank\" style=\"color: rgb(112, 112, 112); \" rel=\"noopener\">MAPA<\/a><br \/>\n<\/strong><br \/>\n<br \/>\n<abbr><time datetime=\"2024-09-13T11:40\" itemprop=\"datePublished dateModified\">Publicado em 13\/09\/2024 \u00e0s 11:40h.<\/time><\/abbr><br \/>\n\n<\/div>\n<\/div>\n<\/div>\n<div class=\"col-lg p-0 text-lg-end\">\n<div>\n<div id=\"mdEnviarPagina\" class=\"modal fade\" role=\"dialog\">\n<div class=\"modal-dialog\">\n<div class=\"modal-content\">\n<div class=\"modal-body\">\n<p><strong>Estimado usu\u00e1rio.<\/strong><br \/>Preencha o formul\u00e1rio abaixo para remeter a p\u00e1gina.<\/p>\n<\/div>\n<\/div>\n<\/div>\n<\/div>\n<\/div>\n<\/div>\n<\/div>\n<\/div>\n<\/div>\n<\/div>\n<div class=\"row justify-content-md-center mt-3\">\n<div class=\"col-lg-auto col-image  block-news-main-image d-none d-md-block\">\n<img decoding=\"async\" src=\"https:\/\/www.agrolink.com.br\/upload\/imagens-resizes\/53c34d862f4b42f28bdc0c2710ae7ea3_858x483.jpg\" class=\"lazyload\"\/><br \/>\n<span class=\"publicity-photo d-block mt-1\">Foto: Mapa<\/span>\n<\/div>\n<\/div>\n<div class=\"section-description section-description-noticias mt-3\">\n<p style=\"text-align:justify\">Durante a reuni\u00e3o com o ministro da Agricultura, Pesca e Alimenta\u00e7\u00e3o da Espanha, Luis Planas Puchades, o ministro da Agricultura e Pecu\u00e1ria do Brasil, Carlos F\u00e1varo, ressaltou a import\u00e2ncia do di\u00e1logo para o com\u00e9rcio internacional, especialmente nas negocia\u00e7\u00f5es sobre quest\u00f5es sanit\u00e1rias e fitossanit\u00e1rias.\n<\/p>\n<p style=\"text-align:justify\">\u201cEssas reuni\u00f5es bilaterais s\u00e3o fundamentais para sincronizarmos os assuntos e, juntos, superarmos desafios comuns a todos. Estamos acompanhando o cen\u00e1rio e as lutas dos produtores europeus e espanh\u00f3is para se manterem competitivos diante das restri\u00e7\u00f5es impostas pelas mudan\u00e7as clim\u00e1ticas\u201d, disse F\u00e1varo, destacando que produtores de ambos os pa\u00edses enfrentam desafios semelhantes em rela\u00e7\u00e3o \u00e0s mudan\u00e7as clim\u00e1ticas.<\/p>\n<p style=\"text-align:justify\">As novas formas de produ\u00e7\u00e3o, com investimentos em tecnologias avan\u00e7adas e sustent\u00e1veis, tamb\u00e9m foram discutidas na reuni\u00e3o. F\u00e1varo mencionou o Programa Nacional de Convers\u00e3o de Pastagens Degradadas em Sistemas de Produ\u00e7\u00e3o Agropecu\u00e1ria e Florestais Sustent\u00e1veis (PNCPD), que visa a recupera\u00e7\u00e3o e convers\u00e3o de at\u00e9 40 milh\u00f5es de hectares de pastagens de baixa produtividade em \u00e1reas agricult\u00e1veis nos pr\u00f3ximos 10 anos.\n<\/p>\n<p style=\"text-align:justify\">\u201cO Brasil tem hoje 90 milh\u00f5es de hectares de pastagens em estado de degrada\u00e7\u00e3o, e esses 40 milh\u00f5es, tecnicamente comprovados pela Embrapa, s\u00e3o altamente vi\u00e1veis para a produ\u00e7\u00e3o de alimentos. Portanto, n\u00e3o \u00e9 necess\u00e1rio avan\u00e7ar sobre florestas para intensificar a produ\u00e7\u00e3o. Ao contr\u00e1rio, devemos reflorestar\u201d, afirmou o ministro.<\/p>\n<p style=\"text-align:justify\">O ministro F\u00e1varo tamb\u00e9m abordou na reuni\u00e3o a carta entregue ao comiss\u00e1rio europeu para Agricultura e Desenvolvimento Rural, Januz Wojciechowski. Na ocasi\u00e3o, solicitou apoio ao ministro espanhol.<\/p>\n<p style=\"text-align:justify\">\u201cEstamos em um ambiente de grandes oportunidades para o agroneg\u00f3cio mundial\u201d, concluiu F\u00e1varo.<\/p>\n<\/div>\n<\/div>\n<p><script data-cfasync=\"false\">\n    !function (f, b, e, v, n, t, s) {\n        if (f.fbq) return; n = f.fbq = function () {\n            n.callMethod ?\n                n.callMethod.apply(n, arguments) : n.queue.push(arguments)\n        };\n        if (!f._fbq) f._fbq = n; n.push = n; n.loaded = !0; n.version = '2.0';\n        n.queue = []; t = b.createElement(e); t.async = !0;\n        t.src = v; s = b.getElementsByTagName(e)[0];\n        s.parentNode.insertBefore(t, s)\n    }(window, document, 'script',\n        'https:\/\/connect.facebook.net\/en_US\/fbevents.js');\n    fbq('init', '522546078623747');\n    fbq('track', 'PageView');\n<\/script><br \/>\n<br \/><br \/>\n<br \/><a href=\"https:\/\/www.agrolink.com.br\/noticias\/-estamos-em-um-ambiente-de-grandes-oportunidades-para-o-agro-mundial---destaca-o-ministro_494934.html\">Source link <\/a><\/p>\n","protected":false},"excerpt":{"rendered":"<p>Import\u00e2ncia do di\u00e1logo para o com\u00e9rcio internacional MAPA Publicado em 13\/09\/2024 \u00e0s 11:40h. Estimado usu\u00e1rio.Preencha o formul\u00e1rio abaixo para remeter<\/p>\n","protected":false},"author":1,"featured_media":1583,"comment_status":"open","ping_status":"open","sticky":false,"template":"","format":"standard","meta":{"_monsterinsights_skip_tracking":false,"_monsterinsights_sitenote_active":false,"_monsterinsights_sitenote_note":"","_monsterinsights_sitenote_category":0,"_uf_show_specific_survey":0,"_uf_disable_surveys":false,"footnotes":""},"categories":[8,1,14],"tags":[],"class_list":["post-1582","post","type-post","status-publish","format-standard","has-post-thumbnail","hentry","category-agro","category-news","category-politica-agro"],"_links":{"self":[{"href":"https:\/\/agromt.news\/index.php?rest_route=\/wp\/v2\/posts\/1582"}],"collection":[{"href":"https:\/\/agromt.news\/index.php?rest_route=\/wp\/v2\/posts"}],"about":[{"href":"https:\/\/agromt.news\/index.php?rest_route=\/wp\/v2\/types\/post"}],"author":[{"embeddable":true,"href":"https:\/\/agromt.news\/index.php?rest_route=\/wp\/v2\/users\/1"}],"replies":[{"embeddable":true,"href":"https:\/\/agromt.news\/index.php?rest_route=%2Fwp%2Fv2%2Fcomments&post=1582"}],"version-history":[{"count":0,"href":"https:\/\/agromt.news\/index.php?rest_route=\/wp\/v2\/posts\/1582\/revisions"}],"wp:featuredmedia":[{"embeddable":true,"href":"https:\/\/agromt.news\/index.php?rest_route=\/wp\/v2\/media\/1583"}],"wp:attachment":[{"href":"https:\/\/agromt.news\/index.php?rest_route=%2Fwp%2Fv2%2Fmedia&parent=1582"}],"wp:term":[{"taxonomy":"category","embeddable":true,"href":"https:\/\/agromt.news\/index.php?rest_route=%2Fwp%2Fv2%2Fcategories&post=1582"},{"taxonomy":"post_tag","embeddable":true,"href":"https:\/\/agromt.news\/index.php?rest_route=%2Fwp%2Fv2%2Ftags&post=1582"}],"curies":[{"name":"wp","href":"https:\/\/api.w.org\/{rel}","templated":true}]}}