{"id":15815,"date":"2025-06-29T04:50:24","date_gmt":"2025-06-29T08:50:24","guid":{"rendered":"https:\/\/agromt.news\/?p=15815"},"modified":"2025-06-29T04:50:24","modified_gmt":"2025-06-29T08:50:24","slug":"chuvas-ganham-forca-em-alguns-estados-neste-domingo-confira-a-previsao-da-climatempo","status":"publish","type":"post","link":"https:\/\/agromt.news\/?p=15815","title":{"rendered":"Chuvas ganham for\u00e7a em alguns estados neste domingo; confira a previs\u00e3o da Climatempo"},"content":{"rendered":"<p> <br \/>\n<br \/><img decoding=\"async\" src=\"https:\/\/agromt.news\/wp-content\/uploads\/2024\/09\/1726500002_555_MS-e-o-momento-de-plantar-a-soja.jpg\" \/><\/p>\n<div>\n<p>Veja como o tempo fica neste domingo (29) em todas as regi\u00f5es do Brasil, de acordo com a an\u00e1lise dos meteorologistas da <strong><a href=\"https:\/\/www.canalrural.com.br\/autor\/climatempo\/\">Climatempo<\/a><\/strong>, e saiba onde vai ter chuva.<\/p>\n<div data-icp-cta=\"1\" id=\"icp-cta-unique\">Voc\u00ea quer entender como usar o clima a seu favor?<b> <\/b><a href=\"https:\/\/climacampo.canalrural.com.br\/climacampo_-01\">Preparamos um e-book exclusivo<\/a> para ajudar produtores rurais a se antecipar \u00e0s mudan\u00e7as do tempo e planejar melhor suas a\u00e7\u00f5es. Com base em previs\u00f5es meteorol\u00f3gicas confi\u00e1veis, ele oferece orienta\u00e7\u00f5es pr\u00e1ticas para proteger sua lavoura e otimizar seus resultados.<\/div>\n<h2 class=\"wp-block-heading\" id=\"h-como-fica-o-tempo-no-sul-hoje\">Como fica o tempo no Sul hoje<\/h2>\n<p>A chuva continua forte no norte do <strong><a href=\"https:\/\/www.canalrural.com.br\/nacional\/rio-grande-do-sul\/\">Rio Grande do Sul<\/a><\/strong>. A <strong>Grande Porto Alegre<\/strong> fica em alerta para temporais no decorrer do dia. Os volumes ser\u00e3o significativos no <strong>litoral m\u00e9dio e norte ga\u00facho<\/strong>. <\/p>\n<p>Tamb\u00e9m h\u00e1 pancadas fortes no <strong>oeste de Santa Catarina e no sudoeste do Paran\u00e1<\/strong>. A chuva perde for\u00e7a em <strong>Curitiba <\/strong>e no norte paranaense.<\/p>\n<h2 class=\"wp-block-heading\" id=\"h-como-fica-o-tempo-no-sudeste-hoje\">Como fica o tempo no Sudeste hoje<\/h2>\n<p>Pouca chuva vai atingir o <strong>Vale do Jequitinhonha, no nordeste de Minas e o leste e o norte do Esp\u00edrito Santo,<\/strong> pela entrada de umidade que vem do mar. <\/p>\n<p>As demais \u00e1reas do Sudeste ficam sem chuva; nas <strong>capitais de S\u00e3o Paulo e Rio de Janeiro, <\/strong>o calor retorna \u00e0 tarde.<\/p>\n<\/div>\n<div>\n<h2 class=\"wp-block-heading\" id=\"h-como-fica-o-tempo-no-centro-oeste-hoje\">Como fica o tempo no Centro-Oeste hoje<\/h2>\n<p>Pancadas no sudoeste e sul de <strong>Mato Grosso do Sul,<\/strong> com risco de raios e trovoadas \u2013 h\u00e1 potencial para temporais em <strong>Iguatemi, Dourados e Ponta Por\u00e3.<\/strong> O tempo fica firme em <strong>Campo Grande<\/strong>.<\/p>\n<p>O dia ser\u00e1 ensolarado, quente e seco em <strong>Mato Grosso, Goi\u00e1s e Distrito Federal.<\/strong><\/p>\n<h2 class=\"wp-block-heading\" id=\"h-como-fica-o-tempo-no-nordeste-hoje\">Como fica o tempo no Nordeste hoje<\/h2>\n<p>A Zona de Converg\u00eancia Intertropical (ZCIT) se aproxima mais da costa leste do regi\u00e3o. Com isso, a chuva aumenta no <strong>litoral do Maranh\u00e3o, Piau\u00ed, Cear\u00e1 e Rio Grande do Norte<\/strong>, com risco de pancadas forte e temporais. <\/p>\n<p>O dia continua abafado na <strong>costa leste do Nordeste, desde Salvador at\u00e9 Natal,<\/strong> com pancadas moderadas.<\/p>\n<h2 class=\"wp-block-heading\" id=\"h-como-fica-o-tempo-no-norte-hoje\">Como fica o tempo no Norte hoje<\/h2>\n<p>O tempo continua firme no <strong>Acre, sul de Rond\u00f4nia e do Par\u00e1<\/strong>, assim como no <strong>Tocantins<\/strong>. Chove forte no <strong>Amazonas, Roraima e Amap\u00e1<\/strong>, com risco para temporais e ventos fortes.<\/p>\n<\/p><\/div>\n<p><br \/>\n<br \/><a href=\"https:\/\/www.canalrural.com.br\/tempo\/chuvas-ganham-forca-em-alguns-estados-neste-domingo-confira-a-previsao-da-climatempo\/\">Source link <\/a><\/p>\n","protected":false},"excerpt":{"rendered":"<p>Veja como o tempo fica neste domingo (29) em todas as regi\u00f5es do Brasil, de acordo com a an\u00e1lise dos<\/p>\n","protected":false},"author":1,"featured_media":2374,"comment_status":"open","ping_status":"open","sticky":false,"template":"","format":"standard","meta":{"_monsterinsights_skip_tracking":false,"_monsterinsights_sitenote_active":false,"_monsterinsights_sitenote_note":"","_monsterinsights_sitenote_category":0,"_uf_show_specific_survey":0,"_uf_disable_surveys":false,"footnotes":""},"categories":[1],"tags":[],"class_list":["post-15815","post","type-post","status-publish","format-standard","has-post-thumbnail","hentry","category-news"],"_links":{"self":[{"href":"https:\/\/agromt.news\/index.php?rest_route=\/wp\/v2\/posts\/15815"}],"collection":[{"href":"https:\/\/agromt.news\/index.php?rest_route=\/wp\/v2\/posts"}],"about":[{"href":"https:\/\/agromt.news\/index.php?rest_route=\/wp\/v2\/types\/post"}],"author":[{"embeddable":true,"href":"https:\/\/agromt.news\/index.php?rest_route=\/wp\/v2\/users\/1"}],"replies":[{"embeddable":true,"href":"https:\/\/agromt.news\/index.php?rest_route=%2Fwp%2Fv2%2Fcomments&post=15815"}],"version-history":[{"count":0,"href":"https:\/\/agromt.news\/index.php?rest_route=\/wp\/v2\/posts\/15815\/revisions"}],"wp:featuredmedia":[{"embeddable":true,"href":"https:\/\/agromt.news\/index.php?rest_route=\/wp\/v2\/media\/2374"}],"wp:attachment":[{"href":"https:\/\/agromt.news\/index.php?rest_route=%2Fwp%2Fv2%2Fmedia&parent=15815"}],"wp:term":[{"taxonomy":"category","embeddable":true,"href":"https:\/\/agromt.news\/index.php?rest_route=%2Fwp%2Fv2%2Fcategories&post=15815"},{"taxonomy":"post_tag","embeddable":true,"href":"https:\/\/agromt.news\/index.php?rest_route=%2Fwp%2Fv2%2Ftags&post=15815"}],"curies":[{"name":"wp","href":"https:\/\/api.w.org\/{rel}","templated":true}]}}