{"id":15814,"date":"2025-06-29T03:30:06","date_gmt":"2025-06-29T07:30:06","guid":{"rendered":"https:\/\/agromt.news\/?p=15814"},"modified":"2025-06-29T03:30:06","modified_gmt":"2025-06-29T07:30:06","slug":"europa-registra-calor-de-42c-em-junho","status":"publish","type":"post","link":"https:\/\/agromt.news\/?p=15814","title":{"rendered":"Europa registra calor de 42\u00b0C em junho"},"content":{"rendered":"<p> <br \/>\n<\/p>\n<div>\n<div class=\"row\">\n<div class=\"col-lg col-infos mt-0 mt-lg-0\">\n<div class=\"section-sub-title\">\n<p itemprop=\"description\">&#13;<br \/>\n                                Safras de ver\u00e3o aceleram sob calor europeu&#13;\n                            <\/p>\n<\/p><\/div>\n<div class=\"container\">\n<div class=\"row\">\n<div class=\"col-lg p-0\">\n<div>\n<div class=\"block-news-main-infos mt-3 text-start\">\n<p>                                            <strong class=\"fn\" itemprop=\"author\" style=\"color: rgb(112, 112, 112); \">&#13;<br \/>\n                                                <a href=\"https:\/\/www.agrolink.com.br\/noticias\/javascript:;\" class=\"text-uppercase\" target=\"_blank\" style=\"color: rgb(112, 112, 112); \" rel=\"noopener\">Agrolink<\/a>&#13;<br \/>\n&#13;<br \/>\n                                                    &#8211; Seane Lennon&#13;<br \/>\n&#13;<br \/>\n                                            <\/strong><br \/>\n                                        <\/p>\n<p>                                            <abbr><time datetime=\"2025-06-27T15:39\" itemprop=\"datePublished dateModified\">Publicado em 27\/06\/2025 \u00e0s 15:39h.<\/time><\/abbr><br \/>\n                                            <\/p><\/div>\n<\/p><\/div>\n<\/p><\/div>\n<div class=\"col-lg p-0 text-lg-end\">\n<div>\n<div id=\"mdEnviarPagina\" class=\"modal fade\" role=\"dialog\">\n<div class=\"modal-dialog\">\n<div class=\"modal-content\">\n<div class=\"modal-body\">\n<p><strong>Estimado usu\u00e1rio.<\/strong><br \/>Preencha o formul\u00e1rio abaixo para remeter a p\u00e1gina.<\/p>\n<\/p><\/div>\n<\/p><\/div>\n<\/p><\/div>\n<\/div><\/div>\n<\/p><\/div>\n<\/p><\/div>\n<\/p><\/div>\n<\/p><\/div>\n<\/p><\/div>\n<div class=\"row justify-content-md-center mt-3\">\n<div class=\"col-lg-auto col-image block-news-main-image\">\n<p>                                <img decoding=\"async\" src=\"https:\/\/www.agrolink.com.br\/upload\/imagens-resizes\/baff80a8801f4d3696756c611614234e_858x483.jpg\" class=\"lazyload img-fluid\"\/><br \/>\n                                                <span class=\"publicity-photo d-block mt-1\">Foto: Canva<\/span><\/p><\/div>\n<\/p><\/div>\n<div class=\"section-description section-description-noticias mt-3\">\n<p style=\"text-align:justify\">O Departamento de Agricultura dos Estados Unidos (USDA) divulgou nesta ter\u00e7a-feira (24) o boletim Weekly Weather and Crop Bulletin, no qual aponta a intensifica\u00e7\u00e3o das condi\u00e7\u00f5es secas e quentes sobre o territ\u00f3rio europeu. A eleva\u00e7\u00e3o das temperaturas se estendeu para o leste do continente, enquanto chuvas precederam a onda de calor na Europa Central.&#13;\n<\/p>\n<p style=\"text-align:justify\">Uma ampla \u00e1rea de alta press\u00e3o foi respons\u00e1vel pelas temperaturas elevadas observadas na Espanha, onde os term\u00f4metros marcaram entre 35\u00b0C e 42\u00b0C, e em pa\u00edses vizinhos. A Fran\u00e7a registrou m\u00e1ximas entre 34\u00b0C e 38\u00b0C, enquanto o norte da It\u00e1lia apresentou varia\u00e7\u00f5es entre 33\u00b0C e 37\u00b0C. Esse cen\u00e1rio acelerou o avan\u00e7o das safras de ver\u00e3o rumo ao est\u00e1gio reprodutivo e, segundo o USDA, pode ter provocado estresse em lavouras de <a href=\"https:\/\/www.agrolink.com.br\/culturas\/algodao\/\" target=\"_blank\" rel=\"noopener\">algod\u00e3o<\/a> em flor na Andaluzia, no sul da Espanha. \u201cAs temperaturas m\u00e9dias semanais superaram os 30\u00b0C, limite considerado cr\u00edtico para o algod\u00e3o\u201d, informou o \u00f3rg\u00e3o.<\/p>\n<p style=\"text-align:justify\"><a href=\"https:\/\/www.agrolink.com.br\/agrotempo?utm_source=agrolink-detalhe-noticia&amp;utm_medium=detalhe-noticia&amp;utm_campaign=links-internos\" target=\"_blank\" rel=\"noopener\">Veja mais informa\u00e7\u00f5es sobre o clima em Agrotempo<\/a><\/p>\n<p style=\"text-align:justify\">O calor anormal, com at\u00e9 5\u00b0C acima da m\u00e9dia, atingiu tamb\u00e9m regi\u00f5es do norte da Europa, como Inglaterra e Alemanha, favorecendo a secagem e a colheita das culturas de inverno, al\u00e9m de acelerar o desenvolvimento dos gr\u00e3os de primavera e demais cultivos de ver\u00e3o.&#13;\n<\/p>\n<p style=\"text-align:justify\">Nos dias finais do per\u00edodo de monitoramento, o calor se espalhou pelo leste europeu. Entretanto, no in\u00edcio da semana, as temperaturas m\u00e9dias se mantiveram pr\u00f3ximas ao normal na faixa entre a Pol\u00f4nia e os B\u00e1lc\u00e3s.<\/p>\n<p style=\"text-align:justify\">A alta temperatura foi antecedida por chuvas e tempestades de intensidade variada, com volumes entre 1 mm e 65 mm, principalmente na Europa Central. Esse regime irregular de precipita\u00e7\u00f5es manteve a umidade do solo em n\u00edveis adequados para o suporte das culturas de inverno e vegetativas de ver\u00e3o. Contudo, o USDA alertou para a persist\u00eancia de tempo seco em \u00e1reas agr\u00edcolas importantes situadas entre a Hungria e o baixo Vale do Rio Dan\u00fabio, ainda que as m\u00e1ximas diurnas tenham permanecido abaixo dos n\u00edveis de estresse para as lavouras.<\/p>\n<\/p><\/div>\n<\/p><\/div>\n<p><script data-cfasync=\"false\">\n    !function (f, b, e, v, n, t, s) {\n        if (f.fbq) return; n = f.fbq = function () {\n            n.callMethod ?\n                n.callMethod.apply(n, arguments) : n.queue.push(arguments)\n        };\n        if (!f._fbq) f._fbq = n; n.push = n; n.loaded = !0; n.version = '2.0';\n        n.queue = []; t = b.createElement(e); t.async = !0;\n        t.src = v; s = b.getElementsByTagName(e)[0];\n        s.parentNode.insertBefore(t, s)\n    }(window, document, 'script',\n        'https:\/\/connect.facebook.net\/en_US\/fbevents.js');\n    fbq('init', '522546078623747');\n    fbq('track', 'PageView');\n<\/script><br \/>\n<br \/><br \/>\n<br \/><a href=\"https:\/\/www.agrolink.com.br\/noticias\/europa-registra-calor-de-ate-42-c-em-junho_503405.html\">Source link <\/a><\/p>\n","protected":false},"excerpt":{"rendered":"<p>&#13; Safras de ver\u00e3o aceleram sob calor europeu&#13; &#13; Agrolink&#13; &#13; &#8211; Seane Lennon&#13; &#13; Publicado em 27\/06\/2025 \u00e0s 15:39h.<\/p>\n","protected":false},"author":1,"featured_media":3129,"comment_status":"open","ping_status":"open","sticky":false,"template":"","format":"standard","meta":{"_monsterinsights_skip_tracking":false,"_monsterinsights_sitenote_active":false,"_monsterinsights_sitenote_note":"","_monsterinsights_sitenote_category":0,"_uf_show_specific_survey":0,"_uf_disable_surveys":false,"footnotes":""},"categories":[8,1,14],"tags":[],"class_list":["post-15814","post","type-post","status-publish","format-standard","has-post-thumbnail","hentry","category-agro","category-news","category-politica-agro"],"_links":{"self":[{"href":"https:\/\/agromt.news\/index.php?rest_route=\/wp\/v2\/posts\/15814"}],"collection":[{"href":"https:\/\/agromt.news\/index.php?rest_route=\/wp\/v2\/posts"}],"about":[{"href":"https:\/\/agromt.news\/index.php?rest_route=\/wp\/v2\/types\/post"}],"author":[{"embeddable":true,"href":"https:\/\/agromt.news\/index.php?rest_route=\/wp\/v2\/users\/1"}],"replies":[{"embeddable":true,"href":"https:\/\/agromt.news\/index.php?rest_route=%2Fwp%2Fv2%2Fcomments&post=15814"}],"version-history":[{"count":0,"href":"https:\/\/agromt.news\/index.php?rest_route=\/wp\/v2\/posts\/15814\/revisions"}],"wp:featuredmedia":[{"embeddable":true,"href":"https:\/\/agromt.news\/index.php?rest_route=\/wp\/v2\/media\/3129"}],"wp:attachment":[{"href":"https:\/\/agromt.news\/index.php?rest_route=%2Fwp%2Fv2%2Fmedia&parent=15814"}],"wp:term":[{"taxonomy":"category","embeddable":true,"href":"https:\/\/agromt.news\/index.php?rest_route=%2Fwp%2Fv2%2Fcategories&post=15814"},{"taxonomy":"post_tag","embeddable":true,"href":"https:\/\/agromt.news\/index.php?rest_route=%2Fwp%2Fv2%2Ftags&post=15814"}],"curies":[{"name":"wp","href":"https:\/\/api.w.org\/{rel}","templated":true}]}}