{"id":15810,"date":"2025-06-28T23:33:31","date_gmt":"2025-06-29T03:33:31","guid":{"rendered":"https:\/\/agromt.news\/?p=15810"},"modified":"2025-06-28T23:33:31","modified_gmt":"2025-06-29T03:33:31","slug":"producao-de-mel-sofre-perdas-com-o-inverno-gaucho","status":"publish","type":"post","link":"https:\/\/agromt.news\/?p=15810","title":{"rendered":"Produ\u00e7\u00e3o de mel sofre perdas com o inverno ga\u00facho"},"content":{"rendered":"<p> <br \/>\n<\/p>\n<div>\n<div class=\"row\">\n<div class=\"col-lg col-infos mt-0 mt-lg-0\">\n<div class=\"section-sub-title\">\n<p itemprop=\"description\">&#13;<br \/>\n                                Frio e chuva prejudicam apicultura no RS&#13;\n                            <\/p>\n<\/p><\/div>\n<div class=\"container\">\n<div class=\"row\">\n<div class=\"col-lg p-0\">\n<div>\n<div class=\"block-news-main-infos mt-3 text-start\">\n<p>                                            <strong class=\"fn\" itemprop=\"author\" style=\"color: rgb(112, 112, 112); \">&#13;<br \/>\n                                                <a href=\"https:\/\/www.agrolink.com.br\/noticias\/javascript:;\" class=\"text-uppercase\" target=\"_blank\" style=\"color: rgb(112, 112, 112); \" rel=\"noopener\">Agrolink<\/a>&#13;<br \/>\n&#13;<br \/>\n                                                    &#8211; Seane Lennon&#13;<br \/>\n&#13;<br \/>\n                                            <\/strong><br \/>\n                                        <\/p>\n<p>                                            <abbr><time datetime=\"2025-06-27T15:45\" itemprop=\"datePublished dateModified\">Publicado em 27\/06\/2025 \u00e0s 15:45h.<\/time><\/abbr><br \/>\n                                            <\/p><\/div>\n<\/p><\/div>\n<\/p><\/div>\n<div class=\"col-lg p-0 text-lg-end\">\n<div>\n<div id=\"mdEnviarPagina\" class=\"modal fade\" role=\"dialog\">\n<div class=\"modal-dialog\">\n<div class=\"modal-content\">\n<div class=\"modal-body\">\n<p><strong>Estimado usu\u00e1rio.<\/strong><br \/>Preencha o formul\u00e1rio abaixo para remeter a p\u00e1gina.<\/p>\n<\/p><\/div>\n<\/p><\/div>\n<\/p><\/div>\n<\/div><\/div>\n<\/p><\/div>\n<\/p><\/div>\n<\/p><\/div>\n<\/p><\/div>\n<\/p><\/div>\n<div class=\"row justify-content-md-center mt-3\">\n<div class=\"col-lg-auto col-image block-news-main-image\">\n<p>                                <img decoding=\"async\" src=\"https:\/\/www.agrolink.com.br\/upload\/imagens-resizes\/f85adbeed3434bb3bc4f4c615a440afe_858x483.jpg\" class=\"lazyload img-fluid\"\/><br \/>\n                                                <span class=\"publicity-photo d-block mt-1\">Foto: Pixabay<\/span><\/p><\/div>\n<\/p><\/div>\n<div class=\"section-description section-description-noticias mt-3\">\n<p style=\"text-align:justify\">O clima adverso no Rio Grande do Sul impactou a atividade ap\u00edcola no estado. De acordo com o Informativo Conjuntural divulgado pela Emater\/RS-Ascar na quinta-feira (26), o frio intenso e as chuvas frequentes provocaram a redu\u00e7\u00e3o da atividade das abelhas, das floradas e da produ\u00e7\u00e3o de mel. Tamb\u00e9m foram registrados confinamento prolongado dos enxames, decl\u00ednio populacional das colmeias e necessidade de suplementa\u00e7\u00e3o alimentar.&#13;\n<\/p>\n<p style=\"text-align:justify\">Na regi\u00e3o de Bag\u00e9, as chuvas obrigaram a retirada emergencial de api\u00e1rios instalados em \u00e1reas alagadas. Al\u00e9m disso, o confinamento das abelhas provocou consumo elevado das reservas alimentares nas colmeias. Em Caxias do Sul, os apicultores adotaram manejo alimentar e estrutural das colmeias para garantir a manuten\u00e7\u00e3o dos enxames.<\/p>\n<p style=\"text-align:justify\">Em Erechim, os produtores optaram pela unifica\u00e7\u00e3o de colmeias e aplica\u00e7\u00e3o de cuidados preventivos. Em Frederico Westphalen, foram utilizadas t\u00e9cnicas de controle t\u00e9rmico, al\u00e9m de a\u00e7\u00f5es sanit\u00e1rias e controle da praga varroa. J\u00e1 em Lajeado, as colmeias apresentaram bom preparo para o per\u00edodo de inverno.&#13;\n<\/p>\n<p style=\"text-align:justify\">No munic\u00edpio de Passo Fundo, mesmo com aumento da demanda por mel no inverno, as vendas seguem em volume reduzido e pre\u00e7os est\u00e1veis. Em Pelotas, a colheita est\u00e1 na fase final, com produtividade variando de acordo com a mortalidade dos enxames e o uso de agrot\u00f3xicos. Os pre\u00e7os permanecem est\u00e1veis, com leve tend\u00eancia de queda nas regi\u00f5es com maior oferta.<\/p>\n<p style=\"text-align:justify\">Em Santa Maria, as enchentes e temperaturas baixas interromperam a colheita e causaram perdas de colmeias, embora a comercializa\u00e7\u00e3o siga ativa. Em Santa Rosa, os apicultores iniciaram a alimenta\u00e7\u00e3o de inverno e instalaram coberturas pl\u00e1sticas nas colmeias. Na regi\u00e3o de Soledade, as condi\u00e7\u00f5es clim\u00e1ticas exigem monitoramento cont\u00ednuo dos enxames e suplementa\u00e7\u00e3o alimentar frequente.&#13;\n<\/p>\n<\/p><\/div>\n<\/p><\/div>\n<p><script data-cfasync=\"false\">\n    !function (f, b, e, v, n, t, s) {\n        if (f.fbq) return; n = f.fbq = function () {\n            n.callMethod ?\n                n.callMethod.apply(n, arguments) : n.queue.push(arguments)\n        };\n        if (!f._fbq) f._fbq = n; n.push = n; n.loaded = !0; n.version = '2.0';\n        n.queue = []; t = b.createElement(e); t.async = !0;\n        t.src = v; s = b.getElementsByTagName(e)[0];\n        s.parentNode.insertBefore(t, s)\n    }(window, document, 'script',\n        'https:\/\/connect.facebook.net\/en_US\/fbevents.js');\n    fbq('init', '522546078623747');\n    fbq('track', 'PageView');\n<\/script><br \/>\n<br \/><br \/>\n<br \/><a href=\"https:\/\/www.agrolink.com.br\/noticias\/producao-de-mel-sofre-perdas-com-o-inverno-gaucho_503407.html\">Source link <\/a><\/p>\n","protected":false},"excerpt":{"rendered":"<p>&#13; Frio e chuva prejudicam apicultura no RS&#13; &#13; Agrolink&#13; &#13; &#8211; Seane Lennon&#13; &#13; Publicado em 27\/06\/2025 \u00e0s 15:45h.<\/p>\n","protected":false},"author":1,"featured_media":15811,"comment_status":"open","ping_status":"open","sticky":false,"template":"","format":"standard","meta":{"_monsterinsights_skip_tracking":false,"_monsterinsights_sitenote_active":false,"_monsterinsights_sitenote_note":"","_monsterinsights_sitenote_category":0,"_uf_show_specific_survey":0,"_uf_disable_surveys":false,"footnotes":""},"categories":[8,1,14],"tags":[],"class_list":["post-15810","post","type-post","status-publish","format-standard","has-post-thumbnail","hentry","category-agro","category-news","category-politica-agro"],"_links":{"self":[{"href":"https:\/\/agromt.news\/index.php?rest_route=\/wp\/v2\/posts\/15810"}],"collection":[{"href":"https:\/\/agromt.news\/index.php?rest_route=\/wp\/v2\/posts"}],"about":[{"href":"https:\/\/agromt.news\/index.php?rest_route=\/wp\/v2\/types\/post"}],"author":[{"embeddable":true,"href":"https:\/\/agromt.news\/index.php?rest_route=\/wp\/v2\/users\/1"}],"replies":[{"embeddable":true,"href":"https:\/\/agromt.news\/index.php?rest_route=%2Fwp%2Fv2%2Fcomments&post=15810"}],"version-history":[{"count":0,"href":"https:\/\/agromt.news\/index.php?rest_route=\/wp\/v2\/posts\/15810\/revisions"}],"wp:featuredmedia":[{"embeddable":true,"href":"https:\/\/agromt.news\/index.php?rest_route=\/wp\/v2\/media\/15811"}],"wp:attachment":[{"href":"https:\/\/agromt.news\/index.php?rest_route=%2Fwp%2Fv2%2Fmedia&parent=15810"}],"wp:term":[{"taxonomy":"category","embeddable":true,"href":"https:\/\/agromt.news\/index.php?rest_route=%2Fwp%2Fv2%2Fcategories&post=15810"},{"taxonomy":"post_tag","embeddable":true,"href":"https:\/\/agromt.news\/index.php?rest_route=%2Fwp%2Fv2%2Ftags&post=15810"}],"curies":[{"name":"wp","href":"https:\/\/api.w.org\/{rel}","templated":true}]}}