{"id":15807,"date":"2025-06-28T19:42:31","date_gmt":"2025-06-28T23:42:31","guid":{"rendered":"https:\/\/agromt.news\/?p=15807"},"modified":"2025-06-28T19:42:31","modified_gmt":"2025-06-28T23:42:31","slug":"guaiba-pode-voltar-a-cota-de-inundacao-no-domingo-29-alerta-iph-ufrgs","status":"publish","type":"post","link":"https:\/\/agromt.news\/?p=15807","title":{"rendered":"Gua\u00edba pode voltar \u00e0 cota de inunda\u00e7\u00e3o no domingo (29), alerta IPH\/UFRGS"},"content":{"rendered":"<p> <br \/>\n<\/p>\n<div>\n<div class=\"row\">\n<div class=\"col-lg col-infos mt-0 mt-lg-0\">\n<div class=\"section-sub-title\">\n<p itemprop=\"description\">&#13;<br \/>\n                                N\u00edvel do Gua\u00edba deve subir novamente com chuvas e ventos no RS&#13;\n                            <\/p>\n<\/p><\/div>\n<div class=\"container\">\n<div class=\"row\">\n<div class=\"col-lg p-0\">\n<div>\n<div class=\"block-news-main-infos mt-3 text-start\">\n<p>                                            <strong class=\"fn\" itemprop=\"author\" style=\"color: rgb(112, 112, 112); \">&#13;<br \/>\n                                                <a href=\"https:\/\/www.agrolink.com.br\/noticias\/javascript:;\" class=\"text-uppercase\" target=\"_blank\" style=\"color: rgb(112, 112, 112); \" rel=\"noopener\">Agrolink<\/a>&#13;<br \/>\n&#13;<br \/>\n                                                    &#8211; Aline Merladete&#13;<br \/>\n&#13;<br \/>\n                                            <\/strong><br \/>\n                                        <\/p>\n<p>                                            <abbr><time datetime=\"2025-06-27T16:33\" itemprop=\"datePublished dateModified\">Publicado em 27\/06\/2025 \u00e0s 16:33h.<\/time><\/abbr><br \/>\n                                            <\/p><\/div>\n<\/p><\/div>\n<\/p><\/div>\n<div class=\"col-lg p-0 text-lg-end\">\n<div>\n<div id=\"mdEnviarPagina\" class=\"modal fade\" role=\"dialog\">\n<div class=\"modal-dialog\">\n<div class=\"modal-content\">\n<div class=\"modal-body\">\n<p><strong>Estimado usu\u00e1rio.<\/strong><br \/>Preencha o formul\u00e1rio abaixo para remeter a p\u00e1gina.<\/p>\n<\/p><\/div>\n<\/p><\/div>\n<\/p><\/div>\n<\/div><\/div>\n<\/p><\/div>\n<\/p><\/div>\n<\/p><\/div>\n<\/p><\/div>\n<\/p><\/div>\n<div class=\"row justify-content-md-center mt-3\">\n<div class=\"col-lg-auto col-image block-news-main-image\">\n<p>                                <img decoding=\"async\" src=\"https:\/\/www.agrolink.com.br\/upload\/imagens-resizes\/0138b37847894e7a937d4af4fab369b2_858x483.jpg\" class=\"lazyload img-fluid\"\/><br \/>\n                                                <span class=\"publicity-photo d-block mt-1\">Foto: Redes Sociais<\/span><\/p><\/div>\n<\/p><\/div>\n<div class=\"section-description section-description-noticias mt-3\">\n<p style=\"text-align:justify\">Ap\u00f3s um per\u00edodo de lenta redu\u00e7\u00e3o no n\u00edvel da \u00e1gua, o Lago Gua\u00edba pode voltar a registrar inunda\u00e7\u00f5es a partir deste domingo (29), segundo proje\u00e7\u00f5es divulgadas nesta sexta-feira (27) pelo Instituto de Pesquisas Hidr\u00e1ulicas (IPH) da UFRGS. \u00c0s 12h15, a r\u00e9gua da Usina do Gas\u00f4metro marcava 3,30 metros \u2014 em queda nas \u00faltimas 24 horas \u2014, mas os modelos indicam nova eleva\u00e7\u00e3o nos pr\u00f3ximos dias, impulsionada por chuvas intensas e ventos fortes.&#13;\n<\/p>\n<p style=\"text-align:justify\">De acordo com o Grupo de Pesquisas em Hidrologia de Grande Escala (HGE), vinculado ao IPH\/UFRGS, h\u00e1 possibilidade de o n\u00edvel atingir novamente a cota de inunda\u00e7\u00e3o (3,6 metros) durante a semana que vem. A expectativa \u00e9 de que os efeitos do mau tempo sejam sentidos j\u00e1 no domingo, com ondas e r\u00e1pida eleva\u00e7\u00e3o do n\u00edvel d\u2019\u00e1gua causadas pela a\u00e7\u00e3o dos ventos.<\/p>\n<p style=\"text-align:justify\">O instituto refor\u00e7a o alerta para o risco de alagamentos nas \u00e1reas urbanas de Porto Alegre e regi\u00f5es vizinhas. A popula\u00e7\u00e3o deve ficar atenta \u00e0s atualiza\u00e7\u00f5es meteorol\u00f3gicas e, principalmente, \u00e0s orienta\u00e7\u00f5es da Defesa Civil. As previs\u00f5es indicam que o volume de precipita\u00e7\u00e3o no final de semana ser\u00e1 significativo, o que pode impactar diretamente o sistema de drenagem das cidades.&#13;\n<\/p>\n<p style=\"text-align:justify\">O IPH\/UFRGS mant\u00e9m o monitoramento e deve divulgar novos boletins conforme o avan\u00e7o das condi\u00e7\u00f5es meteorol\u00f3gicas. A recomenda\u00e7\u00e3o \u00e9 redobrar os cuidados em \u00e1reas de risco, evitar deslocamentos desnecess\u00e1rios durante as chuvas e acompanhar os canais oficiais de comunica\u00e7\u00e3o das autoridades.<\/p>\n<\/p><\/div>\n<\/p><\/div>\n<p><script data-cfasync=\"false\">\n    !function (f, b, e, v, n, t, s) {\n        if (f.fbq) return; n = f.fbq = function () {\n            n.callMethod ?\n                n.callMethod.apply(n, arguments) : n.queue.push(arguments)\n        };\n        if (!f._fbq) f._fbq = n; n.push = n; n.loaded = !0; n.version = '2.0';\n        n.queue = []; t = b.createElement(e); t.async = !0;\n        t.src = v; s = b.getElementsByTagName(e)[0];\n        s.parentNode.insertBefore(t, s)\n    }(window, document, 'script',\n        'https:\/\/connect.facebook.net\/en_US\/fbevents.js');\n    fbq('init', '522546078623747');\n    fbq('track', 'PageView');\n<\/script><br \/>\n<br \/><br \/>\n<br \/><a href=\"https:\/\/www.agrolink.com.br\/noticias\/guaiba-pode-voltar-a-cota-de-inundacao-no-domingo--29---alerta-iph-ufrgs_503410.html\">Source link <\/a><\/p>\n","protected":false},"excerpt":{"rendered":"<p>&#13; N\u00edvel do Gua\u00edba deve subir novamente com chuvas e ventos no RS&#13; &#13; Agrolink&#13; &#13; &#8211; Aline Merladete&#13; &#13;<\/p>\n","protected":false},"author":1,"featured_media":15808,"comment_status":"open","ping_status":"open","sticky":false,"template":"","format":"standard","meta":{"_monsterinsights_skip_tracking":false,"_monsterinsights_sitenote_active":false,"_monsterinsights_sitenote_note":"","_monsterinsights_sitenote_category":0,"_uf_show_specific_survey":0,"_uf_disable_surveys":false,"footnotes":""},"categories":[8,1,14],"tags":[],"class_list":["post-15807","post","type-post","status-publish","format-standard","has-post-thumbnail","hentry","category-agro","category-news","category-politica-agro"],"_links":{"self":[{"href":"https:\/\/agromt.news\/index.php?rest_route=\/wp\/v2\/posts\/15807"}],"collection":[{"href":"https:\/\/agromt.news\/index.php?rest_route=\/wp\/v2\/posts"}],"about":[{"href":"https:\/\/agromt.news\/index.php?rest_route=\/wp\/v2\/types\/post"}],"author":[{"embeddable":true,"href":"https:\/\/agromt.news\/index.php?rest_route=\/wp\/v2\/users\/1"}],"replies":[{"embeddable":true,"href":"https:\/\/agromt.news\/index.php?rest_route=%2Fwp%2Fv2%2Fcomments&post=15807"}],"version-history":[{"count":0,"href":"https:\/\/agromt.news\/index.php?rest_route=\/wp\/v2\/posts\/15807\/revisions"}],"wp:featuredmedia":[{"embeddable":true,"href":"https:\/\/agromt.news\/index.php?rest_route=\/wp\/v2\/media\/15808"}],"wp:attachment":[{"href":"https:\/\/agromt.news\/index.php?rest_route=%2Fwp%2Fv2%2Fmedia&parent=15807"}],"wp:term":[{"taxonomy":"category","embeddable":true,"href":"https:\/\/agromt.news\/index.php?rest_route=%2Fwp%2Fv2%2Fcategories&post=15807"},{"taxonomy":"post_tag","embeddable":true,"href":"https:\/\/agromt.news\/index.php?rest_route=%2Fwp%2Fv2%2Ftags&post=15807"}],"curies":[{"name":"wp","href":"https:\/\/api.w.org\/{rel}","templated":true}]}}