{"id":1580,"date":"2024-09-14T03:32:21","date_gmt":"2024-09-14T07:32:21","guid":{"rendered":"https:\/\/agromt.news\/?p=1580"},"modified":"2024-09-14T03:32:21","modified_gmt":"2024-09-14T07:32:21","slug":"preco-da-laranja-pera-sobe-com-oferta-limitada-e-previsao-de-safra-menor","status":"publish","type":"post","link":"https:\/\/agromt.news\/?p=1580","title":{"rendered":"Pre\u00e7o da laranja pera sobe com oferta limitada e previs\u00e3o de safra menor"},"content":{"rendered":"<p> <br \/>\n<\/p>\n<div>\n<div class=\"row\">\n<div class=\"col-lg col-infos mt-3 mt-lg-0\">\n<div class=\"section-sub-title\">\n<p itemprop=\"description\">\nDemanda aquecida foi impulsionada pelas altas temperaturas\n<\/p>\n<\/div>\n<div class=\"container\">\n<div class=\"row\">\n<div class=\"col-lg p-0\">\n<div>\n<div class=\"block-news-main-infos mt-3 text-start\">\n<strong class=\"fn\" itemprop=\"author\" style=\"color: rgb(112, 112, 112); \"><br \/>\n<a href=\"https:\/\/www.agrolink.com.br\/noticias\/javascript:;\" class=\"text-uppercase\" target=\"_blank\" style=\"color: rgb(112, 112, 112); \" rel=\"noopener\">Agrolink<\/a><br \/>\n&#8211; Aline Merladete<br \/>\n<\/strong><br \/>\n<br \/>\n<abbr><time datetime=\"2024-09-13T13:06\" itemprop=\"datePublished dateModified\">Publicado em 13\/09\/2024 \u00e0s 13:06h.<\/time><\/abbr><br \/>\n\n<\/div>\n<\/div>\n<\/div>\n<div class=\"col-lg p-0 text-lg-end\">\n<div>\n<div id=\"mdEnviarPagina\" class=\"modal fade\" role=\"dialog\">\n<div class=\"modal-dialog\">\n<div class=\"modal-content\">\n<div class=\"modal-body\">\n<p><strong>Estimado usu\u00e1rio.<\/strong><br \/>Preencha o formul\u00e1rio abaixo para remeter a p\u00e1gina.<\/p>\n<\/div>\n<\/div>\n<\/div>\n<\/div>\n<\/div>\n<\/div>\n<\/div>\n<\/div>\n<\/div>\n<\/div>\n<div class=\"row justify-content-md-center mt-3\">\n<div class=\"col-lg-auto col-image  block-news-main-image d-none d-md-block\">\n<img decoding=\"async\" src=\"https:\/\/www.agrolink.com.br\/upload\/imagens-resizes\/a35e24c861884b6ab6957d48388e6989_858x483.jpg\" class=\"lazyload\"\/><br \/>\n<span class=\"publicity-photo d-block mt-1\">Foto: Canva<\/span>\n<\/div>\n<\/div>\n<div class=\"section-description section-description-noticias mt-3\">\n<p style=\"text-align:justify\">Os pre\u00e7os da <a href=\"https:\/\/www.agrolink.com.br\/culturas\/laranja?utm_source=agrolink-detalhe-noticia&amp;utm_medium=detalhe-noticia&amp;utm_campaign=links-internos\" target=\"_blank\" rel=\"noopener\">laranja<\/a> pera continuam em alta, refletindo o cen\u00e1rio de baixa oferta. Na parcial desta semana, o valor m\u00e9dio da fruta na \u00e1rvore atingiu R$ 113,89 por caixa de 40,8 kg, um aumento de 4,3% em rela\u00e7\u00e3o ao per\u00edodo anterior.<\/p>\n<p style=\"text-align:justify\">A demanda aquecida, impulsionada pelas altas temperaturas em S\u00e3o Paulo, tamb\u00e9m contribuiu para esse avan\u00e7o. Segundo dados informados pelo Cepea, a escassez de oferta se intensificou com a nova estimativa do Fundecitrus, que prev\u00ea uma safra ainda menor que o previsto inicialmente.\n<\/p>\n<p style=\"text-align:justify\">O cintur\u00e3o citr\u00edcola, que engloba o estado de S\u00e3o Paulo e o Tri\u00e2ngulo Mineiro, deve colher 215,78 milh\u00f5es de caixas na safra 2024\/25, 30% a menos que na temporada anterior. A falta de chuvas tamb\u00e9m est\u00e1 afetando a qualidade das frutas, reduzindo o n\u00famero de lotes dispon\u00edveis.\n<\/p>\n<p style=\"text-align:justify\">\u00a0<\/p>\n<p style=\"text-align:justify\">\u00a0<\/p>\n<\/div>\n<\/div>\n<p><script data-cfasync=\"false\">\n    !function (f, b, e, v, n, t, s) {\n        if (f.fbq) return; n = f.fbq = function () {\n            n.callMethod ?\n                n.callMethod.apply(n, arguments) : n.queue.push(arguments)\n        };\n        if (!f._fbq) f._fbq = n; n.push = n; n.loaded = !0; n.version = '2.0';\n        n.queue = []; t = b.createElement(e); t.async = !0;\n        t.src = v; s = b.getElementsByTagName(e)[0];\n        s.parentNode.insertBefore(t, s)\n    }(window, document, 'script',\n        'https:\/\/connect.facebook.net\/en_US\/fbevents.js');\n    fbq('init', '522546078623747');\n    fbq('track', 'PageView');\n<\/script><br \/>\n<br \/><br \/>\n<br \/><a href=\"https:\/\/www.agrolink.com.br\/noticias\/preco-da-laranja-pera-sobe-com-oferta-limitada-e-previsao-de-safra-menor_494935.html\">Source link <\/a><\/p>\n","protected":false},"excerpt":{"rendered":"<p>Demanda aquecida foi impulsionada pelas altas temperaturas Agrolink &#8211; Aline Merladete Publicado em 13\/09\/2024 \u00e0s 13:06h. Estimado usu\u00e1rio.Preencha o formul\u00e1rio<\/p>\n","protected":false},"author":1,"featured_media":1581,"comment_status":"open","ping_status":"open","sticky":false,"template":"","format":"standard","meta":{"_monsterinsights_skip_tracking":false,"_monsterinsights_sitenote_active":false,"_monsterinsights_sitenote_note":"","_monsterinsights_sitenote_category":0,"_uf_show_specific_survey":0,"_uf_disable_surveys":false,"footnotes":""},"categories":[8,1,14],"tags":[],"class_list":["post-1580","post","type-post","status-publish","format-standard","has-post-thumbnail","hentry","category-agro","category-news","category-politica-agro"],"_links":{"self":[{"href":"https:\/\/agromt.news\/index.php?rest_route=\/wp\/v2\/posts\/1580"}],"collection":[{"href":"https:\/\/agromt.news\/index.php?rest_route=\/wp\/v2\/posts"}],"about":[{"href":"https:\/\/agromt.news\/index.php?rest_route=\/wp\/v2\/types\/post"}],"author":[{"embeddable":true,"href":"https:\/\/agromt.news\/index.php?rest_route=\/wp\/v2\/users\/1"}],"replies":[{"embeddable":true,"href":"https:\/\/agromt.news\/index.php?rest_route=%2Fwp%2Fv2%2Fcomments&post=1580"}],"version-history":[{"count":0,"href":"https:\/\/agromt.news\/index.php?rest_route=\/wp\/v2\/posts\/1580\/revisions"}],"wp:featuredmedia":[{"embeddable":true,"href":"https:\/\/agromt.news\/index.php?rest_route=\/wp\/v2\/media\/1581"}],"wp:attachment":[{"href":"https:\/\/agromt.news\/index.php?rest_route=%2Fwp%2Fv2%2Fmedia&parent=1580"}],"wp:term":[{"taxonomy":"category","embeddable":true,"href":"https:\/\/agromt.news\/index.php?rest_route=%2Fwp%2Fv2%2Fcategories&post=1580"},{"taxonomy":"post_tag","embeddable":true,"href":"https:\/\/agromt.news\/index.php?rest_route=%2Fwp%2Fv2%2Ftags&post=1580"}],"curies":[{"name":"wp","href":"https:\/\/api.w.org\/{rel}","templated":true}]}}