{"id":15782,"date":"2025-06-28T12:20:44","date_gmt":"2025-06-28T16:20:44","guid":{"rendered":"https:\/\/agromt.news\/?p=15782"},"modified":"2025-06-28T12:20:44","modified_gmt":"2025-06-28T16:20:44","slug":"como-ficam-as-chuvas-e-a-temperatura-segundo-o-inmet","status":"publish","type":"post","link":"https:\/\/agromt.news\/?p=15782","title":{"rendered":"como ficam as chuvas e a temperatura, segundo o Inmet"},"content":{"rendered":"<p> <br \/>\n<\/p>\n<div>\n<p>O Instituto Nacional de Meteorologia <strong><a href=\"http:\/\/www.canalrural.com.br\/tag\/inmet\/\">(Inmet)<\/a><\/strong> indica predom\u00ednio de chuvas pr\u00f3ximas \u00e0 m\u00e9dia em grande parte do Brasil no m\u00eas de julho. <\/p>\n<p>Em \u00e1reas do norte da regi\u00e3o Norte, oeste do Paran\u00e1 e nordeste do Rio Grande do Sul, a tend\u00eancia para o pr\u00f3ximo m\u00eas \u00e9 de chuvas abaixo da m\u00e9dia. J\u00e1 em \u00e1reas pontuais dos extremos oeste, norte e nordeste do pa\u00eds, s\u00e3o previstas chuvas acima da m\u00e9dia .<\/p>\n<p>Em julho, na regi\u00e3o <strong>Norte<\/strong>, s\u00e3o previstas chuvas mais localizadas no leste do Acre, extremo noroeste do Amazonas e em \u00e1reas do norte do Par\u00e1. Em contrapartida, a previs\u00e3o indica chuvas abaixo da m\u00e9dia climatol\u00f3gica em praticamente todo o Amap\u00e1 e na divisa de Roraima com o Amazonas. <\/p>\n<p>Nas demais \u00e1reas da regi\u00e3o, o Inmet indica que os volumes previstos devem ficar pr\u00f3ximos \u00e0 m\u00e9dia hist\u00f3rica, per\u00edodo em que, climatologicamente, j\u00e1 se observa uma redu\u00e7\u00e3o das chuvas.<\/p>\n<p>Na regi\u00e3o <strong>Nordeste<\/strong>, as chuvas devem ficar acima da m\u00e9dia hist\u00f3rica no norte do Cear\u00e1, sudoeste da Para\u00edba, leste e centro de Pernambuco e nordeste de Alagoas, com acumulados que podem ultrapassar os 60 mm. <\/p>\n<p>No restante da regi\u00e3o, a previs\u00e3o indica volumes de chuva pr\u00f3ximos \u00e0 m\u00e9dia. Os meteorologistas do Inmet destacam que, no interior nordestino, normalmente tem-se a redu\u00e7\u00e3o das chuvas durante esta \u00e9poca do ano.<\/p>\n<p>Para as regi\u00f5es <strong>Centro-Oeste e Sudeste<\/strong>, s\u00e3o previstos volumes de chuva pr\u00f3ximos \u00e0 climatologia, com acumulados inferiores a 50 mm. Em localidades do sudoeste de Mato Grosso e oeste de Mato Grosso do Sul, podem ocorrer chuvas ligeiramente acima da m\u00e9dia.<\/p>\n<p>J\u00e1 a regi\u00e3o <strong>Sul <\/strong>deve ter chuvas acima da m\u00e9dia no centro-leste do Paran\u00e1 e no sul do Rio Grande do Sul, onde os acumulados podem ultrapassar os 130 mm. <\/p>\n<p>\u00c1reas do nordeste do Rio Grande do Sul e oeste do Paran\u00e1, por sua vez, devem receber chuvas abaixo da m\u00e9dia. Nas demais \u00e1reas da regi\u00e3o, s\u00e3o previstos acumulados pr\u00f3ximos \u00e0 m\u00e9dia hist\u00f3rica.<\/p>\n<figure class=\"wp-block-image size-large\"><img fetchpriority=\"high\" decoding=\"async\" width=\"1024\" height=\"560\" alt=\"previs\u00e3o do tempo em julho\" class=\"wp-image-4106815\"  data-lazy- src=\"https:\/\/agromt.news\/wp-content\/uploads\/2025\/06\/como-ficam-as-chuvas-e-a-temperatura-segundo-o-Inmet.jpg\"\/><img decoding=\"async\" width=\"1024\" height=\"560\" src=\"https:\/\/agromt.news\/wp-content\/uploads\/2025\/06\/como-ficam-as-chuvas-e-a-temperatura-segundo-o-Inmet.jpg\" alt=\"previs\u00e3o do tempo em julho\" class=\"wp-image-4106815\"  \/><figcaption class=\"wp-element-caption\">Fonte: Inmet<\/figcaption><\/figure>\n<h2 class=\"wp-block-heading\" id=\"h-temperaturas-em-julho\">Temperaturas em julho<\/h2>\n<p>A previs\u00e3o indica que as temperaturas devem ficar acima da m\u00e9dia em quase todo o pa\u00eds, especialmente nas regi\u00f5es Norte, Centro-Oeste e oeste da regi\u00e3o Nordeste. Destaque para o centro-sul do Par\u00e1, norte e sudoeste de Mato Grosso, onde as temperaturas podem alcan\u00e7ar at\u00e9 2 \u00b0C acima da m\u00e9dia, al\u00e9m da regi\u00e3o do Matopiba (\u00e1reas de Cerrado do Maranh\u00e3o, Tocantins, Piau\u00ed e Bahia), onde as temperaturas podem variar entre 25 \u00b0C e 28 \u00b0C.<\/p>\n<\/div>\n<div>\n<p>No leste da regi\u00e3o Nordeste e norte da regi\u00e3o Sudeste, a previs\u00e3o do Inmet \u00e9 de temperaturas acima da m\u00e9dia para todos os estados, com \u00e1reas pontuais pr\u00f3ximas \u00e0 climatologia. As temperaturas devem variar entre 24 \u00b0C e 26 \u00b0C.<\/p>\n<p>J\u00e1 em \u00e1reas do sul de Minas Gerais e Rio de Janeiro, al\u00e9m do leste de S\u00e3o Paulo, as temperaturas podem ficar acima de 16 \u00baC e em \u00e1reas de maior altitude podem ocorrer decl\u00ednio da temperatura e forma\u00e7\u00e3o de geadas, devido a incurs\u00e3o de massas de ar frio.<\/p>\n<p>A regi\u00e3o Sul deve apresentar temperaturas acima da m\u00e9dia no centro-norte do Paran\u00e1, enquanto que no sudoeste do estado as temperaturas devem ficar pr\u00f3ximas \u00e0 m\u00e9dia, assim como o estado de Santa Catarina. <\/p>\n<p>No Rio Grande do Sul, devem predominar temperaturas abaixo da m\u00e9dia, com m\u00e9dias de temperatura podendo ficar abaixo dos 15 \u00b0C. <\/p>\n<p>\u00c1reas pontuais no oeste do Paran\u00e1 e no centro de Santa Catarina tamb\u00e9m podem apresentar valores abaixo da m\u00e9dia. Al\u00e9m disso, em \u00e1reas de maior altitude podem ocorrer decl\u00ednio da temperatura e forma\u00e7\u00e3o de geadas.<\/p>\n<figure class=\"wp-block-embed is-type-rich is-provider-incorporar-manipulador wp-block-embed-incorporar-manipulador wp-embed-aspect-16-9 wp-has-aspect-ratio\">\n<p>\n<iframe title=\"A quarta onda de frio j\u00e1 tem data marcada; confira quando esfriar\u00e1 de novo\" width=\"800\" height=\"450\" src=\"https:\/\/www.youtube.com\/embed\/s2el7FJt2vs?feature=oembed\" frameborder=\"0\" allow=\"accelerometer; autoplay; clipboard-write; encrypted-media; gyroscope; picture-in-picture; web-share\" referrerpolicy=\"strict-origin-when-cross-origin\" allowfullscreen><\/iframe><noscript><iframe title=\"A quarta onda de frio j\u00e1 tem data marcada; confira quando esfriar\u00e1 de novo\" width=\"800\" height=\"450\" src=\"https:\/\/www.youtube.com\/embed\/s2el7FJt2vs?feature=oembed\" frameborder=\"0\" allow=\"accelerometer; autoplay; clipboard-write; encrypted-media; gyroscope; picture-in-picture; web-share\" referrerpolicy=\"strict-origin-when-cross-origin\" allowfullscreen><\/iframe><\/noscript>\n<\/p>\n<\/figure>\n<h2 class=\"wp-block-heading\" id=\"h-impactos-no-agro\">Impactos no agro<\/h2>\n<p>A previs\u00e3o de aumento das temperaturas e menor regularidade das chuvas podem comprometer as culturas permanentes e as pastagens no centro-sul do Par\u00e1, especialmente nas \u00e1reas com baixa reposi\u00e7\u00e3o h\u00eddrica. De acordo com o Inmet, tamb\u00e9m h\u00e1 risco para o desenvolvimento de culturas irrigadas com alta demanda evaporativa.<\/p>\n<p>As chuvas previstas acima da m\u00e9dia em \u00e1reas da regi\u00e3o do Sealba (regi\u00e3o que abrange por\u00e7\u00f5es de Sergipe, Alagoas e Bahia) podem beneficiar a safra do feij\u00e3o e do milho terceira safras. Na regi\u00e3o do Matopiba, o risco de estresse h\u00eddrico \u00e9 maior, sobretudo para as lavouras de milho que est\u00e3o em fase de flora\u00e7\u00e3o.<\/p>\n<p>No Centro-Oeste, a escassez de chuvas ao longo do m\u00eas pode favorecer as atividades de colheita do milho segunda safra e do algod\u00e3o, assim como a colheita de caf\u00e9 e cana-de-a\u00e7\u00facar no Sudeste. Entretanto, as altas temperatura e a baixa umidade relativa aumentam a demanda evaporativa, o que requer a necessidade de um manejo cuidadoso do solo. <\/p>\n<p>Embora a previs\u00e3o aponte temperaturas acima da m\u00e9dia para essas regi\u00f5es, o Inmet n\u00e3o descarta a possibilidade de decl\u00ednio da temperatura e forma\u00e7\u00e3o de geadas. Elas podem causar danos pontuais ao milho segunda safra ainda em est\u00e1dio reprodutivo, mas tamb\u00e9m favorecer o trigo em fase inicial de desenvolvimento.<\/p>\n<p>No Sul, a ocorr\u00eancia de chuvas durante o m\u00eas de julho pode dificultar a semeadura e o estabelecimento inicial dos cultivos de inverno. Al\u00e9m disso, a previs\u00e3o de temperaturas mais baixas aumenta a probabilidade de geadas, que podem representar risco \u00e0s culturas mais sens\u00edveis, como hortali\u00e7as e frut\u00edferas, diz o instituto.<\/p>\n<div data-icp-cta=\"1\" id=\"icp-cta-unique\">Voc\u00ea quer entender como usar o clima a seu favor?<b> <\/b><a href=\"https:\/\/climacampo.canalrural.com.br\/climacampo_-01\">Preparamos um e-book exclusivo<\/a> para ajudar produtores rurais a se antecipar \u00e0s mudan\u00e7as do tempo e planejar melhor suas a\u00e7\u00f5es. Com base em previs\u00f5es meteorol\u00f3gicas confi\u00e1veis, ele oferece orienta\u00e7\u00f5es pr\u00e1ticas para proteger sua lavoura e otimizar seus resultados.<\/div>\n<\/div>\n<p><br \/>\n<br \/><a href=\"https:\/\/www.canalrural.com.br\/tempo\/previsao-do-tempo-para-julho-como-ficam-as-chuvas-e-a-temperatura-segundo-o-inmet\/\">Source link <\/a><\/p>\n","protected":false},"excerpt":{"rendered":"<p>O Instituto Nacional de Meteorologia (Inmet) indica predom\u00ednio de chuvas pr\u00f3ximas \u00e0 m\u00e9dia em grande parte do Brasil no m\u00eas<\/p>\n","protected":false},"author":1,"featured_media":11109,"comment_status":"open","ping_status":"open","sticky":false,"template":"","format":"standard","meta":{"_monsterinsights_skip_tracking":false,"_monsterinsights_sitenote_active":false,"_monsterinsights_sitenote_note":"","_monsterinsights_sitenote_category":0,"_uf_show_specific_survey":0,"_uf_disable_surveys":false,"footnotes":""},"categories":[1],"tags":[],"class_list":["post-15782","post","type-post","status-publish","format-standard","has-post-thumbnail","hentry","category-news"],"_links":{"self":[{"href":"https:\/\/agromt.news\/index.php?rest_route=\/wp\/v2\/posts\/15782"}],"collection":[{"href":"https:\/\/agromt.news\/index.php?rest_route=\/wp\/v2\/posts"}],"about":[{"href":"https:\/\/agromt.news\/index.php?rest_route=\/wp\/v2\/types\/post"}],"author":[{"embeddable":true,"href":"https:\/\/agromt.news\/index.php?rest_route=\/wp\/v2\/users\/1"}],"replies":[{"embeddable":true,"href":"https:\/\/agromt.news\/index.php?rest_route=%2Fwp%2Fv2%2Fcomments&post=15782"}],"version-history":[{"count":0,"href":"https:\/\/agromt.news\/index.php?rest_route=\/wp\/v2\/posts\/15782\/revisions"}],"wp:featuredmedia":[{"embeddable":true,"href":"https:\/\/agromt.news\/index.php?rest_route=\/wp\/v2\/media\/11109"}],"wp:attachment":[{"href":"https:\/\/agromt.news\/index.php?rest_route=%2Fwp%2Fv2%2Fmedia&parent=15782"}],"wp:term":[{"taxonomy":"category","embeddable":true,"href":"https:\/\/agromt.news\/index.php?rest_route=%2Fwp%2Fv2%2Fcategories&post=15782"},{"taxonomy":"post_tag","embeddable":true,"href":"https:\/\/agromt.news\/index.php?rest_route=%2Fwp%2Fv2%2Ftags&post=15782"}],"curies":[{"name":"wp","href":"https:\/\/api.w.org\/{rel}","templated":true}]}}