{"id":15754,"date":"2025-06-27T18:14:57","date_gmt":"2025-06-27T22:14:57","guid":{"rendered":"https:\/\/agromt.news\/?p=15754"},"modified":"2025-06-27T18:14:57","modified_gmt":"2025-06-27T22:14:57","slug":"oeste-baiano-sedia-maior-evento-do-segmento-no-brasil","status":"publish","type":"post","link":"https:\/\/agromt.news\/?p=15754","title":{"rendered":"Oeste baiano sedia maior evento do segmento no Brasil"},"content":{"rendered":"<p> <br \/>\n<\/p>\n<div>\n<p>Os munic\u00edpios de Barreiras e Riach\u00e3o das Neves, no Oeste da Bahia, sediar\u00e3o, entre os dias 10 e 12 de julho de 2025, a pr\u00f3xima edi\u00e7\u00e3o do Cacauicultura 4.0, o maior evento t\u00e9cnico e institucional do setor no Brasil. Realizado pela Associa\u00e7\u00e3o de Agricultores e Irrigantes da Bahia (Aiba), o encontro deve reunir produtores, pesquisadores, t\u00e9cnicos, investidores e especialistas de todo o pa\u00eds e tamb\u00e9m do exterior para discutir os caminhos da cacauicultura moderna, com \u00eanfase em tecnologia, inova\u00e7\u00e3o e sustentabilidade.<\/p>\n<p>A programa\u00e7\u00e3o ser\u00e1 dividida entre recep\u00e7\u00e3o de autoridades, ciclo de palestras t\u00e9cnicas e dia de campo. O evento \u00e9 um dos reflexos do movimento crescente da produ\u00e7\u00e3o de cacau no Oeste da Bahia e da lideran\u00e7a do estado no segmento no Brasil.<\/p>\n<p>Com pouco mais de sete anos de introdu\u00e7\u00e3o no Oeste da Bahia, a cultura do cacau se consolidou como uma das grandes apostas do agro nacional. A regi\u00e3o \u2014 tradicional produtora de soja, milho e algod\u00e3o \u2014 passou a investir na diversifica\u00e7\u00e3o da matriz produtiva com o apoio de tecnologias de irriga\u00e7\u00e3o, mecaniza\u00e7\u00e3o, rastreabilidade e manejo sustent\u00e1vel.<\/p>\n<figure class=\"wp-block-image size-large\"><img fetchpriority=\"high\" decoding=\"async\" width=\"1024\" height=\"511\" src=\"https:\/\/agromt.news\/wp-content\/uploads\/2025\/06\/Oeste-baiano-sedia-maior-evento-do-segmento-no-Brasil.png\" alt=\"Cacauicultura 4.0, evento em 2024\" class=\"wp-image-4106784\"  \/><figcaption class=\"wp-element-caption\">Imagem a\u00e9rea na edi\u00e7\u00e3o anterior do evento em 2024 | Imagem: Reprodu\u00e7\u00e3o\/YouTube\/Schmidt Agr\u00edcola<\/figcaption><\/figure>\n<p>O resultado \u00e9 promissor: \u00e1reas com altas produtividades, que j\u00e1 alcan\u00e7am entre 150 e 200 arrobas por hectare, e um modelo de produ\u00e7\u00e3o voltado para qualidade e inova\u00e7\u00e3o.<\/p>\n<p>\u201cO cacau est\u00e1 nos mostrando o enorme potencial do Oeste baiano para al\u00e9m dos gr\u00e3os. Estamos construindo uma nova fronteira agr\u00edcola, com ganhos expressivos de produtividade e qualidade. E o melhor: com sustentabilidade, agrega\u00e7\u00e3o de valor e vis\u00e3o de futuro\u201d, afirma Mois\u00e9s Schmidt, presidente da Aiba e um dos idealizadores do evento.<\/p>\n<p>A edi\u00e7\u00e3o de 2025 deve contar com a presen\u00e7a de pesquisadores da Comiss\u00e3o Executiva do Plano da Lavoura Cacaueira (Ceplac) \u2014 a ag\u00eancia de pesquisa de cacau do Brasil \u2014, da Embrapa, do Minist\u00e9rio da Agricultura, de empresas de gen\u00e9tica, representantes da ind\u00fastria do chocolate e institui\u00e7\u00f5es de fomento nacionais e internacionais.<\/p>\n<h2 class=\"wp-block-heading\" id=\"h-um-novo-polo-de-producao-em-ascensao\"><strong>Um novo polo de produ\u00e7\u00e3o em ascens\u00e3o<\/strong><\/h2>\n<p>A cacauicultura no Cerrado baiano come\u00e7ou em pequena escala, com \u00e1reas experimentais em per\u00edmetros irrigados, como o de Riacho Grande. A performance inicial surpreendeu os t\u00e9cnicos da Ceplac, que constataram o vigor das plantas mesmo em condi\u00e7\u00f5es adversas. A partir disso, os investimentos em pesquisa, produ\u00e7\u00e3o de mudas locais e tecnologia de manejo aceleraram a expans\u00e3o.<\/p>\n<p>De acordo com a organiza\u00e7\u00e3o do evento, atualmente, al\u00e9m da produtividade elevada, a regi\u00e3o oferece vantagens como log\u00edstica favor\u00e1vel, clima seco com irriga\u00e7\u00e3o controlada e aus\u00eancia de algumas doen\u00e7as comuns nas regi\u00f5es tradicionais, como no Sul da Bahia e no Par\u00e1.<\/p>\n<\/div>\n<div>\n<p>O modelo local tamb\u00e9m aposta na mecaniza\u00e7\u00e3o do plantio (com sulcos em vez de covas) e em parcerias com viveiros tecnol\u00f3gicos, que devem garantir, nos pr\u00f3ximos anos, milh\u00f5es de mudas com padr\u00e3o gen\u00e9tico superior.<\/p>\n<p>O Cacauicultura 4.0, em sua quinta edi\u00e7\u00e3o, refor\u00e7a esse posicionamento e convida o setor a participar ativamente da constru\u00e7\u00e3o de uma cadeia mais eficiente, resiliente e pr\u00f3spera.<\/p>\n<h2 class=\"wp-block-heading\" id=\"h-programacao\"><strong>Programa\u00e7\u00e3o<\/strong><\/h2>\n<p>\u2022\u00a0\u00a0\u00a0\u00a0\u00a0\u00a0\u00a0\u00a0\u00a0 10 de julho (quarta-feira): Abertura oficial e recep\u00e7\u00e3o de autoridades, em Barreiras (BA);<\/p>\n<p>\u2022\u00a0\u00a0\u00a0\u00a0\u00a0\u00a0\u00a0\u00a0\u00a0 11 de julho (quinta-feira): Ciclo de palestras t\u00e9cnicas no Parque Natural Engenheiro Geraldo Rocha, em Barreiras (BA), com temas como melhoramento gen\u00e9tico, bioinsumos, irriga\u00e7\u00e3o, rastreabilidade e mercado global;<\/p>\n<p>\u2022\u00a0\u00a0\u00a0\u00a0\u00a0\u00a0\u00a0\u00a0\u00a0 12 de julho (sexta-feira): Dia de campo na Fazenda Santa Helena, em Riach\u00e3o das Neves (BA), com visita a lavouras irrigadas, demonstra\u00e7\u00f5es tecnol\u00f3gicas e troca de experi\u00eancias com especialistas.<\/p>\n<p>As inscri\u00e7\u00f5es do Cacauicultura 4.0 est\u00e3o abertas e podem ser feitas pelo link: \u00a0<a href=\"https:\/\/cacau.wiesoo.com\/\" target=\"_blank\" rel=\"noreferrer noopener\">https:\/\/cacau.wiesoo.com\/<\/a><\/p>\n<hr class=\"wp-block-separator has-alpha-channel-opacity\"\/>\n<p><em>Voc\u00ea tamb\u00e9m pode participar deixando uma sugest\u00e3o de pauta. Siga o\u00a0<a href=\"https:\/\/www.instagram.com\/canalruralbahia\/\">Canal Rural Bahia no Instagram<\/a>\u00a0e nos envie uma mensagem<\/em>.<\/p>\n<\/p><\/div>\n<p><script async src=\"\/\/www.instagram.com\/embed.js\"><\/script><br \/>\n<br \/><br \/>\n<br \/><a href=\"https:\/\/www.canalrural.com.br\/nacional\/bahia\/cacauicultura-4-0-oeste-baiano-sedia-maior-evento-do-segmento-no-brasil\/\">Source link <\/a><\/p>\n","protected":false},"excerpt":{"rendered":"<p>Os munic\u00edpios de Barreiras e Riach\u00e3o das Neves, no Oeste da Bahia, sediar\u00e3o, entre os dias 10 e 12 de<\/p>\n","protected":false},"author":1,"featured_media":15755,"comment_status":"open","ping_status":"open","sticky":false,"template":"","format":"standard","meta":{"_monsterinsights_skip_tracking":false,"_monsterinsights_sitenote_active":false,"_monsterinsights_sitenote_note":"","_monsterinsights_sitenote_category":0,"_uf_show_specific_survey":0,"_uf_disable_surveys":false,"footnotes":""},"categories":[1],"tags":[],"class_list":["post-15754","post","type-post","status-publish","format-standard","has-post-thumbnail","hentry","category-news"],"_links":{"self":[{"href":"https:\/\/agromt.news\/index.php?rest_route=\/wp\/v2\/posts\/15754"}],"collection":[{"href":"https:\/\/agromt.news\/index.php?rest_route=\/wp\/v2\/posts"}],"about":[{"href":"https:\/\/agromt.news\/index.php?rest_route=\/wp\/v2\/types\/post"}],"author":[{"embeddable":true,"href":"https:\/\/agromt.news\/index.php?rest_route=\/wp\/v2\/users\/1"}],"replies":[{"embeddable":true,"href":"https:\/\/agromt.news\/index.php?rest_route=%2Fwp%2Fv2%2Fcomments&post=15754"}],"version-history":[{"count":0,"href":"https:\/\/agromt.news\/index.php?rest_route=\/wp\/v2\/posts\/15754\/revisions"}],"wp:featuredmedia":[{"embeddable":true,"href":"https:\/\/agromt.news\/index.php?rest_route=\/wp\/v2\/media\/15755"}],"wp:attachment":[{"href":"https:\/\/agromt.news\/index.php?rest_route=%2Fwp%2Fv2%2Fmedia&parent=15754"}],"wp:term":[{"taxonomy":"category","embeddable":true,"href":"https:\/\/agromt.news\/index.php?rest_route=%2Fwp%2Fv2%2Fcategories&post=15754"},{"taxonomy":"post_tag","embeddable":true,"href":"https:\/\/agromt.news\/index.php?rest_route=%2Fwp%2Fv2%2Ftags&post=15754"}],"curies":[{"name":"wp","href":"https:\/\/api.w.org\/{rel}","templated":true}]}}