{"id":15753,"date":"2025-06-27T17:52:10","date_gmt":"2025-06-27T21:52:10","guid":{"rendered":"https:\/\/agromt.news\/?p=15753"},"modified":"2025-06-27T17:52:10","modified_gmt":"2025-06-27T21:52:10","slug":"tensao-no-oriente-medio-e-clima-nos-eua-pressionam-soja-em-chicago","status":"publish","type":"post","link":"https:\/\/agromt.news\/?p=15753","title":{"rendered":"Tens\u00e3o no Oriente M\u00e9dio e clima nos EUA pressionam soja em Chicago"},"content":{"rendered":"<p> <br \/>\n<\/p>\n<div>\n<div class=\"row\">\n<div class=\"col-lg col-infos mt-0 mt-lg-0\">\n<div class=\"section-sub-title\">\n<p itemprop=\"description\">&#13;<br \/>\n                                Farelo de soja registrou seu menor valor desde 2016&#13;\n                            <\/p>\n<\/p><\/div>\n<div class=\"container\">\n<div class=\"row\">\n<div class=\"col-lg p-0\">\n<div>\n<div class=\"block-news-main-infos mt-3 text-start\">\n<p>                                            <strong class=\"fn\" itemprop=\"author\" style=\"color: rgb(112, 112, 112); \">&#13;<br \/>\n                                                <a href=\"https:\/\/www.agrolink.com.br\/noticias\/javascript:;\" class=\"text-uppercase\" target=\"_blank\" style=\"color: rgb(112, 112, 112); \" rel=\"noopener\">Agrolink<\/a>&#13;<br \/>\n&#13;<br \/>\n                                                    &#8211; Aline Merladete&#13;<br \/>\n&#13;<br \/>\n                                            <\/strong><br \/>\n                                        <\/p>\n<p>                                            <abbr><time datetime=\"2025-06-27T11:17\" itemprop=\"datePublished dateModified\">Publicado em 27\/06\/2025 \u00e0s 11:17h.<\/time><\/abbr><br \/>\n                                            <\/p><\/div>\n<\/p><\/div>\n<\/p><\/div>\n<div class=\"col-lg p-0 text-lg-end\">\n<div>\n<div id=\"mdEnviarPagina\" class=\"modal fade\" role=\"dialog\">\n<div class=\"modal-dialog\">\n<div class=\"modal-content\">\n<div class=\"modal-body\">\n<p><strong>Estimado usu\u00e1rio.<\/strong><br \/>Preencha o formul\u00e1rio abaixo para remeter a p\u00e1gina.<\/p>\n<\/p><\/div>\n<\/p><\/div>\n<\/p><\/div>\n<\/div><\/div>\n<\/p><\/div>\n<\/p><\/div>\n<\/p><\/div>\n<\/p><\/div>\n<\/p><\/div>\n<div class=\"row justify-content-md-center mt-3\">\n<div class=\"col-lg-auto col-image block-news-main-image\">\n<p>                                <img decoding=\"async\" src=\"https:\/\/www.agrolink.com.br\/upload\/imagens-resizes\/81d150cdbe224761a015dcae284f6149_858x483.jpg\" class=\"lazyload img-fluid\"\/><br \/>\n                                                <span class=\"publicity-photo d-block mt-1\">Foto: Pexels<\/span><\/p><\/div>\n<\/p><\/div>\n<div class=\"section-description section-description-noticias mt-3\">\n<p style=\"text-align:justify\">Os pre\u00e7os da <a href=\"https:\/\/www.agrolink.com.br\/culturas\/soja?utm_source=agrolink-detalhe-noticia&amp;utm_medium=detalhe-noticia&amp;utm_campaign=links-internos\" target=\"_blank\" rel=\"noopener\">soja<\/a> na Bolsa de Chicago encerraram a semana em queda, influenciados pela tr\u00e9gua no conflito entre Israel e Ir\u00e3 e pelas boas condi\u00e7\u00f5es clim\u00e1ticas nos Estados Unidos. A cota\u00e7\u00e3o do bushel caiu para US$ 10,22 no dia 26 de junho, ap\u00f3s alcan\u00e7ar US$ 10,74 durante os primeiros dias da guerra no Oriente M\u00e9dio.&#13;\n<\/p>\n<p style=\"text-align:justify\">Segundo informa\u00e7\u00f5es divulgadas pela Central Internacional de An\u00e1lises Econ\u00f4micas e de Estudos de Mercado Agropecu\u00e1rio (CEEMA), o recuo tamb\u00e9m foi provocado pelo bom desenvolvimento da safra norte-americana, com 66% das lavouras em condi\u00e7\u00e3o boa a excelente. O farelo de soja registrou seu menor valor desde 2016, cotado a US$ 270,90 por tonelada curta.<\/p>\n<p style=\"text-align:justify\">Apesar do bom desempenho nas exporta\u00e7\u00f5es \u2014 com os EUA j\u00e1 tendo embarcado 49,1 milh\u00f5es de toneladas no ciclo 2024\/25 \u2014, a aus\u00eancia da China nas compras tem gerado apreens\u00e3o. O gigante asi\u00e1tico vem priorizando soja do Brasil e da Argentina, pa\u00edses mais competitivos devido \u00e0s tarifas impostas sobre o gr\u00e3o norte-americano.&#13;\n<\/p>\n<p style=\"text-align:justify\">A expectativa \u00e9 que o Brasil exporte 15 milh\u00f5es de toneladas em junho, mantendo sua posi\u00e7\u00e3o como principal fornecedor global. A competitividade brasileira pode seguir forte, sobretudo enquanto as tarifas contra os EUA estiverem em vigor no mercado chin\u00eas.<\/p>\n<\/p><\/div>\n<\/p><\/div>\n<p><script data-cfasync=\"false\">\n    !function (f, b, e, v, n, t, s) {\n        if (f.fbq) return; n = f.fbq = function () {\n            n.callMethod ?\n                n.callMethod.apply(n, arguments) : n.queue.push(arguments)\n        };\n        if (!f._fbq) f._fbq = n; n.push = n; n.loaded = !0; n.version = '2.0';\n        n.queue = []; t = b.createElement(e); t.async = !0;\n        t.src = v; s = b.getElementsByTagName(e)[0];\n        s.parentNode.insertBefore(t, s)\n    }(window, document, 'script',\n        'https:\/\/connect.facebook.net\/en_US\/fbevents.js');\n    fbq('init', '522546078623747');\n    fbq('track', 'PageView');\n<\/script><br \/>\n<br \/><br \/>\n<br \/><a href=\"https:\/\/www.agrolink.com.br\/noticias\/tensao-no-oriente-medio-e-clima-nos-eua-pressionam-soja-em-chicago_503384.html\">Source link <\/a><\/p>\n","protected":false},"excerpt":{"rendered":"<p>&#13; Farelo de soja registrou seu menor valor desde 2016&#13; &#13; Agrolink&#13; &#13; &#8211; Aline Merladete&#13; &#13; Publicado em 27\/06\/2025<\/p>\n","protected":false},"author":1,"featured_media":1695,"comment_status":"open","ping_status":"open","sticky":false,"template":"","format":"standard","meta":{"_monsterinsights_skip_tracking":false,"_monsterinsights_sitenote_active":false,"_monsterinsights_sitenote_note":"","_monsterinsights_sitenote_category":0,"_uf_show_specific_survey":0,"_uf_disable_surveys":false,"footnotes":""},"categories":[8,1,14],"tags":[],"class_list":["post-15753","post","type-post","status-publish","format-standard","has-post-thumbnail","hentry","category-agro","category-news","category-politica-agro"],"_links":{"self":[{"href":"https:\/\/agromt.news\/index.php?rest_route=\/wp\/v2\/posts\/15753"}],"collection":[{"href":"https:\/\/agromt.news\/index.php?rest_route=\/wp\/v2\/posts"}],"about":[{"href":"https:\/\/agromt.news\/index.php?rest_route=\/wp\/v2\/types\/post"}],"author":[{"embeddable":true,"href":"https:\/\/agromt.news\/index.php?rest_route=\/wp\/v2\/users\/1"}],"replies":[{"embeddable":true,"href":"https:\/\/agromt.news\/index.php?rest_route=%2Fwp%2Fv2%2Fcomments&post=15753"}],"version-history":[{"count":0,"href":"https:\/\/agromt.news\/index.php?rest_route=\/wp\/v2\/posts\/15753\/revisions"}],"wp:featuredmedia":[{"embeddable":true,"href":"https:\/\/agromt.news\/index.php?rest_route=\/wp\/v2\/media\/1695"}],"wp:attachment":[{"href":"https:\/\/agromt.news\/index.php?rest_route=%2Fwp%2Fv2%2Fmedia&parent=15753"}],"wp:term":[{"taxonomy":"category","embeddable":true,"href":"https:\/\/agromt.news\/index.php?rest_route=%2Fwp%2Fv2%2Fcategories&post=15753"},{"taxonomy":"post_tag","embeddable":true,"href":"https:\/\/agromt.news\/index.php?rest_route=%2Fwp%2Fv2%2Ftags&post=15753"}],"curies":[{"name":"wp","href":"https:\/\/api.w.org\/{rel}","templated":true}]}}