{"id":15744,"date":"2025-06-27T16:17:20","date_gmt":"2025-06-27T20:17:20","guid":{"rendered":"https:\/\/agromt.news\/?p=15744"},"modified":"2025-06-27T16:17:20","modified_gmt":"2025-06-27T20:17:20","slug":"protagonismo-da-cadeia-de-proteinas-nas-exportacoes","status":"publish","type":"post","link":"https:\/\/agromt.news\/?p=15744","title":{"rendered":"Protagonismo da cadeia de prote\u00ednas nas exporta\u00e7\u00f5es"},"content":{"rendered":"<p> <br \/>\n<\/p>\n<div>\n<p>Estudo recente da Frente Parlamentar do Biodiesel (FPBio) identificou a necessidade de o Brasil consolidar ainda mais suas aten\u00e7\u00f5es \u00e0s exporta\u00e7\u00f5es de prote\u00edna com valor agregado, diante da competitividade da produ\u00e7\u00e3o brasileira e a pol\u00edtica nacional de biocombust\u00edveis, que estimula diretamente a cadeia de prote\u00ednas.<\/p>\n<p>Com a pol\u00edtica p\u00fablica do <strong><a href=\"http:\/\/www.canalrural.com.br\/tag\/combustivel-di-futuro\/\">Combust\u00edvel do Futuro<\/a><\/strong>, contudo, isso ir\u00e1 se intensificar. A partir de um cronograma previs\u00edvel de aumento da mistura de biodiesel no diesel f\u00f3ssil, produziremos mais farelo de soja, estimulando a ind\u00fastria de prote\u00edna animal e abrindo exporta\u00e7\u00e3o de produtos com valor agregado.<\/p>\n<p>No entanto, sem uma pol\u00edtica de Estado sobre as exporta\u00e7\u00f5es, que vise combater o protecionismo, desburocratizar processos e dar protagonismo \u00e0 carne brasileira, essa pol\u00edtica ser\u00e1 enfraquecida. Segundo o estudo, a agroind\u00fastria brasileira observa um futuro promissor a partir da diversifica\u00e7\u00e3o da matriz de exporta\u00e7\u00f5es, e a cadeia da soja ter\u00e1 um papel fundamental nisso.<\/p>\n<p>Poderemos abrir mercados mais vultosos em economias emergentes e desenvolvidas, podendo ampliar as possibilidades de embarques para mercados como <strong>Estados Unidos, Alemanha, Fran\u00e7a e Reino Unido,<\/strong> levando produtos com maior valor agregado que v\u00e3o al\u00e9m das commodities tradicionais.<\/p>\n<p>Na Am\u00e9rica Latina, por exemplo, podemos consolidar a posi\u00e7\u00e3o do Brasil frente ao Paraguai e Argentina como principal parceiro comercial, uma vez que j\u00e1 somos respons\u00e1veis pelo total de 24,21% e 23,51% do total das importa\u00e7\u00f5es nesses pa\u00edses, respectivamente.<\/p>\n<p>Por outro lado, nas economias mais desenvolvidas, como EUA, Alemanha, Fran\u00e7a e Reino Unido, a participa\u00e7\u00e3o do Brasil nas importa\u00e7\u00f5es ainda \u00e9 bastante baixa, variando de 0,45% a 1,32%. Isso ocorre mesmo com a exporta\u00e7\u00e3o consistente de produtos como soja, caf\u00e9, celulose, min\u00e9rio de ferro e itens agroindustriais.<\/p>\n<\/div>\n<div>\n<p>Na \u00c1sia, a China se mant\u00e9m como um parceiro estrat\u00e9gico, sendo o principal destino para as commodities agr\u00edcolas e minerais do Brasil. No entanto, representa apenas 4,79% do total das importa\u00e7\u00f5es chinesas, indicando espa\u00e7o para aumentar a oferta de alimentos processados e produtos mais elaborados.<\/p>\n<p>Outros mercados emergentes tamb\u00e9m v\u00eam ganhando destaque nas metas de expans\u00e3o do com\u00e9rcio brasileiro. Pa\u00edses como Vietn\u00e3, Indon\u00e9sia, Filipinas, Pol\u00f4nia, Rom\u00eania, Bulg\u00e1ria e Guiana apresentam economias em crescimento e uma demanda crescente por alimentos e insumos agr\u00edcolas. A Guiana, por exemplo, que teve um aumento de 758% no PIB per capita nas \u00faltimas duas d\u00e9cadas, j\u00e1 importa 6,35% de seus produtos do Brasil. Esses mercados representam oportunidades valiosas para o Brasil ampliar sua presen\u00e7a, aproveitando o crescimento econ\u00f4mico e a crescente necessidade de produtos brasileiros.<\/p>\n<p>O estudo tamb\u00e9m ressalta que o avan\u00e7o nas exporta\u00e7\u00f5es est\u00e1 diretamente ligado ao fortalecimento de acordos comerciais, \u00e0 redu\u00e7\u00e3o de tarifas e barreiras sanit\u00e1rias, al\u00e9m de uma maior integra\u00e7\u00e3o do pa\u00eds ao com\u00e9rcio global. A recente negocia\u00e7\u00e3o para a abertura do mercado de carne no Vietn\u00e3 serve como modelo para que o Brasil possa conquistar novos destinos, agregar valor \u00e0s suas exporta\u00e7\u00f5es e diversificar sua rede de parceiros comerciais.<\/p>\n<p>Mas \u00e9 preciso refor\u00e7ar: para figurarem como grandes fornecedores de prote\u00edna animal para o mundo e, consequentemente, como respons\u00e1veis pelo enfrentamento da infla\u00e7\u00e3o global, \u00e9 necess\u00e1rio que o Congresso discuta, ao lado da sociedade organizada, uma pol\u00edtica clara e eficaz de exporta\u00e7\u00f5es.<\/p>\n<p>S\u00f3 assim daremos a seguran\u00e7a jur\u00eddica e os est\u00edmulos necess\u00e1rios para que nossas cadeias produtivas explorem ainda mais o potencial exportador do pa\u00eds.<\/p>\n<div class=\"wp-block-media-text is-stacked-on-mobile\">\n<figure class=\"wp-block-media-text__media\"><img fetchpriority=\"high\" decoding=\"async\" width=\"1024\" height=\"683\" alt=\"\" class=\"wp-image-4106704 size-full\"  data-lazy- src=\"https:\/\/agromt.news\/wp-content\/uploads\/2025\/06\/Protagonismo-da-cadeia-de-proteinas-nas-exportacoes.jpg\"\/><img decoding=\"async\" width=\"1024\" height=\"683\" src=\"https:\/\/agromt.news\/wp-content\/uploads\/2025\/06\/Protagonismo-da-cadeia-de-proteinas-nas-exportacoes.jpg\" alt=\"\" class=\"wp-image-4106704 size-full\"  \/><\/figure>\n<div class=\"wp-block-media-text__content\">\n<p><em>*<strong>Alceu Moreira<\/strong> \u00e9 deputado federal (MDB-RS) e presidente da Frente Parlamentar do Biodiesel (FPBio)<\/em><\/p>\n<\/div>\n<\/div>\n<hr class=\"wp-block-separator has-alpha-channel-opacity\"\/>\n<p><em>O\u00a0<strong>Canal Rural<\/strong>\u00a0n\u00e3o se responsabiliza pelas opini\u00f5es e conceitos emitidos nos textos desta sess\u00e3o, sendo os conte\u00fados de inteira responsabilidade de seus autores. A empresa se reserva o direito de fazer ajustes no texto para adequa\u00e7\u00e3o \u00e0s normas de publica\u00e7\u00e3o.<\/em><\/p>\n<\/p><\/div>\n<p><br \/>\n<br \/><a href=\"https:\/\/www.canalrural.com.br\/opiniao-noticias\/protagonismo-da-cadeia-de-proteinas-nas-exportacoes\/\">Source link <\/a><\/p>\n","protected":false},"excerpt":{"rendered":"<p>Estudo recente da Frente Parlamentar do Biodiesel (FPBio) identificou a necessidade de o Brasil consolidar ainda mais suas aten\u00e7\u00f5es \u00e0s<\/p>\n","protected":false},"author":1,"featured_media":15745,"comment_status":"open","ping_status":"open","sticky":false,"template":"","format":"standard","meta":{"_monsterinsights_skip_tracking":false,"_monsterinsights_sitenote_active":false,"_monsterinsights_sitenote_note":"","_monsterinsights_sitenote_category":0,"_uf_show_specific_survey":0,"_uf_disable_surveys":false,"footnotes":""},"categories":[1],"tags":[],"class_list":["post-15744","post","type-post","status-publish","format-standard","has-post-thumbnail","hentry","category-news"],"_links":{"self":[{"href":"https:\/\/agromt.news\/index.php?rest_route=\/wp\/v2\/posts\/15744"}],"collection":[{"href":"https:\/\/agromt.news\/index.php?rest_route=\/wp\/v2\/posts"}],"about":[{"href":"https:\/\/agromt.news\/index.php?rest_route=\/wp\/v2\/types\/post"}],"author":[{"embeddable":true,"href":"https:\/\/agromt.news\/index.php?rest_route=\/wp\/v2\/users\/1"}],"replies":[{"embeddable":true,"href":"https:\/\/agromt.news\/index.php?rest_route=%2Fwp%2Fv2%2Fcomments&post=15744"}],"version-history":[{"count":0,"href":"https:\/\/agromt.news\/index.php?rest_route=\/wp\/v2\/posts\/15744\/revisions"}],"wp:featuredmedia":[{"embeddable":true,"href":"https:\/\/agromt.news\/index.php?rest_route=\/wp\/v2\/media\/15745"}],"wp:attachment":[{"href":"https:\/\/agromt.news\/index.php?rest_route=%2Fwp%2Fv2%2Fmedia&parent=15744"}],"wp:term":[{"taxonomy":"category","embeddable":true,"href":"https:\/\/agromt.news\/index.php?rest_route=%2Fwp%2Fv2%2Fcategories&post=15744"},{"taxonomy":"post_tag","embeddable":true,"href":"https:\/\/agromt.news\/index.php?rest_route=%2Fwp%2Fv2%2Ftags&post=15744"}],"curies":[{"name":"wp","href":"https:\/\/api.w.org\/{rel}","templated":true}]}}