{"id":1572,"date":"2024-09-13T23:06:35","date_gmt":"2024-09-14T03:06:35","guid":{"rendered":"https:\/\/agromt.news\/?p=1572"},"modified":"2024-09-13T23:06:35","modified_gmt":"2024-09-14T03:06:35","slug":"blairo-maggi-agricultura-precisa-ser-bem-equilibrada-com-o-meio-ambiente-senao-nao-tem-futuro","status":"publish","type":"post","link":"https:\/\/agromt.news\/?p=1572","title":{"rendered":"Blairo Maggi: Agricultura precisa ser bem equilibrada com o meio ambiente sen\u00e3o n\u00e3o tem futuro"},"content":{"rendered":"<p> <br \/>\n<\/p>\n<div>\n<p>Em entrevista ao <strong>WW<\/strong> da <strong>CNN<\/strong>, o ex-ministro da Agricultura e Pecu\u00e1ria Blairo Maggi defendeu a necessidade de equil\u00edbrio entre a agricultura e o meio ambiente, destacando que, sem essa harmonia, n\u00e3o h\u00e1 futuro para o setor.<\/p>\n<p>Maggi enfatizou: \u201cEu ainda sou da \u00e9poca em que desmatar era necess\u00e1rio, era incentivado pelo governo. Com o passar do tempo e com as mudan\u00e7as clim\u00e1ticas, todos n\u00f3s demos uma meia volta, fizemos uma invers\u00e3o\u201d.<\/p>\n<h2>Mudan\u00e7a de paradigma na agricultura<\/h2>\n<p>O ex-ministro ressaltou a evolu\u00e7\u00e3o do pensamento no setor agr\u00edcola: \u201cHoje eu tenho certeza absoluta, e n\u00e3o s\u00f3 pela press\u00e3o do mercado, mas pela minha experi\u00eancia, n\u00f3s precisamos ter um meio ambiente equilibrado\u201d.<\/p>\n<p>Ele alertou sobre as evidentes mudan\u00e7as clim\u00e1ticas, observando que a quantidade de chuvas em Mato Grosso diminuiu significativamente desde as d\u00e9cadas de 70, 80 e 90.<\/p>\n<p>Maggi expressou preocupa\u00e7\u00e3o com o futuro: \u201cEu tenho medo que daqui para frente as chuvas fiquem mais escassas\u201d.<\/p>\n<p>\u00a0<\/p>\n<aside class=\"read-too read-too--with-img\"> <\/aside>\n<h2>Preserva\u00e7\u00e3o como responsabilidade do setor<\/h2>\n<p>Contrariando a ideia de que o setor agr\u00edcola seria contra a preserva\u00e7\u00e3o, Maggi afirmou: \u201cTodo agricultor sabe da sua responsabilidade com o cuidado\u201d.<\/p>\n<p>Ele destacou que Mato Grosso tem cerca de 60% de seu territ\u00f3rio preservado na forma natural, com apenas 10% ocupado pela agricultura.<\/p>\n<p>O ex-ministro concluiu enfatizando a necessidade de um equil\u00edbrio entre produ\u00e7\u00e3o, desenvolvimento e conserva\u00e7\u00e3o, considerando n\u00e3o apenas as florestas, mas tamb\u00e9m a fauna e a flora.<\/p>\n<div class=\"disclaimer__ai\"> <em>Os textos gerados por intelig\u00eancia artificial na <strong>CNN Brasil<\/strong>\u00a0s\u00e3o feitos com base nos cortes de v\u00eddeos dos jornais de sua programa\u00e7\u00e3o. Todas as informa\u00e7\u00f5es s\u00e3o apuradas e checadas por jornalistas. O texto final tamb\u00e9m passa pela revis\u00e3o da equipe de jornalismo da\u00a0<strong>CNN<\/strong>.\u00a0<a href=\"https:\/\/www.cnnbrasil.com.br\/nacional\/saiba-como-a-cnn-brasil-utiliza-as-ferramentas-de-inteligencia-artificial\/\" target=\"_blank\" rel=\"noopener\">Clique aqui para saber mais<\/a>.<\/em><\/div>\n<\/div>\n<p><br \/>\n<br \/><a href=\"https:\/\/www.cnnbrasil.com.br\/noticias\/blairo-maggi-agricultura-precisa-ser-bem-equilibrada-com-o-meio-ambiente-senao-nao-tem-futuro\/\">Source link <\/a><\/p>\n","protected":false},"excerpt":{"rendered":"<p>Em entrevista ao WW da CNN, o ex-ministro da Agricultura e Pecu\u00e1ria Blairo Maggi defendeu a necessidade de equil\u00edbrio entre<\/p>\n","protected":false},"author":1,"featured_media":1573,"comment_status":"open","ping_status":"open","sticky":false,"template":"","format":"standard","meta":{"_monsterinsights_skip_tracking":false,"_monsterinsights_sitenote_active":false,"_monsterinsights_sitenote_note":"","_monsterinsights_sitenote_category":0,"_uf_show_specific_survey":0,"_uf_disable_surveys":false,"footnotes":""},"categories":[1],"tags":[],"class_list":["post-1572","post","type-post","status-publish","format-standard","has-post-thumbnail","hentry","category-news"],"_links":{"self":[{"href":"https:\/\/agromt.news\/index.php?rest_route=\/wp\/v2\/posts\/1572"}],"collection":[{"href":"https:\/\/agromt.news\/index.php?rest_route=\/wp\/v2\/posts"}],"about":[{"href":"https:\/\/agromt.news\/index.php?rest_route=\/wp\/v2\/types\/post"}],"author":[{"embeddable":true,"href":"https:\/\/agromt.news\/index.php?rest_route=\/wp\/v2\/users\/1"}],"replies":[{"embeddable":true,"href":"https:\/\/agromt.news\/index.php?rest_route=%2Fwp%2Fv2%2Fcomments&post=1572"}],"version-history":[{"count":0,"href":"https:\/\/agromt.news\/index.php?rest_route=\/wp\/v2\/posts\/1572\/revisions"}],"wp:featuredmedia":[{"embeddable":true,"href":"https:\/\/agromt.news\/index.php?rest_route=\/wp\/v2\/media\/1573"}],"wp:attachment":[{"href":"https:\/\/agromt.news\/index.php?rest_route=%2Fwp%2Fv2%2Fmedia&parent=1572"}],"wp:term":[{"taxonomy":"category","embeddable":true,"href":"https:\/\/agromt.news\/index.php?rest_route=%2Fwp%2Fv2%2Fcategories&post=1572"},{"taxonomy":"post_tag","embeddable":true,"href":"https:\/\/agromt.news\/index.php?rest_route=%2Fwp%2Fv2%2Ftags&post=1572"}],"curies":[{"name":"wp","href":"https:\/\/api.w.org\/{rel}","templated":true}]}}