{"id":15657,"date":"2025-06-26T14:31:56","date_gmt":"2025-06-26T18:31:56","guid":{"rendered":"https:\/\/agromt.news\/?p=15657"},"modified":"2025-06-26T14:31:56","modified_gmt":"2025-06-26T18:31:56","slug":"minas-gerais-projeta-colheita-de-238-mil-toneladas-de-ponkan","status":"publish","type":"post","link":"https:\/\/agromt.news\/?p=15657","title":{"rendered":"Minas Gerais projeta colheita de 238 mil toneladas de ponkan"},"content":{"rendered":"<p> <br \/>\n<\/p>\n<div>\n<p style=\"text-align:justify\">A safra de tangerina ponkan em Minas Gerais deve atingir 238,6 mil toneladas, segundo estimativa da Empresa de Assist\u00eancia T\u00e9cnica e Extens\u00e3o Rural do Estado (Emater-MG). A previs\u00e3o representa um aumento de 3,1% em rela\u00e7\u00e3o \u00e0 safra do ano anterior. O pico da colheita ocorre entre os meses de maio e julho.&#13;\n<\/p>\n<p style=\"text-align:justify\">Minas Gerais \u00e9 o segundo maior produtor da fruta no pa\u00eds, ficando atr\u00e1s apenas de S\u00e3o Paulo. A variedade ponkan, a mais cultivada no estado, ocupa uma \u00e1rea de 12,4 mil hectares e \u00e9 produzida, em sua maioria, por agricultores familiares. Conforme dados da Emater-MG, 6.175 pequenos produtores est\u00e3o envolvidos na cultura da fruta.<\/p>\n<p style=\"text-align:justify\">Os munic\u00edpios de Belo Vale, Campanha e Brumadinho lideram a produ\u00e7\u00e3o da variedade no estado. Em Belo Vale, principal polo produtor, a expectativa \u00e9 colher 34,6 mil toneladas em uma \u00e1rea de 2,1 mil hectares. As condi\u00e7\u00f5es clim\u00e1ticas da regi\u00e3o, com temperaturas m\u00e9dias entre 20\u00a0\u00b0C e 30\u00a0\u00b0C, favorecem o desenvolvimento da cultura.&#13;\n<\/p>\n<p style=\"text-align:justify\">Apesar do cen\u00e1rio positivo, a Emater-MG tem refor\u00e7ado orienta\u00e7\u00f5es aos produtores sobre a necessidade de preven\u00e7\u00e3o contra o greening, considerada a doen\u00e7a mais severa da citricultura. Causada por uma bact\u00e9ria, a enfermidade compromete o formato dos frutos, provoca matura\u00e7\u00e3o irregular, reduz a produtividade e pode levar \u00e0 morte das plantas.<\/p>\n<p style=\"text-align:justify\">\u201cO recomendado \u00e9 a elimina\u00e7\u00e3o imediata dos p\u00e9s de tangerina diagnosticados com a doen\u00e7a\u201d, alerta a Emater. A contamina\u00e7\u00e3o ocorre por meio do psil\u00eddeo, inseto vetor que transmite a bact\u00e9ria ao se alimentar da seiva das plantas. Entre as a\u00e7\u00f5es preventivas est\u00e3o o uso de mudas sadias, viveiros certificados e o controle do inseto transmissor. Tamb\u00e9m \u00e9 indicada a erradica\u00e7\u00e3o de pomares antigos, que j\u00e1 n\u00e3o produzem, mas podem servir como focos da doen\u00e7a.&#13;\n<\/p>\n<p style=\"text-align:justify\">Nas \u00e1reas onde o greening \u00e9 identificado, a legisla\u00e7\u00e3o determina a erradica\u00e7\u00e3o das plantas infectadas. O procedimento deve ser acompanhado por t\u00e9cnicos do Instituto Mineiro de Agropecu\u00e1ria (IMA), \u00f3rg\u00e3o estadual respons\u00e1vel pela defesa vegetal.<\/p>\n<\/p><\/div>\n<p><script data-cfasync=\"false\">\n    !function (f, b, e, v, n, t, s) {\n        if (f.fbq) return; n = f.fbq = function () {\n            n.callMethod ?\n                n.callMethod.apply(n, arguments) : n.queue.push(arguments)\n        };\n        if (!f._fbq) f._fbq = n; n.push = n; n.loaded = !0; n.version = '2.0';\n        n.queue = []; t = b.createElement(e); t.async = !0;\n        t.src = v; s = b.getElementsByTagName(e)[0];\n        s.parentNode.insertBefore(t, s)\n    }(window, document, 'script',\n        'https:\/\/connect.facebook.net\/en_US\/fbevents.js');\n    fbq('init', '522546078623747');\n    fbq('track', 'PageView');\n<\/script><br \/>\n<br \/><br \/>\n<br \/><a href=\"https:\/\/www.agrolink.com.br\/noticias\/minas-gerais-projeta-colheita-de-238-mil-toneladas-de-ponkan_503238.html\">Source link <\/a><\/p>\n","protected":false},"excerpt":{"rendered":"<p>A safra de tangerina ponkan em Minas Gerais deve atingir 238,6 mil toneladas, segundo estimativa da Empresa de Assist\u00eancia T\u00e9cnica<\/p>\n","protected":false},"author":1,"featured_media":15658,"comment_status":"open","ping_status":"open","sticky":false,"template":"","format":"standard","meta":{"_monsterinsights_skip_tracking":false,"_monsterinsights_sitenote_active":false,"_monsterinsights_sitenote_note":"","_monsterinsights_sitenote_category":0,"_uf_show_specific_survey":0,"_uf_disable_surveys":false,"footnotes":""},"categories":[8,1,14],"tags":[],"class_list":["post-15657","post","type-post","status-publish","format-standard","has-post-thumbnail","hentry","category-agro","category-news","category-politica-agro"],"_links":{"self":[{"href":"https:\/\/agromt.news\/index.php?rest_route=\/wp\/v2\/posts\/15657"}],"collection":[{"href":"https:\/\/agromt.news\/index.php?rest_route=\/wp\/v2\/posts"}],"about":[{"href":"https:\/\/agromt.news\/index.php?rest_route=\/wp\/v2\/types\/post"}],"author":[{"embeddable":true,"href":"https:\/\/agromt.news\/index.php?rest_route=\/wp\/v2\/users\/1"}],"replies":[{"embeddable":true,"href":"https:\/\/agromt.news\/index.php?rest_route=%2Fwp%2Fv2%2Fcomments&post=15657"}],"version-history":[{"count":0,"href":"https:\/\/agromt.news\/index.php?rest_route=\/wp\/v2\/posts\/15657\/revisions"}],"wp:featuredmedia":[{"embeddable":true,"href":"https:\/\/agromt.news\/index.php?rest_route=\/wp\/v2\/media\/15658"}],"wp:attachment":[{"href":"https:\/\/agromt.news\/index.php?rest_route=%2Fwp%2Fv2%2Fmedia&parent=15657"}],"wp:term":[{"taxonomy":"category","embeddable":true,"href":"https:\/\/agromt.news\/index.php?rest_route=%2Fwp%2Fv2%2Fcategories&post=15657"},{"taxonomy":"post_tag","embeddable":true,"href":"https:\/\/agromt.news\/index.php?rest_route=%2Fwp%2Fv2%2Ftags&post=15657"}],"curies":[{"name":"wp","href":"https:\/\/api.w.org\/{rel}","templated":true}]}}