{"id":15645,"date":"2025-06-26T10:41:32","date_gmt":"2025-06-26T14:41:32","guid":{"rendered":"https:\/\/agromt.news\/?p=15645"},"modified":"2025-06-26T10:41:32","modified_gmt":"2025-06-26T14:41:32","slug":"suinos-perdem-competitividade-frente-a-carne-de-frango","status":"publish","type":"post","link":"https:\/\/agromt.news\/?p=15645","title":{"rendered":"Su\u00ednos perdem competitividade frente \u00e0 carne de frango"},"content":{"rendered":"<p> <br \/>\n<br \/><img decoding=\"async\" src=\"https:\/\/agromt.news\/wp-content\/uploads\/2024\/10\/Custos-de-producao-de-frangos-de-corte-e-de-suinos.jpg\" \/><\/p>\n<div>\n<p>A carne su\u00edna vem perdendo competitividade frente \u00e0 de frango em junho. \u00c9 isso que apontam os levantamentos do <a href=\"https:\/\/www.canalrural.com.br\/tag\/cepea\/\">Centro de Estudos Avan\u00e7ados em Economia Aplicada (Cepea)<\/a>.<\/p>\n<p>Segundo o Cepea, isso se deve \u00e0s desvaloriza\u00e7\u00f5es mais intensas da prote\u00edna av\u00edcola em rela\u00e7\u00e3o \u00e0 suin\u00edcola, no comparativo com o m\u00eas anterior.\u00a0<\/p>\n<p>Recentemente os pre\u00e7os da carca\u00e7a especial su\u00edna registraram rea\u00e7\u00e3o no atacado da Grande S\u00e3o Paulo. Apesar disso, as quedas verificadas da segunda quinzena de maio at\u00e9 a primeira semana de junho impediram o avan\u00e7o da m\u00e9dia parcial deste m\u00eas.\u00a0<\/p>\n<p>Quanto ao frango, pesquisadores do Cepea explicam que h\u00e1 grande quantidade de carne dispon\u00edvel no mercado interno em junho.\u00a0<\/p>\n<\/div>\n<div>\n<p>Esse maior volume resultou das restri\u00e7\u00f5es \u00e0s exporta\u00e7\u00f5es impostas pelos parceiros comerciais do Brasil devido \u00e0 gripe avi\u00e1ria. Dessa forma, os valores das cota\u00e7\u00f5es t\u00eam sido fortemente pressionados.<\/p>\n<p><em>*Sob supervis\u00e3o de Luis Roberto Toledo<\/em><\/p>\n<\/p><\/div>\n<p><br \/>\n<br \/><a href=\"https:\/\/www.canalrural.com.br\/aves-e-suinos\/suinos-perdem-competitividade-frente-a-carne-de-frango\/\">Source link <\/a><\/p>\n","protected":false},"excerpt":{"rendered":"<p>A carne su\u00edna vem perdendo competitividade frente \u00e0 de frango em junho. \u00c9 isso que apontam os levantamentos do Centro<\/p>\n","protected":false},"author":1,"featured_media":3391,"comment_status":"open","ping_status":"open","sticky":false,"template":"","format":"standard","meta":{"_monsterinsights_skip_tracking":false,"_monsterinsights_sitenote_active":false,"_monsterinsights_sitenote_note":"","_monsterinsights_sitenote_category":0,"_uf_show_specific_survey":0,"_uf_disable_surveys":false,"footnotes":""},"categories":[1],"tags":[],"class_list":["post-15645","post","type-post","status-publish","format-standard","has-post-thumbnail","hentry","category-news"],"_links":{"self":[{"href":"https:\/\/agromt.news\/index.php?rest_route=\/wp\/v2\/posts\/15645"}],"collection":[{"href":"https:\/\/agromt.news\/index.php?rest_route=\/wp\/v2\/posts"}],"about":[{"href":"https:\/\/agromt.news\/index.php?rest_route=\/wp\/v2\/types\/post"}],"author":[{"embeddable":true,"href":"https:\/\/agromt.news\/index.php?rest_route=\/wp\/v2\/users\/1"}],"replies":[{"embeddable":true,"href":"https:\/\/agromt.news\/index.php?rest_route=%2Fwp%2Fv2%2Fcomments&post=15645"}],"version-history":[{"count":0,"href":"https:\/\/agromt.news\/index.php?rest_route=\/wp\/v2\/posts\/15645\/revisions"}],"wp:featuredmedia":[{"embeddable":true,"href":"https:\/\/agromt.news\/index.php?rest_route=\/wp\/v2\/media\/3391"}],"wp:attachment":[{"href":"https:\/\/agromt.news\/index.php?rest_route=%2Fwp%2Fv2%2Fmedia&parent=15645"}],"wp:term":[{"taxonomy":"category","embeddable":true,"href":"https:\/\/agromt.news\/index.php?rest_route=%2Fwp%2Fv2%2Fcategories&post=15645"},{"taxonomy":"post_tag","embeddable":true,"href":"https:\/\/agromt.news\/index.php?rest_route=%2Fwp%2Fv2%2Ftags&post=15645"}],"curies":[{"name":"wp","href":"https:\/\/api.w.org\/{rel}","templated":true}]}}