{"id":15644,"date":"2025-06-26T10:37:43","date_gmt":"2025-06-26T14:37:43","guid":{"rendered":"https:\/\/agromt.news\/?p=15644"},"modified":"2025-06-26T10:37:43","modified_gmt":"2025-06-26T14:37:43","slug":"clima-na-bahia-afeta-produtividade-do-algodao","status":"publish","type":"post","link":"https:\/\/agromt.news\/?p=15644","title":{"rendered":"Clima na Bahia afeta produtividade do algod\u00e3o"},"content":{"rendered":"<p> <br \/>\n<\/p>\n<div>\n<div class=\"row\">\n<div class=\"col-lg col-infos mt-0 mt-lg-0\">\n<div class=\"section-sub-title\">\n<p itemprop=\"description\">&#13;<br \/>\n                                Produ\u00e7\u00e3o de algod\u00e3o \u00e9 reestimada para 3,85 milh\u00f5es de toneladas&#13;\n                            <\/p>\n<\/p><\/div>\n<div class=\"container\">\n<div class=\"row\">\n<div class=\"col-lg p-0\">\n<div>\n<div class=\"block-news-main-infos mt-3 text-start\">\n<p>                                            <strong class=\"fn\" itemprop=\"author\" style=\"color: rgb(112, 112, 112); \">&#13;<br \/>\n                                                <a href=\"https:\/\/www.agrolink.com.br\/noticias\/javascript:;\" class=\"text-uppercase\" target=\"_blank\" style=\"color: rgb(112, 112, 112); \" rel=\"noopener\">Agrolink<\/a>&#13;<br \/>\n&#13;<br \/>\n                                                    &#8211; Seane Lennon&#13;<br \/>\n&#13;<br \/>\n                                            <\/strong><br \/>\n                                        <\/p>\n<p>                                            <abbr><time datetime=\"2025-06-25T18:42\" itemprop=\"datePublished dateModified\">Publicado em 25\/06\/2025 \u00e0s 18:42h.<\/time><\/abbr><br \/>\n                                            <\/p><\/div>\n<\/p><\/div>\n<\/p><\/div>\n<div class=\"col-lg p-0 text-lg-end\">\n<div>\n<div id=\"mdEnviarPagina\" class=\"modal fade\" role=\"dialog\">\n<div class=\"modal-dialog\">\n<div class=\"modal-content\">\n<div class=\"modal-body\">\n<p><strong>Estimado usu\u00e1rio.<\/strong><br \/>Preencha o formul\u00e1rio abaixo para remeter a p\u00e1gina.<\/p>\n<\/p><\/div>\n<\/p><\/div>\n<\/p><\/div>\n<\/div><\/div>\n<\/p><\/div>\n<\/p><\/div>\n<\/p><\/div>\n<\/p><\/div>\n<\/p><\/div>\n<div class=\"row justify-content-md-center mt-3\">\n<div class=\"col-lg-auto col-image block-news-main-image\">\n<p>                                <img decoding=\"async\" src=\"https:\/\/www.agrolink.com.br\/upload\/imagens-resizes\/adfe2ca8273b42708e91ea234f4539a8_858x483.jpg\" class=\"lazyload img-fluid\"\/><br \/>\n                                                <span class=\"publicity-photo d-block mt-1\">Foto: Pixabay<\/span><\/p><\/div>\n<\/p><\/div>\n<div class=\"section-description section-description-noticias mt-3\">\n<p style=\"text-align:justify\">A safra brasileira de <a href=\"https:\/\/www.agrolink.com.br\/culturas\/algodao\/\" target=\"_blank\" rel=\"noopener\">algod\u00e3o<\/a> 2024\/25 foi reestimada para 3,85 milh\u00f5es de toneladas de pluma, conforme relat\u00f3rio divulgado pela StoneX, empresa global de servi\u00e7os financeiros. O novo dado representa uma redu\u00e7\u00e3o de 0,7% em rela\u00e7\u00e3o \u00e0 proje\u00e7\u00e3o feita em maio.&#13;\n<\/p>\n<p style=\"text-align:justify\">De acordo com a consultoria, o principal motivo para a revis\u00e3o foi a piora nas condi\u00e7\u00f5es clim\u00e1ticas na Bahia. A regi\u00e3o enfrentou um per\u00edodo de clima mais seco durante mar\u00e7o, seguido por chuvas nas proximidades da colheita, o que afetou negativamente o rendimento final. \u201cO clima mais \u00famido nas v\u00e9speras da colheita trouxe uma sensibilidade maior no ter\u00e7o inferior dos algodoeiros de algumas regi\u00f5es, gerando queda de capulhos em alguns casos. Com esse cen\u00e1rio adverso, a produtividade m\u00e9dia no estado baiano ser\u00e1 de 1,77 ton\/ha, um dos menores valores dos \u00faltimos anos\u201d, afirma Raphael Bulascoschi, analista de Intelig\u00eancia de Mercado da StoneX.<\/p>\n<p style=\"text-align:justify\">No Mato Grosso, as condi\u00e7\u00f5es clim\u00e1ticas foram mais favor\u00e1veis durante o desenvolvimento vegetativo. As chuvas se estenderam por per\u00edodos normalmente secos, favorecendo a segunda safra. Contudo, a continuidade das precipita\u00e7\u00f5es em junho pode afetar o ritmo da colheita e a qualidade da fibra.&#13;\n<\/p>\n<p style=\"text-align:justify\">A previs\u00e3o para as exporta\u00e7\u00f5es brasileiras de algod\u00e3o permanece em 2,9 milh\u00f5es de toneladas. Apesar do ritmo mais lento dos embarques nas \u00faltimas semanas, a expectativa \u00e9 de que o volume cres\u00e7a no segundo semestre com a entrada da nova safra.<\/p>\n<p style=\"text-align:justify\">O cen\u00e1rio internacional, por\u00e9m, permanece desafiador. A demanda global segue enfraquecida e a valoriza\u00e7\u00e3o do real frente ao d\u00f3lar tem reduzido a competitividade da fibra brasileira. \u201cNo mercado interno, a consultoria revisou para baixo a estimativa de consumo de algod\u00e3o, que agora \u00e9 de 700 mil toneladas. O mercado tem tido dificuldade de absorver a pluma e a demanda segue lenta no mercado dom\u00e9stico\u201d, destaca Bulascoschi.<\/p>\n<p style=\"text-align:justify\">Com a retra\u00e7\u00e3o na produ\u00e7\u00e3o e a revis\u00e3o para baixo no consumo, os estoques finais foram mantidos est\u00e1veis em 2,7 milh\u00f5es de toneladas.<\/p>\n<\/p><\/div>\n<\/p><\/div>\n<p><script data-cfasync=\"false\">\n    !function (f, b, e, v, n, t, s) {\n        if (f.fbq) return; n = f.fbq = function () {\n            n.callMethod ?\n                n.callMethod.apply(n, arguments) : n.queue.push(arguments)\n        };\n        if (!f._fbq) f._fbq = n; n.push = n; n.loaded = !0; n.version = '2.0';\n        n.queue = []; t = b.createElement(e); t.async = !0;\n        t.src = v; s = b.getElementsByTagName(e)[0];\n        s.parentNode.insertBefore(t, s)\n    }(window, document, 'script',\n        'https:\/\/connect.facebook.net\/en_US\/fbevents.js');\n    fbq('init', '522546078623747');\n    fbq('track', 'PageView');\n<\/script><br \/>\n<br \/><br \/>\n<br \/><a href=\"https:\/\/www.agrolink.com.br\/noticias\/clima-na-bahia-afeta-produtividade-do-algodao_503240.html\">Source link <\/a><\/p>\n","protected":false},"excerpt":{"rendered":"<p>&#13; Produ\u00e7\u00e3o de algod\u00e3o \u00e9 reestimada para 3,85 milh\u00f5es de toneladas&#13; &#13; Agrolink&#13; &#13; &#8211; Seane Lennon&#13; &#13; Publicado em<\/p>\n","protected":false},"author":1,"featured_media":6737,"comment_status":"open","ping_status":"open","sticky":false,"template":"","format":"standard","meta":{"_monsterinsights_skip_tracking":false,"_monsterinsights_sitenote_active":false,"_monsterinsights_sitenote_note":"","_monsterinsights_sitenote_category":0,"_uf_show_specific_survey":0,"_uf_disable_surveys":false,"footnotes":""},"categories":[8,1,14],"tags":[],"class_list":["post-15644","post","type-post","status-publish","format-standard","has-post-thumbnail","hentry","category-agro","category-news","category-politica-agro"],"_links":{"self":[{"href":"https:\/\/agromt.news\/index.php?rest_route=\/wp\/v2\/posts\/15644"}],"collection":[{"href":"https:\/\/agromt.news\/index.php?rest_route=\/wp\/v2\/posts"}],"about":[{"href":"https:\/\/agromt.news\/index.php?rest_route=\/wp\/v2\/types\/post"}],"author":[{"embeddable":true,"href":"https:\/\/agromt.news\/index.php?rest_route=\/wp\/v2\/users\/1"}],"replies":[{"embeddable":true,"href":"https:\/\/agromt.news\/index.php?rest_route=%2Fwp%2Fv2%2Fcomments&post=15644"}],"version-history":[{"count":0,"href":"https:\/\/agromt.news\/index.php?rest_route=\/wp\/v2\/posts\/15644\/revisions"}],"wp:featuredmedia":[{"embeddable":true,"href":"https:\/\/agromt.news\/index.php?rest_route=\/wp\/v2\/media\/6737"}],"wp:attachment":[{"href":"https:\/\/agromt.news\/index.php?rest_route=%2Fwp%2Fv2%2Fmedia&parent=15644"}],"wp:term":[{"taxonomy":"category","embeddable":true,"href":"https:\/\/agromt.news\/index.php?rest_route=%2Fwp%2Fv2%2Fcategories&post=15644"},{"taxonomy":"post_tag","embeddable":true,"href":"https:\/\/agromt.news\/index.php?rest_route=%2Fwp%2Fv2%2Ftags&post=15644"}],"curies":[{"name":"wp","href":"https:\/\/api.w.org\/{rel}","templated":true}]}}