{"id":15641,"date":"2025-06-26T10:09:05","date_gmt":"2025-06-26T14:09:05","guid":{"rendered":"https:\/\/agromt.news\/?p=15641"},"modified":"2025-06-26T10:09:05","modified_gmt":"2025-06-26T14:09:05","slug":"ipca-15-sobe-menos-do-que-o-projetado-em-junho-ante-maio","status":"publish","type":"post","link":"https:\/\/agromt.news\/?p=15641","title":{"rendered":"IPCA-15 sobe menos do que o projetado em junho ante maio"},"content":{"rendered":"<p> <br \/>\n<br \/><img decoding=\"async\" src=\"https:\/\/agromt.news\/wp-content\/uploads\/2025\/06\/IPCA-15-sobe-menos-do-que-o-projetado-em-junho-ante.jpg\" \/><\/p>\n<div>\n<p>O Indice Nacional de Pre\u00e7os ao Consumidor Amplo-15 (IPCA-15) subiu 0,26% em junho na compara\u00e7\u00e3o com maio, 0,1 ponto percentual (p.p.) abaixo da taxa registrada no quinto m\u00eas do ano (0,36%). As informa\u00e7\u00f5es foram divulgadas pelo Instituto Brasileiro de Geografia e Estat\u00edstica <strong><a href=\"http:\/\/www.canalrural.com.br\/tag\/ibge\/\">(IBGE)<\/a><\/strong>. <\/p>\n<p>O acumulado no ano ficou em 3,06%, enquanto o acumulado em 12 meses foi de 5,27%. Em junho de 2024, o IPCA-15 havia registrado alta de 0,39%. Tanto o resultado mensal quanto o acumulado de 12 meses ficaram abaixo das proje\u00e7\u00f5es de +0,30% e +5,31%, respectivamente, medidas pelo Term\u00f4metro Safras. <\/p>\n<\/div>\n<div>\n<p>Dos nove grupos de produtos e servi\u00e7os pesquisados, sete tiveram alta em junho. A maior varia\u00e7\u00e3o e o maior impacto vieram de Habita\u00e7\u00e3o (1,08% e 0,16 p.p.), seguido de Vestu\u00e1rio com 0,51%. O grupo Alimenta\u00e7\u00e3o e bebidas, ap\u00f3s nove meses consecutivos de alta, apresentou recuo de 0,02%, assim como Educa\u00e7\u00e3o. Os demais grupos oscilaram entre o 0,02% de Comunica\u00e7\u00e3o e o 0,29% de Sa\u00fade e cuidados pessoais. <\/p>\n<p>No grupo Habita\u00e7\u00e3o (1,08%), destaca-se a energia el\u00e9trica residencial (3,29% e 0,13 p.p.), principal impacto individual no \u00edndice. Em junho, passou a vigorar a bandeira tarif\u00e1ria vermelha patamar 1, com a cobran\u00e7a adicional de R$4,46 a cada 100kwh consumidos. <\/p>\n<p>Al\u00e9m disso, foram apropriados os seguintes reajustes tarif\u00e1rios: 7,36% em Belo Horizonte (6,82%), a partir de 28 de maio; 3,33% em Recife (4,58%), a partir de 29 de abril; 2,07% em Salvador (2,30%), a partir de 22 de abril; e redu\u00e7\u00e3o de 1,68% na tarifa em Fortaleza (3,53%), a partir de 22 de abril. Ainda em Habita\u00e7\u00e3o, a taxa de \u00e1gua e esgoto (0,94%) incorpora os seguintes reajustes: 9,88% em Bras\u00edlia (4,43%), a partir de 1\u00ba de junho; 3,83% em Curitiba (3,70%), a partir de 17 de maio 9,98% em Recife (3,33%), a partir de 26 de abril e 6,58% em uma das concession\u00e1rias em Porto Alegre (1,95%), a partir de 4 de maio. O g\u00e1s encanado (0,13%) teve reajuste m\u00e9dio de 0,77% no Rio de<\/p>\n<\/p><\/div>\n<p><br \/>\n<br \/><a href=\"https:\/\/www.canalrural.com.br\/economia\/ibge-ipca-15-sobe-menos-do-que-o-projetado-em-junho-ante-maio\/\">Source link <\/a><\/p>\n","protected":false},"excerpt":{"rendered":"<p>O Indice Nacional de Pre\u00e7os ao Consumidor Amplo-15 (IPCA-15) subiu 0,26% em junho na compara\u00e7\u00e3o com maio, 0,1 ponto percentual<\/p>\n","protected":false},"author":1,"featured_media":15642,"comment_status":"open","ping_status":"open","sticky":false,"template":"","format":"standard","meta":{"_monsterinsights_skip_tracking":false,"_monsterinsights_sitenote_active":false,"_monsterinsights_sitenote_note":"","_monsterinsights_sitenote_category":0,"_uf_show_specific_survey":0,"_uf_disable_surveys":false,"footnotes":""},"categories":[1],"tags":[],"class_list":["post-15641","post","type-post","status-publish","format-standard","has-post-thumbnail","hentry","category-news"],"_links":{"self":[{"href":"https:\/\/agromt.news\/index.php?rest_route=\/wp\/v2\/posts\/15641"}],"collection":[{"href":"https:\/\/agromt.news\/index.php?rest_route=\/wp\/v2\/posts"}],"about":[{"href":"https:\/\/agromt.news\/index.php?rest_route=\/wp\/v2\/types\/post"}],"author":[{"embeddable":true,"href":"https:\/\/agromt.news\/index.php?rest_route=\/wp\/v2\/users\/1"}],"replies":[{"embeddable":true,"href":"https:\/\/agromt.news\/index.php?rest_route=%2Fwp%2Fv2%2Fcomments&post=15641"}],"version-history":[{"count":0,"href":"https:\/\/agromt.news\/index.php?rest_route=\/wp\/v2\/posts\/15641\/revisions"}],"wp:featuredmedia":[{"embeddable":true,"href":"https:\/\/agromt.news\/index.php?rest_route=\/wp\/v2\/media\/15642"}],"wp:attachment":[{"href":"https:\/\/agromt.news\/index.php?rest_route=%2Fwp%2Fv2%2Fmedia&parent=15641"}],"wp:term":[{"taxonomy":"category","embeddable":true,"href":"https:\/\/agromt.news\/index.php?rest_route=%2Fwp%2Fv2%2Fcategories&post=15641"},{"taxonomy":"post_tag","embeddable":true,"href":"https:\/\/agromt.news\/index.php?rest_route=%2Fwp%2Fv2%2Ftags&post=15641"}],"curies":[{"name":"wp","href":"https:\/\/api.w.org\/{rel}","templated":true}]}}