{"id":15634,"date":"2025-06-26T09:13:22","date_gmt":"2025-06-26T13:13:22","guid":{"rendered":"https:\/\/agromt.news\/?p=15634"},"modified":"2025-06-26T09:13:22","modified_gmt":"2025-06-26T13:13:22","slug":"empreendedor-usa-festas-juninas-para-turbinar-as-vendas","status":"publish","type":"post","link":"https:\/\/agromt.news\/?p=15634","title":{"rendered":"Empreendedor usa festas juninas para turbinar as vendas"},"content":{"rendered":"<p> <br \/>\n<br \/><img decoding=\"async\" src=\"https:\/\/agromt.news\/wp-content\/uploads\/2025\/06\/Empreendedor-usa-festas-juninas-para-turbinar-as-vendas.jpg\" \/><\/p>\n<div>\n<p>Com a chegada das <a href=\"https:\/\/www.canalrural.com.br\/empreendedorismo\/festas-juninas-impulsionam-o-empreendedorismo-rural\/\">festas juninas<\/a>, Reginaldo viu uma oportunidade de transformar um produto tradicional em sucesso de vendas. Produtor de licor de gengibre durante todo o ano, ele decidiu criar uma vers\u00e3o tem\u00e1tica especialmente para o m\u00eas de junho.<\/p>\n<p>Inspirado por suas ra\u00edzes nordestinas, Reginaldo associou o sabor do licor ao clima das festas. \u201cO licor lembra o quent\u00e3o, que \u00e9 t\u00edpico dessa \u00e9poca. Pensei: por que n\u00e3o trazer o caipira para o r\u00f3tulo e destacar o S\u00e3o Jo\u00e3o?\u201d, conta ele. A ideia resultou em uma edi\u00e7\u00e3o limitada com identidade visual junina; incluindo um pequeno chap\u00e9u de palha na embalagem.<\/p>\n<p>Mesmo com o novo visual, o valor do produto foi mantido. Segundo Reginaldo, a proposta n\u00e3o era lucrar mais, mas criar conex\u00e3o. \u201cO cliente compra para presentear. Isso fideliza. Ele se sente valorizado, e eu aumento as vendas.\u201d<\/p>\n<\/div>\n<div>\n<ul class=\"wp-block-list\">\n<li><em>Participe do Porteira Aberta Empreender: envie perguntas, sugest\u00f5es e conte sua hist\u00f3ria de empreendedorismo pelo <\/em><a href=\"https:\/\/api.whatsapp.com\/send?phone=5511932796720&amp;PorteiraAbertaEmpreender=SuaMensagem\"><strong>WhatsApp<\/strong><\/a><\/li>\n<\/ul>\n<p>Desde o lan\u00e7amento, a edi\u00e7\u00e3o especial tem se destacado nas prateleiras. \u201cO visual chama aten\u00e7\u00e3o. A pessoa passa, v\u00ea o \u201cchap\u00e9uzinho\u201d, e lembra da quadrilha, da quermesse. Est\u00e1 vendendo muito bem\u201d, afirma o produtor que esteve presente, com apoio do <a href=\"https:\/\/sebrae.com.br\/sites\/PortalSebrae\/\">Sebrae<\/a>, na Bio Brazil Fair &amp; Naturaltech, evento que aconteceu na capital paulista. <\/p>\n<\/p><\/div>\n<p><br \/>\n<br \/><a href=\"https:\/\/www.canalrural.com.br\/empreendedorismo\/empreendedor-usa-festas-juninas-para-turbinar-as-vendas\/\">Source link <\/a><\/p>\n","protected":false},"excerpt":{"rendered":"<p>Com a chegada das festas juninas, Reginaldo viu uma oportunidade de transformar um produto tradicional em sucesso de vendas. Produtor<\/p>\n","protected":false},"author":1,"featured_media":15635,"comment_status":"open","ping_status":"open","sticky":false,"template":"","format":"standard","meta":{"_monsterinsights_skip_tracking":false,"_monsterinsights_sitenote_active":false,"_monsterinsights_sitenote_note":"","_monsterinsights_sitenote_category":0,"_uf_show_specific_survey":0,"_uf_disable_surveys":false,"footnotes":""},"categories":[1],"tags":[],"class_list":["post-15634","post","type-post","status-publish","format-standard","has-post-thumbnail","hentry","category-news"],"_links":{"self":[{"href":"https:\/\/agromt.news\/index.php?rest_route=\/wp\/v2\/posts\/15634"}],"collection":[{"href":"https:\/\/agromt.news\/index.php?rest_route=\/wp\/v2\/posts"}],"about":[{"href":"https:\/\/agromt.news\/index.php?rest_route=\/wp\/v2\/types\/post"}],"author":[{"embeddable":true,"href":"https:\/\/agromt.news\/index.php?rest_route=\/wp\/v2\/users\/1"}],"replies":[{"embeddable":true,"href":"https:\/\/agromt.news\/index.php?rest_route=%2Fwp%2Fv2%2Fcomments&post=15634"}],"version-history":[{"count":0,"href":"https:\/\/agromt.news\/index.php?rest_route=\/wp\/v2\/posts\/15634\/revisions"}],"wp:featuredmedia":[{"embeddable":true,"href":"https:\/\/agromt.news\/index.php?rest_route=\/wp\/v2\/media\/15635"}],"wp:attachment":[{"href":"https:\/\/agromt.news\/index.php?rest_route=%2Fwp%2Fv2%2Fmedia&parent=15634"}],"wp:term":[{"taxonomy":"category","embeddable":true,"href":"https:\/\/agromt.news\/index.php?rest_route=%2Fwp%2Fv2%2Fcategories&post=15634"},{"taxonomy":"post_tag","embeddable":true,"href":"https:\/\/agromt.news\/index.php?rest_route=%2Fwp%2Fv2%2Ftags&post=15634"}],"curies":[{"name":"wp","href":"https:\/\/api.w.org\/{rel}","templated":true}]}}