{"id":15623,"date":"2025-06-26T06:42:56","date_gmt":"2025-06-26T10:42:56","guid":{"rendered":"https:\/\/agromt.news\/?p=15623"},"modified":"2025-06-26T06:42:56","modified_gmt":"2025-06-26T10:42:56","slug":"leite-adquirido-do-paa-e-distribuido-no-ceara","status":"publish","type":"post","link":"https:\/\/agromt.news\/?p=15623","title":{"rendered":"Leite adquirido do PAA \u00e9 distribu\u00eddo no Cear\u00e1"},"content":{"rendered":"<p> <br \/>\n<\/p>\n<div>\n<p style=\"text-align:justify\">A Companhia Nacional de Abastecimento (Conab) iniciou, nesta quinta-feira (26), a distribui\u00e7\u00e3o de leite em p\u00f3 a entidades assistenciais no estado do Cear\u00e1. Cerca de 8,8 toneladas do produto foram destinadas a cinco organiza\u00e7\u00f5es que atuam no combate \u00e0 inseguran\u00e7a alimentar, em cerim\u00f4nia realizada na Unidade Armazenadora da Companhia em Maracana\u00fa.&#13;\n<\/p>\n<p style=\"text-align:justify\">As institui\u00e7\u00f5es beneficiadas com esta primeira entrega s\u00e3o o Conselho Comunit\u00e1rio do Cear\u00e1, em Aquiraz; a Associa\u00e7\u00e3o Miss\u00e3o Fam\u00edlia, em Baturit\u00e9; a Associa\u00e7\u00e3o Comunit\u00e1ria do Capuan, em Caucaia; a Associa\u00e7\u00e3o Maranata de Desenvolvimento Social do Amanari, em Maranguape; e o Instituto Social Cultural de Apoio \u00e0 Vida Padre Alcides Tr\u00eas, em Monsenhor Tabosa.<\/p>\n<p style=\"text-align:justify\">O alimento foi adquirido pela Conab em 2023, por meio da modalidade Compra Direta do Programa de Aquisi\u00e7\u00e3o de Alimentos (PAA), com recursos do Minist\u00e9rio do Desenvolvimento e Assist\u00eancia Social, Fam\u00edlia e Combate \u00e0 Fome (MDS). No total, foram adquiridas 33 toneladas de leite em p\u00f3, o que representou um investimento de aproximadamente R$ 1,05 milh\u00e3o na agricultura familiar cearense.&#13;\n<\/p>\n<p style=\"text-align:justify\">A entrega marca o in\u00edcio da etapa de distribui\u00e7\u00e3o dos produtos comprados no estado. \u201cEssa a\u00e7\u00e3o tem dois objetivos centrais: apoiar a produ\u00e7\u00e3o da agricultura familiar e garantir alimenta\u00e7\u00e3o a quem mais precisa\u201d, destacou um representante da Conab presente no evento.<\/p>\n<p style=\"text-align:justify\">Ainda nesta quinta-feira, t\u00e9cnicos da estatal participam da F\u00eara da Agricultura Familiar, promovida pela Federa\u00e7\u00e3o dos Trabalhadores na Agricultura Familiar (Fetraf). Durante o evento, os profissionais apresentar\u00e3o pol\u00edticas p\u00fablicas e programas operados pela Conab, com \u00eanfase no PAA.&#13;\n<\/p>\n<p style=\"text-align:justify\">A modalidade Compra Direta tem como meta adquirir alimentos produzidos por agricultores familiares e destin\u00e1-los a pessoas em situa\u00e7\u00e3o de vulnerabilidade. O programa \u00e9 coordenado pelo MDS, com participa\u00e7\u00e3o dos minist\u00e9rios do Desenvolvimento Agr\u00e1rio e Agricultura Familiar e da Fazenda, e conta com a execu\u00e7\u00e3o da Conab em parceria com governos estaduais e municipais.<\/p>\n<\/p><\/div>\n<p><script data-cfasync=\"false\">\n    !function (f, b, e, v, n, t, s) {\n        if (f.fbq) return; n = f.fbq = function () {\n            n.callMethod ?\n                n.callMethod.apply(n, arguments) : n.queue.push(arguments)\n        };\n        if (!f._fbq) f._fbq = n; n.push = n; n.loaded = !0; n.version = '2.0';\n        n.queue = []; t = b.createElement(e); t.async = !0;\n        t.src = v; s = b.getElementsByTagName(e)[0];\n        s.parentNode.insertBefore(t, s)\n    }(window, document, 'script',\n        'https:\/\/connect.facebook.net\/en_US\/fbevents.js');\n    fbq('init', '522546078623747');\n    fbq('track', 'PageView');\n<\/script><br \/>\n<br \/><br \/>\n<br \/><a href=\"https:\/\/www.agrolink.com.br\/noticias\/leite-adquirido-do-paa-e-distribuido-no-ceara_503242.html\">Source link <\/a><\/p>\n","protected":false},"excerpt":{"rendered":"<p>A Companhia Nacional de Abastecimento (Conab) iniciou, nesta quinta-feira (26), a distribui\u00e7\u00e3o de leite em p\u00f3 a entidades assistenciais no<\/p>\n","protected":false},"author":1,"featured_media":15624,"comment_status":"open","ping_status":"open","sticky":false,"template":"","format":"standard","meta":{"_monsterinsights_skip_tracking":false,"_monsterinsights_sitenote_active":false,"_monsterinsights_sitenote_note":"","_monsterinsights_sitenote_category":0,"_uf_show_specific_survey":0,"_uf_disable_surveys":false,"footnotes":""},"categories":[8,1,14],"tags":[],"class_list":["post-15623","post","type-post","status-publish","format-standard","has-post-thumbnail","hentry","category-agro","category-news","category-politica-agro"],"_links":{"self":[{"href":"https:\/\/agromt.news\/index.php?rest_route=\/wp\/v2\/posts\/15623"}],"collection":[{"href":"https:\/\/agromt.news\/index.php?rest_route=\/wp\/v2\/posts"}],"about":[{"href":"https:\/\/agromt.news\/index.php?rest_route=\/wp\/v2\/types\/post"}],"author":[{"embeddable":true,"href":"https:\/\/agromt.news\/index.php?rest_route=\/wp\/v2\/users\/1"}],"replies":[{"embeddable":true,"href":"https:\/\/agromt.news\/index.php?rest_route=%2Fwp%2Fv2%2Fcomments&post=15623"}],"version-history":[{"count":0,"href":"https:\/\/agromt.news\/index.php?rest_route=\/wp\/v2\/posts\/15623\/revisions"}],"wp:featuredmedia":[{"embeddable":true,"href":"https:\/\/agromt.news\/index.php?rest_route=\/wp\/v2\/media\/15624"}],"wp:attachment":[{"href":"https:\/\/agromt.news\/index.php?rest_route=%2Fwp%2Fv2%2Fmedia&parent=15623"}],"wp:term":[{"taxonomy":"category","embeddable":true,"href":"https:\/\/agromt.news\/index.php?rest_route=%2Fwp%2Fv2%2Fcategories&post=15623"},{"taxonomy":"post_tag","embeddable":true,"href":"https:\/\/agromt.news\/index.php?rest_route=%2Fwp%2Fv2%2Ftags&post=15623"}],"curies":[{"name":"wp","href":"https:\/\/api.w.org\/{rel}","templated":true}]}}