{"id":15621,"date":"2025-06-26T04:42:44","date_gmt":"2025-06-26T08:42:44","guid":{"rendered":"https:\/\/agromt.news\/?p=15621"},"modified":"2025-06-26T04:42:44","modified_gmt":"2025-06-26T08:42:44","slug":"algodao-volta-ao-radar-de-produtores-no-parana","status":"publish","type":"post","link":"https:\/\/agromt.news\/?p=15621","title":{"rendered":"Algod\u00e3o volta ao radar de produtores no Paran\u00e1"},"content":{"rendered":"<p> <br \/>\n<\/p>\n<div>\n<p style=\"text-align:justify\">O <a href=\"https:\/\/www.agrolink.com.br\/culturas\/algodao\/\" target=\"_blank\" rel=\"noopener\">algod\u00e3o<\/a> volta a ser cogitado como uma alternativa vi\u00e1vel e rent\u00e1vel para os produtores do Paran\u00e1. A avalia\u00e7\u00e3o \u00e9 da Secretaria da Agricultura e do Abastecimento do Estado, que destaca o potencial da cultura para se firmar novamente no territ\u00f3rio paranaense, aproveitando-se da instabilidade nos pre\u00e7os de outras commodities agr\u00edcolas e dos efeitos provocados pelas mudan\u00e7as clim\u00e1ticas.&#13;\n<\/p>\n<p style=\"text-align:justify\">No in\u00edcio da d\u00e9cada de 1990, o Paran\u00e1 ocupava a lideran\u00e7a nacional na produ\u00e7\u00e3o da fibra, com mais de 700 mil hectares cultivados. Hoje, a produ\u00e7\u00e3o \u00e9 reduzida, mas as caracter\u00edsticas do cultivo \u2014 como a resist\u00eancia \u00e0 seca e a exig\u00eancia por longos per\u00edodos de sol \u2014 voltam a atrair a aten\u00e7\u00e3o do setor. A cultura \u00e9 considerada adapt\u00e1vel ao clima do Noroeste paranaense, semelhante ao do Cerrado brasileiro, onde se concentram atualmente as maiores \u00e1reas produtoras, sobretudo no Mato Grosso.<\/p>\n<p style=\"text-align:justify\">A vantagem paranaense est\u00e1 tamb\u00e9m na fertilidade do solo. De acordo com t\u00e9cnicos da Secretaria, esse fator pode permitir o uso de apenas metade da aduba\u00e7\u00e3o empregada em regi\u00f5es como o Cerrado. Al\u00e9m disso, o cultivo do algod\u00e3o contribui para a conserva\u00e7\u00e3o do solo e pode garantir renda suficiente ao produtor, reduzindo a necessidade de uma segunda safra, o que ameniza o desgaste do terreno.&#13;\n<\/p>\n<p style=\"text-align:justify\">Segundo a Associa\u00e7\u00e3o dos Cotonicultores Paranaenses (Acopar), o Estado precisaria cultivar cerca de 50 mil hectares para atender \u00e0 demanda interna do parque t\u00eaxtil local. Hoje, essa mat\u00e9ria-prima chega ao Paran\u00e1 vinda principalmente do Cerrado. H\u00e1, pelo menos, dez fia\u00e7\u00f5es e sete tecelagens no estado que dependem dessa fibra.<\/p>\n<p style=\"text-align:justify\">Levantamento realizado em 2014 j\u00e1 apontava um consumo de aproximadamente 60 mil toneladas de plumas no Paran\u00e1. A Acopar v\u00ea com otimismo a possibilidade de crescimento da cultura e projeta uma retomada gradual nos pr\u00f3ximos anos.<\/p>\n<p style=\"text-align:justify\">Em 2024, tr\u00eas munic\u00edpios apresentaram produ\u00e7\u00e3o comercial registrada no Valor Bruto da Produ\u00e7\u00e3o (VBP). Sertaneja, no Norte do Estado, se destacou como principal produtor. O munic\u00edpio aumentou sua \u00e1rea cultivada de 124 hectares, em 2023, para 520 hectares em 2024, elevando a produ\u00e7\u00e3o de 601 para 2.095 toneladas. Com isso, o VBP subiu de R$ 8,8 milh\u00f5es para R$ 18,3 milh\u00f5es, um crescimento de 107%. A expectativa da Acopar \u00e9 que o cultivo atinja 1,5 mil hectares j\u00e1 em 2025, ampliando a presen\u00e7a do algod\u00e3o no cen\u00e1rio agr\u00edcola estadual.\u00a0&#13;\n<\/p>\n<\/p><\/div>\n<p><script data-cfasync=\"false\">\n    !function (f, b, e, v, n, t, s) {\n        if (f.fbq) return; n = f.fbq = function () {\n            n.callMethod ?\n                n.callMethod.apply(n, arguments) : n.queue.push(arguments)\n        };\n        if (!f._fbq) f._fbq = n; n.push = n; n.loaded = !0; n.version = '2.0';\n        n.queue = []; t = b.createElement(e); t.async = !0;\n        t.src = v; s = b.getElementsByTagName(e)[0];\n        s.parentNode.insertBefore(t, s)\n    }(window, document, 'script',\n        'https:\/\/connect.facebook.net\/en_US\/fbevents.js');\n    fbq('init', '522546078623747');\n    fbq('track', 'PageView');\n<\/script><br \/>\n<br \/><br \/>\n<br \/><a href=\"https:\/\/www.agrolink.com.br\/noticias\/algodao_503243.html\">Source link <\/a><\/p>\n","protected":false},"excerpt":{"rendered":"<p>O algod\u00e3o volta a ser cogitado como uma alternativa vi\u00e1vel e rent\u00e1vel para os produtores do Paran\u00e1. A avalia\u00e7\u00e3o \u00e9<\/p>\n","protected":false},"author":1,"featured_media":7577,"comment_status":"open","ping_status":"open","sticky":false,"template":"","format":"standard","meta":{"_monsterinsights_skip_tracking":false,"_monsterinsights_sitenote_active":false,"_monsterinsights_sitenote_note":"","_monsterinsights_sitenote_category":0,"_uf_show_specific_survey":0,"_uf_disable_surveys":false,"footnotes":""},"categories":[8,1,14],"tags":[],"class_list":["post-15621","post","type-post","status-publish","format-standard","has-post-thumbnail","hentry","category-agro","category-news","category-politica-agro"],"_links":{"self":[{"href":"https:\/\/agromt.news\/index.php?rest_route=\/wp\/v2\/posts\/15621"}],"collection":[{"href":"https:\/\/agromt.news\/index.php?rest_route=\/wp\/v2\/posts"}],"about":[{"href":"https:\/\/agromt.news\/index.php?rest_route=\/wp\/v2\/types\/post"}],"author":[{"embeddable":true,"href":"https:\/\/agromt.news\/index.php?rest_route=\/wp\/v2\/users\/1"}],"replies":[{"embeddable":true,"href":"https:\/\/agromt.news\/index.php?rest_route=%2Fwp%2Fv2%2Fcomments&post=15621"}],"version-history":[{"count":0,"href":"https:\/\/agromt.news\/index.php?rest_route=\/wp\/v2\/posts\/15621\/revisions"}],"wp:featuredmedia":[{"embeddable":true,"href":"https:\/\/agromt.news\/index.php?rest_route=\/wp\/v2\/media\/7577"}],"wp:attachment":[{"href":"https:\/\/agromt.news\/index.php?rest_route=%2Fwp%2Fv2%2Fmedia&parent=15621"}],"wp:term":[{"taxonomy":"category","embeddable":true,"href":"https:\/\/agromt.news\/index.php?rest_route=%2Fwp%2Fv2%2Fcategories&post=15621"},{"taxonomy":"post_tag","embeddable":true,"href":"https:\/\/agromt.news\/index.php?rest_route=%2Fwp%2Fv2%2Ftags&post=15621"}],"curies":[{"name":"wp","href":"https:\/\/api.w.org\/{rel}","templated":true}]}}