{"id":1562,"date":"2024-09-13T19:19:47","date_gmt":"2024-09-13T23:19:47","guid":{"rendered":"https:\/\/agromt.news\/?p=1562"},"modified":"2024-09-13T19:19:47","modified_gmt":"2024-09-13T23:19:47","slug":"veja-como-os-precos-da-arroba-do-boi-gordo-encerraram-a-semana","status":"publish","type":"post","link":"https:\/\/agromt.news\/?p=1562","title":{"rendered":"Veja como os pre\u00e7os da arroba do boi gordo encerraram a semana"},"content":{"rendered":"<p> <br \/>\n<\/p>\n<div>\n<p>O mercado f\u00edsico do boi gordo encerrou a semana apresentando pre\u00e7os em alta. A expectativa ainda \u00e9 de continuidade deste movimento no curto prazo.<\/p>\n<p>Segundo o analista da <strong><a href=\"https:\/\/safras.com.br\/\">Safras &amp; Mercado<\/a><\/strong>, Fernando Henrique Iglesias, isso acontece por conta da atual posi\u00e7\u00e3o das escalas de abate e do momento de maior dificuldade de aquisi\u00e7\u00e3o de animais da atual temporada.<\/p>\n<\/div>\n<div>\n<p>Segundo ele, mesmo ind\u00fastrias que contam com grande quantidade de animais de parceria (contratos a termo) acabam pagando mais pela arroba do boi gordo neste momento. <\/p>\n<p>A demanda tamb\u00e9m se mant\u00e9m aquecida na atual temporada, com exporta\u00e7\u00f5es recorde e um mercado interno que conta com \u00f3timas expectativas para o \u00faltimo bimestre.<\/p>\n<h2 class=\"wp-block-heading\" id=\"h-precos-da-arroba-do-boi-no-brasil\">Pre\u00e7os da arroba do boi no Brasil<\/h2>\n<ul class=\"wp-block-list\">\n<li><strong>Mato Grosso do Sul:<\/strong> R$ 258,64<\/li>\n<\/ul>\n<h2 class=\"wp-block-heading\" id=\"h-mercado-atacadista\">Mercado atacadista<\/h2>\n<figure class=\"wp-block-image size-large\"><img fetchpriority=\"high\" decoding=\"async\" width=\"640\" height=\"427\" alt=\"carne bovina - autoembargo\" class=\"wp-image-2730615\" src=\"https:\/\/agromt.news\/wp-content\/uploads\/2024\/09\/Oferta-restrita-eleva-precos-da-arroba-do-boi-confira.jpg\"\/><img decoding=\"async\" width=\"640\" height=\"427\" src=\"https:\/\/agromt.news\/wp-content\/uploads\/2024\/09\/Oferta-restrita-eleva-precos-da-arroba-do-boi-confira.jpg\" alt=\"carne bovina - autoembargo\" class=\"wp-image-2730615\"\/><figcaption class=\"wp-element-caption\">Foto: Abiec<\/figcaption><\/figure>\n<p>J\u00e1 o mercado atacadista apresentou pre\u00e7os acomodados no decorrer da sexta-feira. O ambiente de neg\u00f3cios ainda oferece alguma perspectiva de alta das cota\u00e7\u00f5es no curto prazo, em linha com o bom apelo ao consumo no decorrer da primeira quinzena do m\u00eas. <\/p>\n<p>Por outro lado, a carne bovina pode acabar perdendo competitividade em rela\u00e7\u00e3o as prote\u00ednas concorrentes, em especial da carne de frango, mais acess\u00edvel.<\/p>\n<p>O quarto traseiro ainda \u00e9 precificado a R$ 19,50 por quilo no interior paulista. O quarto dianteiro segue no patamar de R$ 14,75 por quilo no interior de S\u00e3o Paulo. A ponta de agulha permanece cotada a R$ 15,00 por quilo.<\/p>\n<h2 class=\"wp-block-heading\" id=\"h-cambio\">C\u00e2mbio<\/h2>\n<p>O d\u00f3lar comercial encerrou em queda de 0,90%, sendo negociado a R$ 5,5662 para venda e a R$ 5,5641 para compra. Durante o dia, a moeda norte-americana oscilou entre a m\u00ednima de R$ 5,5443 e a m\u00e1xima de R$ 5,6190. Na semana, a moeda teve desvaloriza\u00e7\u00e3o de 0,45%.<\/p>\n<\/div>\n<p><br \/>\n<br \/><a href=\"https:\/\/www.canalrural.com.br\/pecuaria\/veja-como-os-precos-da-arroba-do-boi-gordo-encerraram-a-semana\/\">Source link <\/a><\/p>\n","protected":false},"excerpt":{"rendered":"<p>O mercado f\u00edsico do boi gordo encerrou a semana apresentando pre\u00e7os em alta. A expectativa ainda \u00e9 de continuidade deste<\/p>\n","protected":false},"author":1,"featured_media":1563,"comment_status":"open","ping_status":"open","sticky":false,"template":"","format":"standard","meta":{"_monsterinsights_skip_tracking":false,"_monsterinsights_sitenote_active":false,"_monsterinsights_sitenote_note":"","_monsterinsights_sitenote_category":0,"_uf_show_specific_survey":0,"_uf_disable_surveys":false,"footnotes":""},"categories":[1],"tags":[],"class_list":["post-1562","post","type-post","status-publish","format-standard","has-post-thumbnail","hentry","category-news"],"_links":{"self":[{"href":"https:\/\/agromt.news\/index.php?rest_route=\/wp\/v2\/posts\/1562"}],"collection":[{"href":"https:\/\/agromt.news\/index.php?rest_route=\/wp\/v2\/posts"}],"about":[{"href":"https:\/\/agromt.news\/index.php?rest_route=\/wp\/v2\/types\/post"}],"author":[{"embeddable":true,"href":"https:\/\/agromt.news\/index.php?rest_route=\/wp\/v2\/users\/1"}],"replies":[{"embeddable":true,"href":"https:\/\/agromt.news\/index.php?rest_route=%2Fwp%2Fv2%2Fcomments&post=1562"}],"version-history":[{"count":0,"href":"https:\/\/agromt.news\/index.php?rest_route=\/wp\/v2\/posts\/1562\/revisions"}],"wp:featuredmedia":[{"embeddable":true,"href":"https:\/\/agromt.news\/index.php?rest_route=\/wp\/v2\/media\/1563"}],"wp:attachment":[{"href":"https:\/\/agromt.news\/index.php?rest_route=%2Fwp%2Fv2%2Fmedia&parent=1562"}],"wp:term":[{"taxonomy":"category","embeddable":true,"href":"https:\/\/agromt.news\/index.php?rest_route=%2Fwp%2Fv2%2Fcategories&post=1562"},{"taxonomy":"post_tag","embeddable":true,"href":"https:\/\/agromt.news\/index.php?rest_route=%2Fwp%2Fv2%2Ftags&post=1562"}],"curies":[{"name":"wp","href":"https:\/\/api.w.org\/{rel}","templated":true}]}}