{"id":15618,"date":"2025-06-25T22:49:24","date_gmt":"2025-06-26T02:49:24","guid":{"rendered":"https:\/\/agromt.news\/?p=15618"},"modified":"2025-06-25T22:49:24","modified_gmt":"2025-06-26T02:49:24","slug":"boi-gordo-mantem-estabilidade-em-sao-paulo","status":"publish","type":"post","link":"https:\/\/agromt.news\/?p=15618","title":{"rendered":"Boi gordo mant\u00e9m estabilidade em S\u00e3o Paulo"},"content":{"rendered":"<p> <br \/>\n<\/p>\n<div>\n<div class=\"row\">\n<div class=\"col-lg col-infos mt-0 mt-lg-0\">\n<div class=\"section-sub-title\">\n<p itemprop=\"description\">&#13;<br \/>\n                                Exporta\u00e7\u00e3o de carne bovina sobe 25% em junho&#13;\n                            <\/p>\n<\/p><\/div>\n<div class=\"container\">\n<div class=\"row\">\n<div class=\"col-lg p-0\">\n<div>\n<div class=\"block-news-main-infos mt-3 text-start\">\n<p>                                            <strong class=\"fn\" itemprop=\"author\" style=\"color: rgb(112, 112, 112); \">&#13;<br \/>\n                                                <a href=\"https:\/\/www.agrolink.com.br\/noticias\/javascript:;\" class=\"text-uppercase\" target=\"_blank\" style=\"color: rgb(112, 112, 112); \" rel=\"noopener\">Agrolink<\/a>&#13;<br \/>\n&#13;<br \/>\n                                                    &#8211; Seane Lennon&#13;<br \/>\n&#13;<br \/>\n                                            <\/strong><br \/>\n                                        <\/p>\n<p>                                            <abbr><time datetime=\"2025-06-24T15:12\" itemprop=\"datePublished dateModified\">Publicado em 24\/06\/2025 \u00e0s 15:12h.<\/time><\/abbr><br \/>\n                                            <\/p><\/div>\n<\/p><\/div>\n<\/p><\/div>\n<div class=\"col-lg p-0 text-lg-end\">\n<div>\n<div id=\"mdEnviarPagina\" class=\"modal fade\" role=\"dialog\">\n<div class=\"modal-dialog\">\n<div class=\"modal-content\">\n<div class=\"modal-body\">\n<p><strong>Estimado usu\u00e1rio.<\/strong><br \/>Preencha o formul\u00e1rio abaixo para remeter a p\u00e1gina.<\/p>\n<\/p><\/div>\n<\/p><\/div>\n<\/p><\/div>\n<\/div><\/div>\n<\/p><\/div>\n<\/p><\/div>\n<\/p><\/div>\n<\/p><\/div>\n<\/p><\/div>\n<div class=\"row justify-content-md-center mt-3\">\n<div class=\"col-lg-auto col-image block-news-main-image\">\n<p>                                <img decoding=\"async\" src=\"https:\/\/www.agrolink.com.br\/upload\/imagens-resizes\/cbbb9356722444e4828cc34236538036_858x483.jpg\" class=\"lazyload img-fluid\"\/><br \/>\n                                                <span class=\"publicity-photo d-block mt-1\">Foto: Pixabay<\/span><\/p><\/div>\n<\/p><\/div>\n<div class=\"section-description section-description-noticias mt-3\">\n<p style=\"text-align:justify\">De acordo com a an\u00e1lise &#8220;Tem Boi na Linha&#8221;, da Scot Consultoria, o mercado do boi gordo permaneceu est\u00e1vel em S\u00e3o Paulo na ter\u00e7a-feira (24). A redu\u00e7\u00e3o no volume de neg\u00f3cios por parte da ponta compradora foi suficiente para equilibrar a oferta e a demanda, evitando a forma\u00e7\u00e3o de excedentes.&#13;\n<\/p>\n<p style=\"text-align:justify\">A consultoria informou que a expectativa para os pr\u00f3ximos dias \u00e9 de manuten\u00e7\u00e3o dos pre\u00e7os, com possibilidade de melhora no escoamento da carne no in\u00edcio de julho. As escalas de abate nas ind\u00fastrias frigor\u00edficas atendiam, em m\u00e9dia, a oito dias.<\/p>\n<p style=\"text-align:justify\">No Par\u00e1, as regi\u00f5es de Marab\u00e1 e Reden\u00e7\u00e3o registraram queda nas cota\u00e7\u00f5es. Segundo a Scot Consultoria, o recuo foi influenciado pelo aumento na oferta de boiadas e pela menor demanda por carne. Em Marab\u00e1, os pre\u00e7os do boi gordo e da novilha apresentaram baixa. Em Reden\u00e7\u00e3o, a cota\u00e7\u00e3o do boi gordo tamb\u00e9m recuou, enquanto os pre\u00e7os da vaca e da novilha permaneceram est\u00e1veis. A an\u00e1lise indica que o pre\u00e7o do &#8220;boi China&#8221; se manteve inalterado nas duas regi\u00f5es.<\/p>\n<p style=\"text-align:justify\">Em Goi\u00e1s, na regi\u00e3o de Goi\u00e2nia, o cen\u00e1rio foi semelhante. A maior oferta de animais pressionou os pre\u00e7os para baixo. Houve recuo nas ofertas para o boi gordo e a vaca gorda, enquanto a cota\u00e7\u00e3o da novilha permaneceu est\u00e1vel. Assim como no Par\u00e1, o valor do &#8220;boi China&#8221; n\u00e3o apresentou varia\u00e7\u00e3o.&#13;\n<\/p>\n<p style=\"text-align:justify\">No mercado externo, as exporta\u00e7\u00f5es brasileiras de carne bovina in natura atingiram 168,8 mil toneladas nas tr\u00eas primeiras semanas de junho. A m\u00e9dia di\u00e1ria de embarques foi de 12,1 mil toneladas, o que representa um aumento de 25,3% em rela\u00e7\u00e3o ao mesmo per\u00edodo de 2024. A cota\u00e7\u00e3o m\u00e9dia da tonelada exportada foi de US$ 5,4 mil, alta de 21,6% na compara\u00e7\u00e3o anual.<\/p>\n<\/p><\/div>\n<\/p><\/div>\n<p><script data-cfasync=\"false\">\n    !function (f, b, e, v, n, t, s) {\n        if (f.fbq) return; n = f.fbq = function () {\n            n.callMethod ?\n                n.callMethod.apply(n, arguments) : n.queue.push(arguments)\n        };\n        if (!f._fbq) f._fbq = n; n.push = n; n.loaded = !0; n.version = '2.0';\n        n.queue = []; t = b.createElement(e); t.async = !0;\n        t.src = v; s = b.getElementsByTagName(e)[0];\n        s.parentNode.insertBefore(t, s)\n    }(window, document, 'script',\n        'https:\/\/connect.facebook.net\/en_US\/fbevents.js');\n    fbq('init', '522546078623747');\n    fbq('track', 'PageView');\n<\/script><br \/>\n<br \/><br \/>\n<br \/><a href=\"https:\/\/www.agrolink.com.br\/noticias\/boi-gordo-mantem-estabilidade-em-sao-paulo_503189.html\">Source link <\/a><\/p>\n","protected":false},"excerpt":{"rendered":"<p>&#13; Exporta\u00e7\u00e3o de carne bovina sobe 25% em junho&#13; &#13; Agrolink&#13; &#13; &#8211; Seane Lennon&#13; &#13; Publicado em 24\/06\/2025 \u00e0s<\/p>\n","protected":false},"author":1,"featured_media":5056,"comment_status":"open","ping_status":"open","sticky":false,"template":"","format":"standard","meta":{"_monsterinsights_skip_tracking":false,"_monsterinsights_sitenote_active":false,"_monsterinsights_sitenote_note":"","_monsterinsights_sitenote_category":0,"_uf_show_specific_survey":0,"_uf_disable_surveys":false,"footnotes":""},"categories":[8,1,14],"tags":[],"class_list":["post-15618","post","type-post","status-publish","format-standard","has-post-thumbnail","hentry","category-agro","category-news","category-politica-agro"],"_links":{"self":[{"href":"https:\/\/agromt.news\/index.php?rest_route=\/wp\/v2\/posts\/15618"}],"collection":[{"href":"https:\/\/agromt.news\/index.php?rest_route=\/wp\/v2\/posts"}],"about":[{"href":"https:\/\/agromt.news\/index.php?rest_route=\/wp\/v2\/types\/post"}],"author":[{"embeddable":true,"href":"https:\/\/agromt.news\/index.php?rest_route=\/wp\/v2\/users\/1"}],"replies":[{"embeddable":true,"href":"https:\/\/agromt.news\/index.php?rest_route=%2Fwp%2Fv2%2Fcomments&post=15618"}],"version-history":[{"count":0,"href":"https:\/\/agromt.news\/index.php?rest_route=\/wp\/v2\/posts\/15618\/revisions"}],"wp:featuredmedia":[{"embeddable":true,"href":"https:\/\/agromt.news\/index.php?rest_route=\/wp\/v2\/media\/5056"}],"wp:attachment":[{"href":"https:\/\/agromt.news\/index.php?rest_route=%2Fwp%2Fv2%2Fmedia&parent=15618"}],"wp:term":[{"taxonomy":"category","embeddable":true,"href":"https:\/\/agromt.news\/index.php?rest_route=%2Fwp%2Fv2%2Fcategories&post=15618"},{"taxonomy":"post_tag","embeddable":true,"href":"https:\/\/agromt.news\/index.php?rest_route=%2Fwp%2Fv2%2Ftags&post=15618"}],"curies":[{"name":"wp","href":"https:\/\/api.w.org\/{rel}","templated":true}]}}