{"id":15617,"date":"2025-06-25T20:57:11","date_gmt":"2025-06-26T00:57:11","guid":{"rendered":"https:\/\/agromt.news\/?p=15617"},"modified":"2025-06-25T20:57:11","modified_gmt":"2025-06-26T00:57:11","slug":"congresso-derruba-decretos-do-governo-que-aumentariam-iof","status":"publish","type":"post","link":"https:\/\/agromt.news\/?p=15617","title":{"rendered":"Congresso derruba decretos do governo que aumentariam IOF"},"content":{"rendered":"<p> <br \/>\n<br \/><img decoding=\"async\" src=\"https:\/\/agromt.news\/wp-content\/uploads\/2025\/03\/Proposta-na-Camara-pode-gerar-credito-especifico-para-agricultura-familiar.jpg\" \/><\/p>\n<div>\n<p>A C\u00e2mara dos Deputados aprovou na noite desta quarta-feira (25) proposta que suspende os efeitos de tr\u00eas decretos editados pelo governo federal sobre o aumento das al\u00edquotas do Imposto sobre Opera\u00e7\u00f5es Financeiras (IOF). <\/p>\n<p>No total, foram 383 votos para a derrubada do texto presidencial e outros 98 a favor da manuten\u00e7\u00e3o. <strong><a href=\"https:\/\/www.camara.leg.br\/presenca-comissoes\/votacao-portal?reuniao=76987&amp;itemVotacao=12958\">Veja como cada parlamentar votou.<\/a><\/strong> Agora, o texto segue para o Senado.<\/p>\n<p>O \u00faltimo decreto do governo (Decreto 12.499\/25) havia suavizado os outros dois editados anteriormente (decretos 12.466\/25 e 12.467\/25), mas n\u00e3o eliminou o aumento.<\/p>\n<p>O texto aprovado em Plen\u00e1rio \u00e9 um substitutivo do relator, deputado Coronel Chris\u00f3stomo (PL-RO), ao Projeto de Decreto Legislativo 314\/25, do deputado Zucco (PL-RS). O texto original sustava apenas o \u00faltimo dos decretos presidenciais sobre o imposto.<\/p>\n<h2 class=\"wp-block-heading\" id=\"h-efeitos-na-arrecadacao\">Efeitos na arrecada\u00e7\u00e3o<\/h2>\n<p>O l\u00edder do PT, deputado Lindbergh Farias (RJ), disse que a eventual queda do decreto vai gerar um contingenciamento de R$ 12 bilh\u00f5es, com interrup\u00e7\u00e3o de programas sociais e cortes na sa\u00fade e na educa\u00e7\u00e3o.<\/p>\n<p>J\u00e1 o autor da proposta, deputado Zucco, disse que n\u00e3o falta receita, mas sim gest\u00e3o do governo. \u201cPor que o governo n\u00e3o corta gastos, n\u00e3o traz uma reforma estruturante?\u201d, questionou.<\/p>\n<p>A alta do IOF foi inicialmente anunciada em 22 de maio, com previs\u00e3o do governo de gerar arrecada\u00e7\u00e3o de R$ 61 bilh\u00f5es em dois anos, sendo R$ 20 bilh\u00f5es em 2025 e R$ 41 bilh\u00f5es em 2026.<\/p>\n<\/div>\n<div>\n<p>No entanto, diante da forte rea\u00e7\u00e3o de parlamentares e do setor empresarial, o governo recuou parcialmente no mesmo dia. A press\u00e3o levou os presidentes da C\u00e2mara, Hugo Motta (Republicanos-PB), e do Senado, Davi Alcolumbre (Uni\u00e3o-AP), a concederem prazo para que o Executivo revisasse a medida.<\/p>\n<h2 class=\"wp-block-heading\" id=\"h-mp-publicada-manteve-aumentos-do-iof\">MP publicada manteve aumentos do IOF<\/h2>\n<p>Em 11 de junho, o governo publicou a Medida Provis\u00f3ria 1303\/25, tratando da tributa\u00e7\u00e3o de investimentos, e novo decreto que reduziu parcialmente as al\u00edquotas inicialmente propostas, mas ainda manteve aumentos. Por esse decreto, que est\u00e1 em vigor, a estimativa de arrecada\u00e7\u00e3o \u00e9 em torno de R$ 30 bilh\u00f5es.<\/p>\n<p>Segundo Coronel Chris\u00f3stomo, por\u00e9m, a inten\u00e7\u00e3o das altera\u00e7\u00f5es promovidas pelo governo federal \u00e9 de interesse essencialmente arrecadat\u00f3rio.<\/p>\n<p>\u201cN\u00e3o se tratou de corre\u00e7\u00e3o regulat\u00f3ria ou busca de equil\u00edbrio em situa\u00e7\u00f5es espec\u00edficas, mas majora\u00e7\u00e3o tribut\u00e1ria nas quatro bases de incid\u00eancia do imposto: seguros, c\u00e2mbio, opera\u00e7\u00f5es de cr\u00e9dito e com t\u00edtulos e valores mobili\u00e1rios. E, como agravante, a vig\u00eancia das altera\u00e7\u00f5es foi imediata\u201d, afirmou.<\/p>\n<p>J\u00e1 o l\u00edder do governo, deputado Jos\u00e9 Guimar\u00e3es (PT-CE), afirmou que derrubar o decreto \u00e9 um desservi\u00e7o para o Brasil. \u201cN\u00e3o queremos tirar dinheiro dos programas que garantem a inclus\u00e3o social dos mais pobres. O IOF n\u00e3o \u00e9 para taxar ningu\u00e9m, \u00e9 para cobrar dos sonegadores, do sistema financeiro, das apostas ilegais\u201d, disse.<\/p>\n<\/p><\/div>\n<p><br \/>\n<br \/><a href=\"https:\/\/www.canalrural.com.br\/politica\/congresso-derruba-decretos-do-governo-que-aumentariam-iof\/\">Source link <\/a><\/p>\n","protected":false},"excerpt":{"rendered":"<p>A C\u00e2mara dos Deputados aprovou na noite desta quarta-feira (25) proposta que suspende os efeitos de tr\u00eas decretos editados pelo<\/p>\n","protected":false},"author":1,"featured_media":11053,"comment_status":"open","ping_status":"open","sticky":false,"template":"","format":"standard","meta":{"_monsterinsights_skip_tracking":false,"_monsterinsights_sitenote_active":false,"_monsterinsights_sitenote_note":"","_monsterinsights_sitenote_category":0,"_uf_show_specific_survey":0,"_uf_disable_surveys":false,"footnotes":""},"categories":[1],"tags":[],"class_list":["post-15617","post","type-post","status-publish","format-standard","has-post-thumbnail","hentry","category-news"],"_links":{"self":[{"href":"https:\/\/agromt.news\/index.php?rest_route=\/wp\/v2\/posts\/15617"}],"collection":[{"href":"https:\/\/agromt.news\/index.php?rest_route=\/wp\/v2\/posts"}],"about":[{"href":"https:\/\/agromt.news\/index.php?rest_route=\/wp\/v2\/types\/post"}],"author":[{"embeddable":true,"href":"https:\/\/agromt.news\/index.php?rest_route=\/wp\/v2\/users\/1"}],"replies":[{"embeddable":true,"href":"https:\/\/agromt.news\/index.php?rest_route=%2Fwp%2Fv2%2Fcomments&post=15617"}],"version-history":[{"count":0,"href":"https:\/\/agromt.news\/index.php?rest_route=\/wp\/v2\/posts\/15617\/revisions"}],"wp:featuredmedia":[{"embeddable":true,"href":"https:\/\/agromt.news\/index.php?rest_route=\/wp\/v2\/media\/11053"}],"wp:attachment":[{"href":"https:\/\/agromt.news\/index.php?rest_route=%2Fwp%2Fv2%2Fmedia&parent=15617"}],"wp:term":[{"taxonomy":"category","embeddable":true,"href":"https:\/\/agromt.news\/index.php?rest_route=%2Fwp%2Fv2%2Fcategories&post=15617"},{"taxonomy":"post_tag","embeddable":true,"href":"https:\/\/agromt.news\/index.php?rest_route=%2Fwp%2Fv2%2Ftags&post=15617"}],"curies":[{"name":"wp","href":"https:\/\/api.w.org\/{rel}","templated":true}]}}