{"id":15612,"date":"2025-06-25T19:29:50","date_gmt":"2025-06-25T23:29:50","guid":{"rendered":"https:\/\/agromt.news\/?p=15612"},"modified":"2025-06-25T19:29:50","modified_gmt":"2025-06-25T23:29:50","slug":"tributar-lcas-dificultara-financiamento-e-elevara-preco-dos-alimentos-diz-advogado","status":"publish","type":"post","link":"https:\/\/agromt.news\/?p=15612","title":{"rendered":"Tributar LCAs dificultar\u00e1 financiamento e elevar\u00e1 pre\u00e7o dos alimentos, diz advogado"},"content":{"rendered":"<p> <br \/>\n<br \/><img decoding=\"async\" src=\"https:\/\/agromt.news\/wp-content\/uploads\/2025\/06\/Tributar-LCAs-dificultara-financiamento-e-elevara-preco-dos-alimentos-diz.jpg\" \/><\/p>\n<div>\n<p>A expectativa de libera\u00e7\u00e3o de cr\u00e9dito e financiamento aumenta no setor rural com o lan\u00e7amento do Plano Safra 2025\/26, previsto para ser divulgado em 30 de junho e 1 de julho.<\/p>\n<p>No entanto, para o advogado tributarista especializado em agroneg\u00f3cio Fernando Melo de Carvalho, a proposta do governo federal de tributar as Letras de Cr\u00e9dito do Agroneg\u00f3cio (LCAs) amea\u00e7a o acesso ao financiamento das atividades no campo e pode elevar o pre\u00e7o dos alimentos no pa\u00eds.<\/p>\n<p>\u201cA gente vai ter uma redu\u00e7\u00e3o imediata dos valores disponibilizados pelos bancos. Para os produtores rurais, a conta vai para a produ\u00e7\u00e3o, que ficar\u00e1 mais cara. Sem cr\u00e9dito, quanto menos dinheiro estiver dispon\u00edvel, quem precisar recorrer ao banco ter\u00e1 de pagar mais. E isso, por consequ\u00eancia, encarece os alimentos.\u201d<\/p>\n<p>Atualmente isentas de Imposto de Renda para pessoas f\u00edsicas, os rendimentos das LCAs passar\u00e3o a ser taxados em <strong>5%<\/strong> a partir de 2026. A mudan\u00e7a integra o pacote fiscal que visa compensar perdas com a redu\u00e7\u00e3o do IOF, mas, segundo Carvalho, <strong><a href=\"https:\/\/www.canalrural.com.br\/economia\/tributacao-das-lcas-nao-afeta-plano-safra-diz-fazenda\/\">pode sobrecarregar o Plano Safra<\/a><\/strong>, uma das principais fontes de financiamento do agroneg\u00f3cio brasileiro.<\/p>\n<p>\u201cO Plano Safra n\u00e3o \u00e9 capaz de atender a todas as demandas de cr\u00e9dito do setor, e as LCAs t\u00eam sido um forte instrumento de financiamento para a atividade rural\u201d, considera.<\/p>\n<\/div>\n<div>\n<h2 class=\"wp-block-heading\" id=\"h-aumento-de-juros-cobrados-aos-produtores\">Aumento de juros cobrados aos produtores<\/h2>\n<p>O advogado acredita que, na pr\u00e1tica, o fim da isen\u00e7\u00e3o das LCAs pode desestimular investidores, reduzir os recursos dispon\u00edveis para financiamentos, aumentar os juros cobrados aos produtores e encarecer os custos de produ\u00e7\u00e3o na agricultura e na pecu\u00e1ria. <\/p>\n<p>De acordo com ele, a conta deve recair principalmente sobre pequenos e m\u00e9dios agricultores, que j\u00e1 trabalham no vermelho e enfrentam dificuldades para acessar cr\u00e9dito com taxas competitivas e acess\u00edveis. <\/p>\n<p>\u201cConsequentemente, os consumidores finais tamb\u00e9m pagar\u00e3o a conta, com a alta no pre\u00e7o dos alimentos, ou seja, quem vai sentir, ao final, s\u00e3o as pessoas da cidade. Com essa redu\u00e7\u00e3o imediata dos valores dispon\u00edveis e aumento do custo do cr\u00e9dito, os pequenos e m\u00e9dios produtores, que j\u00e1 operam no limite, ter\u00e3o ainda menos recursos para custear insumos e manter a produ\u00e7\u00e3o.\u201d. <\/p>\n<p>A consequ\u00eancia \u00e9 a eleva\u00e7\u00e3o do risco de queda na oferta agr\u00edcola e aumento no pre\u00e7o dos alimentos. \u201cEm \u00faltima inst\u00e2ncia, pode for\u00e7ar muitos a interromperem suas atividades\u201d, alerta.<\/p>\n<p>A medida provis\u00f3ria que prev\u00ea o fim da isen\u00e7\u00e3o tribut\u00e1ria das LCAs ainda precisa ser aprovada pelo Congresso Nacional em at\u00e9 120 dias.<\/p>\n<\/p><\/div>\n<p><br \/>\n<br \/><a href=\"https:\/\/www.canalrural.com.br\/agricultura\/tributar-lcas-dificultara-financiamento-e-elevara-preco-dos-alimentos-diz-advogado\/\">Source link <\/a><\/p>\n","protected":false},"excerpt":{"rendered":"<p>A expectativa de libera\u00e7\u00e3o de cr\u00e9dito e financiamento aumenta no setor rural com o lan\u00e7amento do Plano Safra 2025\/26, previsto<\/p>\n","protected":false},"author":1,"featured_media":15613,"comment_status":"open","ping_status":"open","sticky":false,"template":"","format":"standard","meta":{"_monsterinsights_skip_tracking":false,"_monsterinsights_sitenote_active":false,"_monsterinsights_sitenote_note":"","_monsterinsights_sitenote_category":0,"_uf_show_specific_survey":0,"_uf_disable_surveys":false,"footnotes":""},"categories":[1],"tags":[],"class_list":["post-15612","post","type-post","status-publish","format-standard","has-post-thumbnail","hentry","category-news"],"_links":{"self":[{"href":"https:\/\/agromt.news\/index.php?rest_route=\/wp\/v2\/posts\/15612"}],"collection":[{"href":"https:\/\/agromt.news\/index.php?rest_route=\/wp\/v2\/posts"}],"about":[{"href":"https:\/\/agromt.news\/index.php?rest_route=\/wp\/v2\/types\/post"}],"author":[{"embeddable":true,"href":"https:\/\/agromt.news\/index.php?rest_route=\/wp\/v2\/users\/1"}],"replies":[{"embeddable":true,"href":"https:\/\/agromt.news\/index.php?rest_route=%2Fwp%2Fv2%2Fcomments&post=15612"}],"version-history":[{"count":0,"href":"https:\/\/agromt.news\/index.php?rest_route=\/wp\/v2\/posts\/15612\/revisions"}],"wp:featuredmedia":[{"embeddable":true,"href":"https:\/\/agromt.news\/index.php?rest_route=\/wp\/v2\/media\/15613"}],"wp:attachment":[{"href":"https:\/\/agromt.news\/index.php?rest_route=%2Fwp%2Fv2%2Fmedia&parent=15612"}],"wp:term":[{"taxonomy":"category","embeddable":true,"href":"https:\/\/agromt.news\/index.php?rest_route=%2Fwp%2Fv2%2Fcategories&post=15612"},{"taxonomy":"post_tag","embeddable":true,"href":"https:\/\/agromt.news\/index.php?rest_route=%2Fwp%2Fv2%2Ftags&post=15612"}],"curies":[{"name":"wp","href":"https:\/\/api.w.org\/{rel}","templated":true}]}}