{"id":15611,"date":"2025-06-25T18:56:45","date_gmt":"2025-06-25T22:56:45","guid":{"rendered":"https:\/\/agromt.news\/?p=15611"},"modified":"2025-06-25T18:56:45","modified_gmt":"2025-06-25T22:56:45","slug":"corrente-de-comercio-chega-a-us-2852-bilhoes-ate-a-3-semana-de-junho","status":"publish","type":"post","link":"https:\/\/agromt.news\/?p=15611","title":{"rendered":"Corrente de com\u00e9rcio chega a US$ 285,2 bilh\u00f5es at\u00e9 a 3\u00b0 semana de junho"},"content":{"rendered":"<p> <br \/>\n<\/p>\n<div>\n<p style=\"text-align:justify\">A balan\u00e7a comercial brasileira registrou super\u00e1vit de US$ 1,1 bilh\u00e3o na terceira semana de junho de 2025, com uma corrente de com\u00e9rcio de US$ 9,9 bilh\u00f5es, resultado de exporta\u00e7\u00f5es de US$ 5,52 bilh\u00f5es e importa\u00e7\u00f5es de US$ 4,4 bilh\u00f5es. Os dados foram divulgados nesta segunda-feira (23) pela Secretaria de Com\u00e9rcio Exterior (Secex) do Minist\u00e9rio do Desenvolvimento, Ind\u00fastria, Com\u00e9rcio e Servi\u00e7os (MDIC).&#13;\n<\/p>\n<p style=\"text-align:justify\">No acumulado do m\u00eas, as exporta\u00e7\u00f5es somam US$ 20 bilh\u00f5es e as importa\u00e7\u00f5es, US$ 15,8 bilh\u00f5es. O saldo positivo no per\u00edodo atinge US$ 4,2 bilh\u00f5es, com corrente de com\u00e9rcio total de US$ 35,8 bilh\u00f5es. Entre janeiro e a terceira semana de junho, as exporta\u00e7\u00f5es acumulam US$ 156,9 bilh\u00f5es, enquanto as importa\u00e7\u00f5es somam US$ 128,32 bilh\u00f5es. O super\u00e1vit no ano \u00e9 de US$ 28,6 bilh\u00f5es, com corrente de com\u00e9rcio de US$ 285,2 bilh\u00f5es.<\/p>\n<p style=\"text-align:justify\">Na compara\u00e7\u00e3o das m\u00e9dias di\u00e1rias at\u00e9 a terceira semana de junho de 2025 (US$ 1,428 bilh\u00e3o) com o mesmo m\u00eas de 2024 (US$ 1,436 bilh\u00e3o), houve queda de 0,6% nas exporta\u00e7\u00f5es. J\u00e1 nas importa\u00e7\u00f5es, a m\u00e9dia di\u00e1ria foi de US$ 1,130 bilh\u00e3o, alta de 0,9% sobre igual per\u00edodo do ano anterior. A corrente de com\u00e9rcio di\u00e1ria atingiu US$ 2,559 bilh\u00f5es, com crescimento de 0,1% frente a junho de 2024.<\/p>\n<p style=\"text-align:justify\">No desempenho setorial das exporta\u00e7\u00f5es at\u00e9 a terceira semana de junho, a Ind\u00fastria de Transforma\u00e7\u00e3o apresentou crescimento de 7,5%, com aumento m\u00e9dio di\u00e1rio de US$ 53,81 milh\u00f5es. Por outro lado, a Agropecu\u00e1ria teve queda de 12,2%, com recuo de US$ 46,84 milh\u00f5es, e a Ind\u00fastria Extrativa caiu 5,2%, com redu\u00e7\u00e3o de US$ 17,44 milh\u00f5es.&#13;\n<\/p>\n<p style=\"text-align:justify\">Entre os produtos agropecu\u00e1rios, destacaram-se as quedas nas vendas de <a href=\"https:\/\/www.agrolink.com.br\/culturas\/milho?utm_source=agrolink-detalhe-noticia&amp;utm_medium=detalhe-noticia&amp;utm_campaign=links-internos&#9;\" target=\"_blank\" rel=\"noopener\">milho<\/a> n\u00e3o mo\u00eddo (-44,0%), <a href=\"https:\/\/www.agrolink.com.br\/culturas\/soja?utm_source=agrolink-detalhe-noticia&amp;utm_medium=detalhe-noticia&amp;utm_campaign=links-internos\" target=\"_blank\" rel=\"noopener\">soja<\/a> (-16,4%) e <a href=\"https:\/\/www.agrolink.com.br\/culturas\/algodao\/\" target=\"_blank\" rel=\"noopener\">algod\u00e3o<\/a> em bruto (-24,6%). Na Ind\u00fastria Extrativa, as retra\u00e7\u00f5es foram lideradas por outros minerais em bruto (-31,5%) e min\u00e9rio de <a href=\"https:\/\/www.agrolink.com.br\/fertilizantes\/nutrientes\/ferro---tudo-o-que-voce-precisa-saber-sobre-este-adubo_467530.html?utm_source=agrolink-detalhe-noticia&amp;utm_medium=detalhe-noticia&amp;utm_campaign=links-internos\" target=\"_blank\" rel=\"noopener\">Ferro<\/a> (-7,9%). J\u00e1 na Ind\u00fastria de Transforma\u00e7\u00e3o, houve recuo nas exporta\u00e7\u00f5es de aeronaves e partes (-72,9%), a\u00e7\u00facares e mela\u00e7os (-16,7%) e farelos de soja (-26,5%).<\/p>\n<p style=\"text-align:justify\">Apesar do recuo geral nas exporta\u00e7\u00f5es, alguns itens apresentaram crescimento, como frutas e nozes frescas ou secas (55,4%), <a href=\"https:\/\/www.agrolink.com.br\/culturas\/cafe\/?utm_source=agrolink-detalhe-noticia&amp;utm_medium=detalhe-noticia&amp;utm_campaign=links-internos\" target=\"_blank\" rel=\"noopener\">caf\u00e9<\/a>\u00a0n\u00e3o torrado (25,8%) e especiarias (46,9%). Na Ind\u00fastria Extrativa, os destaques positivos foram os min\u00e9rios de <a href=\"https:\/\/www.agrolink.com.br\/fertilizantes\/nutrientes\/niquel-nas-plantas---tudo-o-que-voce-precisa-saber_469444.html\" target=\"_blank\" rel=\"noopener\">n\u00edquel<\/a> e de <a href=\"https:\/\/www.agrolink.com.br\/fertilizantes\/nutrientes\/aluminio-nas-plantas---tudo-o-que-voce-precisa-saber_470213.html\" target=\"_blank\" rel=\"noopener\">alum\u00ednio<\/a>. Na Ind\u00fastria de Transforma\u00e7\u00e3o, carne bovina, ve\u00edculos de passageiros e ouro n\u00e3o monet\u00e1rio lideraram os aumentos.<\/p>\n<p style=\"text-align:justify\">Nas importa\u00e7\u00f5es at\u00e9 a terceira semana de junho, a Ind\u00fastria de Transforma\u00e7\u00e3o cresceu 1,5%, somando US$ 14,63 bilh\u00f5es. A Agropecu\u00e1ria recuou 7,8%, com US$ 0,30 bilh\u00e3o, e a Ind\u00fastria Extrativa teve queda de 5,2%, com US$ 0,79 bilh\u00e3o.<\/p>\n<p style=\"text-align:justify\">Entre os produtos importados com alta est\u00e3o cevada (49,9%), cereais como centeio e <a href=\"https:\/\/www.agrolink.com.br\/culturas\/aveia?utm_source=agrolink-detalhe-noticia&amp;utm_medium=detalhe-noticia&amp;utm_campaign=links-internos\" target=\"_blank\" rel=\"noopener\">aveia<\/a> (633,5%) e gomas naturais (91,7%). A Ind\u00fastria Extrativa teve aumento nas compras de \u00f3leos brutos (8,5%) e areia e cascalho (32,4%). Na Ind\u00fastria de Transforma\u00e7\u00e3o, cresceram as importa\u00e7\u00f5es de compostos qu\u00edmicos (36,6%), motores e m\u00e1quinas (37,2%) e aeronaves (46,7%).&#13;\n<\/p>\n<p style=\"text-align:justify\">Por outro lado, houve retra\u00e7\u00e3o nas importa\u00e7\u00f5es de soja (-28,3%), frutas frescas (-23,0%) e <a href=\"https:\/\/www.agrolink.com.br\/culturas\/trigo\/?utm_source=agrolink-detalhe-noticia&amp;utm_medium=detalhe-noticia&amp;utm_campaign=links-internos\" target=\"_blank\" rel=\"noopener\">trigo<\/a> n\u00e3o mo\u00eddo (-21,6%) no setor agropecu\u00e1rio. Entre os extrativos, ca\u00edram as compras de g\u00e1s natural (-26,8%) e fertilizantes brutos (-72,7%). Na Transforma\u00e7\u00e3o, destacaram-se as quedas nas importa\u00e7\u00f5es de ve\u00edculos de passageiros (-42,5%) e plataformas flutuantes (-87,0%).<\/p>\n<\/p><\/div>\n<p><script data-cfasync=\"false\">\n    !function (f, b, e, v, n, t, s) {\n        if (f.fbq) return; n = f.fbq = function () {\n            n.callMethod ?\n                n.callMethod.apply(n, arguments) : n.queue.push(arguments)\n        };\n        if (!f._fbq) f._fbq = n; n.push = n; n.loaded = !0; n.version = '2.0';\n        n.queue = []; t = b.createElement(e); t.async = !0;\n        t.src = v; s = b.getElementsByTagName(e)[0];\n        s.parentNode.insertBefore(t, s)\n    }(window, document, 'script',\n        'https:\/\/connect.facebook.net\/en_US\/fbevents.js');\n    fbq('init', '522546078623747');\n    fbq('track', 'PageView');\n<\/script><br \/>\n<br \/><br \/>\n<br \/><a href=\"https:\/\/www.agrolink.com.br\/noticias\/corrente-de-comercio-chega-a-us--285-2-bilhoes-ate-a-3--semana-de-junho_503191.html\">Source link <\/a><\/p>\n","protected":false},"excerpt":{"rendered":"<p>A balan\u00e7a comercial brasileira registrou super\u00e1vit de US$ 1,1 bilh\u00e3o na terceira semana de junho de 2025, com uma corrente<\/p>\n","protected":false},"author":1,"featured_media":850,"comment_status":"open","ping_status":"open","sticky":false,"template":"","format":"standard","meta":{"_monsterinsights_skip_tracking":false,"_monsterinsights_sitenote_active":false,"_monsterinsights_sitenote_note":"","_monsterinsights_sitenote_category":0,"_uf_show_specific_survey":0,"_uf_disable_surveys":false,"footnotes":""},"categories":[8,1,14],"tags":[],"class_list":["post-15611","post","type-post","status-publish","format-standard","has-post-thumbnail","hentry","category-agro","category-news","category-politica-agro"],"_links":{"self":[{"href":"https:\/\/agromt.news\/index.php?rest_route=\/wp\/v2\/posts\/15611"}],"collection":[{"href":"https:\/\/agromt.news\/index.php?rest_route=\/wp\/v2\/posts"}],"about":[{"href":"https:\/\/agromt.news\/index.php?rest_route=\/wp\/v2\/types\/post"}],"author":[{"embeddable":true,"href":"https:\/\/agromt.news\/index.php?rest_route=\/wp\/v2\/users\/1"}],"replies":[{"embeddable":true,"href":"https:\/\/agromt.news\/index.php?rest_route=%2Fwp%2Fv2%2Fcomments&post=15611"}],"version-history":[{"count":0,"href":"https:\/\/agromt.news\/index.php?rest_route=\/wp\/v2\/posts\/15611\/revisions"}],"wp:featuredmedia":[{"embeddable":true,"href":"https:\/\/agromt.news\/index.php?rest_route=\/wp\/v2\/media\/850"}],"wp:attachment":[{"href":"https:\/\/agromt.news\/index.php?rest_route=%2Fwp%2Fv2%2Fmedia&parent=15611"}],"wp:term":[{"taxonomy":"category","embeddable":true,"href":"https:\/\/agromt.news\/index.php?rest_route=%2Fwp%2Fv2%2Fcategories&post=15611"},{"taxonomy":"post_tag","embeddable":true,"href":"https:\/\/agromt.news\/index.php?rest_route=%2Fwp%2Fv2%2Ftags&post=15611"}],"curies":[{"name":"wp","href":"https:\/\/api.w.org\/{rel}","templated":true}]}}