{"id":15588,"date":"2025-06-25T12:39:21","date_gmt":"2025-06-25T16:39:21","guid":{"rendered":"https:\/\/agromt.news\/?p=15588"},"modified":"2025-06-25T12:39:21","modified_gmt":"2025-06-25T16:39:21","slug":"cada-mulher-uma-historia-premio-mulheres-do-agro-destaca-a-forca-e-a-particularidade-feminina","status":"publish","type":"post","link":"https:\/\/agromt.news\/?p=15588","title":{"rendered":"Cada mulher, uma hist\u00f3ria: Pr\u00eamio Mulheres do Agro destaca a for\u00e7a e a particularidade feminina"},"content":{"rendered":"<p> <br \/>\n<br \/><img decoding=\"async\" src=\"https:\/\/agromt.news\/wp-content\/uploads\/2025\/06\/Cada-mulher-uma-historia-Premio-Mulheres-do-Agro-destaca-a.jpeg\" \/><\/p>\n<div>\n<p>Chegar ao palco e conquistar o primeiro lugar n\u00e3o foi algo que aconteceu do dia para a noite. Vanessa Bomm, <a href=\"https:\/\/www.canalrural.com.br\/agricultura\/projeto-soja-brasil\/no-podio-do-agro-a-produtora-de-soja-premiada-que-abracou-a-sustentabilidade\/\">produtora rural<\/a> no Oeste do Paran\u00e1, <a href=\"https:\/\/www.canalrural.com.br\/agricultura\/projeto-soja-brasil\/premio-mulheres-do-agro-esta-com-as-inscricoes-abertas-para-a-8a-edicao-saiba-como-participar\/\">venceu <\/a>o Pr\u00eamio Mulheres do Agro 2024, na categoria Grande Propriedade, como resultado de uma <a href=\"https:\/\/www.canalrural.com.br\/?s=produtor+rural\">trajet\u00f3ria <\/a>marcada por coragem, aprendizado e sucess\u00e3o familiar. Com forma\u00e7\u00e3o em arquitetura, ela surpreendeu ao retornar \u00e0s origens e assumir o comando do neg\u00f3cio do pai.<\/p>\n<ul class=\"wp-block-list\">\n<li><strong><em>Fique por dentro das novidades e not\u00edcias recentes sobre a soja! Participe da nossa comunidade atrav\u00e9s do\u00a0<a href=\"https:\/\/chat.whatsapp.com\/BmMRwA0TZ2DHGyhzoaVEWu\">link<\/a><\/em><\/strong>!<\/li>\n<\/ul>\n<p>A decis\u00e3o, no entanto, n\u00e3o foi planejada e nem roteirizada. Tudo partiu \u2018de dentro\u2019, por meio de um chamado inesperado, mas aut\u00eantico. Ela simplesmente seguiu o caminho e, nele, se encontrou. \u201cMesmo em um ambiente masculino, n\u00e3o foi t\u00e3o dif\u00edcil para mim lidar com o meio rural, porque j\u00e1 estava acostumada a trabalhar com homens.\u201d<\/p>\n<p>Mas o maior desafio foi entender toda a complexidade do agro. \u201c\u00c9 um universo gigante\u201d, relembra Vanessa. A imensid\u00e3o do setor, a depend\u00eancia do clima e o papel da tecnologia foram obst\u00e1culos no in\u00edcio, mas que, com dedica\u00e7\u00e3o, ela transformou em for\u00e7as da sua atua\u00e7\u00e3o.<\/p>\n<p>Aos olhos de Vanessa Bomm, inscrever-se no Pr\u00eamio Mulheres do Agro foi um desafio. \u201cTinha receio, mas decidi tentar. E deu tudo certo\u201d, resume. Hoje, \u00e9 refer\u00eancia no Programa PRO Carbono, da Bayer com a Embrapa, onde adota manejo intensificado, biol\u00f3gicos, bioinsumos e plantas de cobertura para recuperar o solo e reduzir impactos ambientais.<\/p>\n<p>\u201cEstamos aprendendo e evoluindo para estar sempre preparados\u201d, afirma Vanessa. Com o aux\u00edlio da calculadora de carbono, ela mede o impacto de cada etapa da produ\u00e7\u00e3o e trabalha para reduzir a pegada ambiental da fazenda, reafirmando seu compromisso com uma agricultura cada vez mais sustent\u00e1vel.<\/p>\n<\/div>\n<div>\n<h2 class=\"wp-block-heading\" id=\"h-legado-a-nova-geracao-o-premio\">Legado \u00e0 nova gera\u00e7\u00e3o: o pr\u00eamio<\/h2>\n<p>Na cerim\u00f4nia do pr\u00eamio no \u00faltimo ano, diante de mais de 3 mil mulheres do agro, a emo\u00e7\u00e3o foi inevit\u00e1vel. \u201cPassou um filme na minha cabe\u00e7a. Nunca me imaginei no agro. Era arquiteta. Mas isso mostra que n\u00e3o \u00e9 preciso estar pronta para come\u00e7ar \u00e9 preciso estar dispon\u00edvel para aprender, se conectar, compartilhar\u201d, afirma. <\/p>\n<p>Para ela, o reconhecimento vai al\u00e9m do individual: envolve equipes, fam\u00edlias, parcerias e todas as mulheres que fazem o agro acontecer, cada uma com sua hist\u00f3ria, sua for\u00e7a e seu jeito \u00fanico. \u201d\u00c9 sobre deixarmos um legado e um mundo melhor para as gera\u00e7\u00f5es futuras,\u201d destaca Vanessa, ressaltando a import\u00e2ncia da participa\u00e7\u00e3o feminina nesse processo de transforma\u00e7\u00e3o.<\/p>\n<p>Vanessa refor\u00e7a que cada mulher desempenha um papel essencial, seja na fam\u00edlia, na sucess\u00e3o ou no dia a dia do campo. \u201cMostrar o que fazemos abre portas, gera conhecimento e nos coloca como protagonistas de um agro que produz e preserva. O Brasil tem essa voca\u00e7\u00e3o, e n\u00f3s, mulheres, temos orgulho de fazer parte dessa hist\u00f3ria.\u201d<\/p>\n<p>Por isso, ela incentiva outras mulheres a se inscreverem no Pr\u00eamio Mulheres do Agro, n\u00e3o apenas em busca de um trof\u00e9u, mas para dar visibilidade \u00e0s transforma\u00e7\u00f5es silenciosas que acontecem dentro da porteira. \u201cMais do que um reconhecimento, essa \u00e9 uma oportunidade para inspirar, fortalecer nossa rede e crescer juntas.\u201d<\/p>\n<p>O pr\u00eamio \u00e9 baseado nos pilares de sustentabilidade, gest\u00e3o e sociedade e as inscri\u00e7\u00f5es seguem abertas. Acesse o <a href=\"https:\/\/www.premiomulheresdoagro.com.br\/\">link <\/a>e fa\u00e7a parte.<\/p>\n<\/p><\/div>\n<p><br \/>\n<br \/><a href=\"https:\/\/www.canalrural.com.br\/agricultura\/projeto-soja-brasil\/cada-mulher-uma-historia-premio-mulheres-do-agro-destaca-a-forca-e-a-particularidade-feminina\/\">Source link <\/a><\/p>\n","protected":false},"excerpt":{"rendered":"<p>Chegar ao palco e conquistar o primeiro lugar n\u00e3o foi algo que aconteceu do dia para a noite. Vanessa Bomm,<\/p>\n","protected":false},"author":1,"featured_media":15589,"comment_status":"open","ping_status":"open","sticky":false,"template":"","format":"standard","meta":{"_monsterinsights_skip_tracking":false,"_monsterinsights_sitenote_active":false,"_monsterinsights_sitenote_note":"","_monsterinsights_sitenote_category":0,"_uf_show_specific_survey":0,"_uf_disable_surveys":false,"footnotes":""},"categories":[1],"tags":[],"class_list":["post-15588","post","type-post","status-publish","format-standard","has-post-thumbnail","hentry","category-news"],"_links":{"self":[{"href":"https:\/\/agromt.news\/index.php?rest_route=\/wp\/v2\/posts\/15588"}],"collection":[{"href":"https:\/\/agromt.news\/index.php?rest_route=\/wp\/v2\/posts"}],"about":[{"href":"https:\/\/agromt.news\/index.php?rest_route=\/wp\/v2\/types\/post"}],"author":[{"embeddable":true,"href":"https:\/\/agromt.news\/index.php?rest_route=\/wp\/v2\/users\/1"}],"replies":[{"embeddable":true,"href":"https:\/\/agromt.news\/index.php?rest_route=%2Fwp%2Fv2%2Fcomments&post=15588"}],"version-history":[{"count":0,"href":"https:\/\/agromt.news\/index.php?rest_route=\/wp\/v2\/posts\/15588\/revisions"}],"wp:featuredmedia":[{"embeddable":true,"href":"https:\/\/agromt.news\/index.php?rest_route=\/wp\/v2\/media\/15589"}],"wp:attachment":[{"href":"https:\/\/agromt.news\/index.php?rest_route=%2Fwp%2Fv2%2Fmedia&parent=15588"}],"wp:term":[{"taxonomy":"category","embeddable":true,"href":"https:\/\/agromt.news\/index.php?rest_route=%2Fwp%2Fv2%2Fcategories&post=15588"},{"taxonomy":"post_tag","embeddable":true,"href":"https:\/\/agromt.news\/index.php?rest_route=%2Fwp%2Fv2%2Ftags&post=15588"}],"curies":[{"name":"wp","href":"https:\/\/api.w.org\/{rel}","templated":true}]}}