{"id":15583,"date":"2025-06-25T11:01:59","date_gmt":"2025-06-25T15:01:59","guid":{"rendered":"https:\/\/agromt.news\/?p=15583"},"modified":"2025-06-25T11:01:59","modified_gmt":"2025-06-25T15:01:59","slug":"precos-de-frutas-nos-atacados-no-atacado-registram-queda","status":"publish","type":"post","link":"https:\/\/agromt.news\/?p=15583","title":{"rendered":"Pre\u00e7os de frutas nos atacados no atacado registram queda"},"content":{"rendered":"<p> <br \/>\n<\/p>\n<div>\n<p style=\"text-align:justify\">O mercado atacadista de frutas registrou queda nos pre\u00e7os de mam\u00e3o, laranja, melancia e banana no \u00faltimo m\u00eas, segundo dados divulgados nesta ter\u00e7a-feira (24) pela Companhia Nacional de Abastecimento (Conab). As informa\u00e7\u00f5es constam no 6\u00ba Boletim do Programa Brasileiro de Moderniza\u00e7\u00e3o do Mercado Hortigranjeiro (Prohort).&#13;\n<\/p>\n<p style=\"text-align:justify\">De acordo com a Conab, o <a href=\"https:\/\/www.agrolink.com.br\/culturas\/mamao?utm_source=agrolink-detalhe-noticia&amp;utm_medium=detalhe-noticia&amp;utm_campaign=links-internos\" target=\"_blank\" rel=\"noopener\">mam\u00e3o<\/a> apresentou redu\u00e7\u00e3o de 16,89% na m\u00e9dia ponderada de pre\u00e7os. O recuo \u00e9 atribu\u00eddo ao aumento da oferta da variedade papaya, especialmente na primeira quinzena de maio, al\u00e9m da menor demanda decorrente das temperaturas mais baixas. No caso da <a href=\"https:\/\/www.agrolink.com.br\/culturas\/laranja?utm_source=agrolink-detalhe-noticia&amp;utm_medium=detalhe-noticia&amp;utm_campaign=links-internos\" target=\"_blank\" rel=\"noopener\">laranja<\/a>, a queda foi de 12,55%. Segundo a an\u00e1lise, o movimento reflete a maior oferta de frutas precoces, consideradas de melhor qualidade, al\u00e9m da concorr\u00eancia com outras frutas como a mexerica ponc\u00e3 e os efeitos do clima frio sobre o consumo.<\/p>\n<p style=\"text-align:justify\">A melancia tamb\u00e9m teve redu\u00e7\u00e3o de pre\u00e7os, com recuo de 11,82% na m\u00e9dia ponderada. J\u00e1 a <a href=\"https:\/\/www.agrolink.com.br\/culturas\/banana?utm_source=agrolink-detalhe-noticia&amp;utm_medium=detalhe-noticia&amp;utm_campaign=links-internos\" target=\"_blank\" rel=\"noopener\">banana<\/a> registrou queda mais leve, de 2%. A Conab atribui essa varia\u00e7\u00e3o ao aumento da produ\u00e7\u00e3o da variedade nanica, favorecida por condi\u00e7\u00f5es clim\u00e1ticas no norte de Santa Catarina, norte de Minas Gerais e na microrregi\u00e3o de Registro (SP), al\u00e9m da demanda mais fraca.<\/p>\n<p style=\"text-align:justify\">O mercado da <a href=\"https:\/\/www.agrolink.com.br\/culturas\/maca?utm_source=agrolink-detalhe-noticia&amp;utm_medium=detalhe-noticia&amp;utm_campaign=links-internos\" target=\"_blank\" rel=\"noopener\">ma\u00e7\u00e3<\/a>\u00a0seguiu trajet\u00f3ria oposta. Em maio, o produto registrou alta de 1,28% na m\u00e9dia ponderada de pre\u00e7os. Esse resultado foi influenciado pelo fim da colheita da variedade fuji nos estados do Sul do pa\u00eds.<\/p>\n<p style=\"text-align:justify\">No segmento de hortali\u00e7as, o tomate apresentou redu\u00e7\u00e3o pelo segundo m\u00eas consecutivo, com queda de 14,79% na m\u00e9dia ponderada, reflexo do in\u00edcio da safra de inverno. Segundo a Conab, a expectativa \u00e9 de que os pre\u00e7os sigam com tend\u00eancia de baixa com o avan\u00e7o da colheita.&#13;\n<\/p>\n<p style=\"text-align:justify\">Por outro lado, alface, <a href=\"https:\/\/www.agrolink.com.br\/culturas\/batata\/?utm_source=agrolink-detalhe-noticia&amp;utm_medium=detalhe-noticia&amp;utm_campaign=links-internos\" target=\"_blank\" rel=\"noopener\">batata<\/a>, cebola e cenoura apresentaram eleva\u00e7\u00e3o nas cota\u00e7\u00f5es. No caso da batata, a m\u00e9dia ponderada subiu 4,99% em maio. A Conab observou que, apesar do aumento, a varia\u00e7\u00e3o foi moderada entre as Centrais de Abastecimento (Ceasas) analisadas. A alface teve alta de 6,68%, influenciada pela entrada insuficiente da safra de inverno para atender \u00e0 demanda.<\/p>\n<p style=\"text-align:justify\">Para a cebola, o aumento foi de 21,41% na m\u00e9dia ponderada, movimento considerado comum no primeiro semestre. No entanto, a Conab destaca que, apesar das altas sucessivas desde dezembro de 2024, os pre\u00e7os permanecem abaixo dos valores registrados no mesmo per\u00edodo de 2024. A cenoura tamb\u00e9m apresentou crescimento, com eleva\u00e7\u00e3o de 8,36%, impulsionada principalmente pela limita\u00e7\u00e3o na oferta durante a primeira metade de maio.<\/p>\n<p style=\"text-align:justify\">No cen\u00e1rio das exporta\u00e7\u00f5es de frutas, o Minist\u00e9rio do Desenvolvimento, Ind\u00fastria, Com\u00e9rcio e Servi\u00e7os (MDIC) registrou o embarque de 486 mil toneladas entre janeiro e maio de 2025, um aumento de 24% em rela\u00e7\u00e3o ao mesmo per\u00edodo do ano passado. A receita obtida com essas exporta\u00e7\u00f5es totalizou US$ 548,7 milh\u00f5es, o que representa alta de 12,3% em compara\u00e7\u00e3o a 2024 e de 29% frente aos cinco primeiros meses de 2023.&#13;\n<\/p>\n<p style=\"text-align:justify\">A Conab tamb\u00e9m divulgou o balan\u00e7o da comercializa\u00e7\u00e3o nas Ceasas em 2024. O volume de frutas e hortali\u00e7as movimentado alcan\u00e7ou 17 milh\u00f5es de toneladas, com valor transacionado de R$ 75,7 bilh\u00f5es. Em compara\u00e7\u00e3o a 2023, houve uma redu\u00e7\u00e3o de 3,53% na quantidade comercializada, mas um aumento de 13,96% no valor financeiro. O crescimento no faturamento foi atribu\u00eddo, segundo a Conab, ao aumento nos pre\u00e7os de importantes hortifrutis, influenciado por adversidades clim\u00e1ticas e pela eleva\u00e7\u00e3o dos custos de insumos.<\/p>\n<p style=\"text-align:justify\">Nesta edi\u00e7\u00e3o, o boletim tamb\u00e9m destacou o papel das Ceasas na moderniza\u00e7\u00e3o das embalagens usadas na comercializa\u00e7\u00e3o, buscando maior qualidade, efici\u00eancia e sustentabilidade.<br \/>&#13;<br \/>\n\u00a0<\/p>\n<\/p><\/div>\n<p><script data-cfasync=\"false\">\n    !function (f, b, e, v, n, t, s) {\n        if (f.fbq) return; n = f.fbq = function () {\n            n.callMethod ?\n                n.callMethod.apply(n, arguments) : n.queue.push(arguments)\n        };\n        if (!f._fbq) f._fbq = n; n.push = n; n.loaded = !0; n.version = '2.0';\n        n.queue = []; t = b.createElement(e); t.async = !0;\n        t.src = v; s = b.getElementsByTagName(e)[0];\n        s.parentNode.insertBefore(t, s)\n    }(window, document, 'script',\n        'https:\/\/connect.facebook.net\/en_US\/fbevents.js');\n    fbq('init', '522546078623747');\n    fbq('track', 'PageView');\n<\/script><br \/>\n<br \/><br \/>\n<br \/><a href=\"https:\/\/www.agrolink.com.br\/noticias\/precos-de-frutas-nos-atacados-no-atacado-registram-queda_503195.html\">Source link <\/a><\/p>\n","protected":false},"excerpt":{"rendered":"<p>O mercado atacadista de frutas registrou queda nos pre\u00e7os de mam\u00e3o, laranja, melancia e banana no \u00faltimo m\u00eas, segundo dados<\/p>\n","protected":false},"author":1,"featured_media":2624,"comment_status":"open","ping_status":"open","sticky":false,"template":"","format":"standard","meta":{"_monsterinsights_skip_tracking":false,"_monsterinsights_sitenote_active":false,"_monsterinsights_sitenote_note":"","_monsterinsights_sitenote_category":0,"_uf_show_specific_survey":0,"_uf_disable_surveys":false,"footnotes":""},"categories":[8,1,14],"tags":[],"class_list":["post-15583","post","type-post","status-publish","format-standard","has-post-thumbnail","hentry","category-agro","category-news","category-politica-agro"],"_links":{"self":[{"href":"https:\/\/agromt.news\/index.php?rest_route=\/wp\/v2\/posts\/15583"}],"collection":[{"href":"https:\/\/agromt.news\/index.php?rest_route=\/wp\/v2\/posts"}],"about":[{"href":"https:\/\/agromt.news\/index.php?rest_route=\/wp\/v2\/types\/post"}],"author":[{"embeddable":true,"href":"https:\/\/agromt.news\/index.php?rest_route=\/wp\/v2\/users\/1"}],"replies":[{"embeddable":true,"href":"https:\/\/agromt.news\/index.php?rest_route=%2Fwp%2Fv2%2Fcomments&post=15583"}],"version-history":[{"count":0,"href":"https:\/\/agromt.news\/index.php?rest_route=\/wp\/v2\/posts\/15583\/revisions"}],"wp:featuredmedia":[{"embeddable":true,"href":"https:\/\/agromt.news\/index.php?rest_route=\/wp\/v2\/media\/2624"}],"wp:attachment":[{"href":"https:\/\/agromt.news\/index.php?rest_route=%2Fwp%2Fv2%2Fmedia&parent=15583"}],"wp:term":[{"taxonomy":"category","embeddable":true,"href":"https:\/\/agromt.news\/index.php?rest_route=%2Fwp%2Fv2%2Fcategories&post=15583"},{"taxonomy":"post_tag","embeddable":true,"href":"https:\/\/agromt.news\/index.php?rest_route=%2Fwp%2Fv2%2Ftags&post=15583"}],"curies":[{"name":"wp","href":"https:\/\/api.w.org\/{rel}","templated":true}]}}