{"id":1558,"date":"2024-09-13T19:05:28","date_gmt":"2024-09-13T23:05:28","guid":{"rendered":"https:\/\/agromt.news\/?p=1558"},"modified":"2024-09-13T19:05:28","modified_gmt":"2024-09-13T23:05:28","slug":"drones-terao-aliquota-zero-na-importacao","status":"publish","type":"post","link":"https:\/\/agromt.news\/?p=1558","title":{"rendered":"Drones ter\u00e3o al\u00edquota zero na importa\u00e7\u00e3o"},"content":{"rendered":"<p> <br \/>\n<\/p>\n<div>\n<div class=\"row\">\n<div class=\"col-lg col-infos mt-3 mt-lg-0\">\n<div class=\"section-sub-title\">\n<p itemprop=\"description\">\nEssa decis\u00e3o vem em um contexto de crescente importa\u00e7\u00e3o de drones\n<\/p>\n<\/div>\n<div class=\"container\">\n<div class=\"row\">\n<div class=\"col-lg p-0\">\n<div>\n<div class=\"block-news-main-infos mt-3 text-start\">\n<strong class=\"fn\" itemprop=\"author\" style=\"color: rgb(112, 112, 112); \"><br \/>\n<a href=\"https:\/\/www.agrolink.com.br\/noticias\/javascript:;\" class=\"text-uppercase\" target=\"_blank\" style=\"color: rgb(112, 112, 112); \" rel=\"noopener\">Agrolink<\/a><br \/>\n&#8211; Leonardo Gottems<br \/>\n<\/strong><br \/>\n<br \/>\n<abbr><time datetime=\"2024-09-13T14:45\" itemprop=\"datePublished dateModified\">Publicado em 13\/09\/2024 \u00e0s 14:45h.<\/time><\/abbr><br \/>\n\n<\/div>\n<\/div>\n<\/div>\n<div class=\"col-lg p-0 text-lg-end\">\n<div>\n<div id=\"mdEnviarPagina\" class=\"modal fade\" role=\"dialog\">\n<div class=\"modal-dialog\">\n<div class=\"modal-content\">\n<div class=\"modal-body\">\n<p><strong>Estimado usu\u00e1rio.<\/strong><br \/>Preencha o formul\u00e1rio abaixo para remeter a p\u00e1gina.<\/p>\n<\/div>\n<\/div>\n<\/div>\n<\/div>\n<\/div>\n<\/div>\n<\/div>\n<\/div>\n<\/div>\n<\/div>\n<div class=\"row justify-content-md-center mt-3\">\n<div class=\"col-lg-auto col-image  block-news-main-image d-none d-md-block\">\n<img decoding=\"async\" src=\"https:\/\/www.agrolink.com.br\/upload\/imagens-resizes\/798efe4839e44db4b714e17495f663a1_858x483.jpg\" class=\"lazyload\" alt=\"\u201cO drone \u00e9 uma aeronave e a c\u00e2mera fotogr\u00e1fica \u00e9 um acess\u00f3rio&quot;\"\/><br \/>\n<span class=\"d-block mt-1\">\u201cO drone \u00e9 uma aeronave e a c\u00e2mera fotogr\u00e1fica \u00e9 um acess\u00f3rio&#8221; &#8211; Foto: Arquivo Agrolink<\/span>\n<\/div>\n<\/div>\n<div class=\"section-description section-description-noticias mt-3\">\n<p>Uma decis\u00e3o in\u00e9dita no Conselho de Administra\u00e7\u00e3o de Recursos Fiscais (Carf) reconheceu a fun\u00e7\u00e3o essencial dos <a href=\"https:\/\/www.agrolink.com.br\/agrolinkfito\/tecnologia-de-aplicacao\/aplicacao-aerea\/aplicacao-de-defensivos-com-drones_481651.html\" target=\"_blank\" rel=\"noopener\">Drones<\/a> como ve\u00edculos a\u00e9reos n\u00e3o tripulados, alterando sua classifica\u00e7\u00e3o fiscal na importa\u00e7\u00e3o. O caso, conduzido pelo Martinelli Advogados, resultou na aplica\u00e7\u00e3o de uma al\u00edquota zero para o Imposto de Importa\u00e7\u00e3o e 10% para o Imposto sobre Produtos Industrializados (IPI), diferentemente da classifica\u00e7\u00e3o anterior, que os tratava como c\u00e2meras fotogr\u00e1ficas digitais, resultando em uma carga tribut\u00e1ria maior.\n<\/p>\n<p>A advogada Fernanda Bandinelli Baccim, s\u00f3cia do Martinelli, argumentou que o Fisco n\u00e3o poderia ignorar as caracter\u00edsticas t\u00e9cnicas dos drones, estabelecidas pela Ag\u00eancia Nacional de Avia\u00e7\u00e3o Civil (Anac) e o Departamento de Controle do Espa\u00e7o A\u00e9reo (Decea), que os reconhecem como ve\u00edculos a\u00e9reos remotamente pilotados (VARP) ou ve\u00edculos a\u00e9reos n\u00e3o tripulados (VANT). \u201cO drone \u00e9 uma aeronave e a c\u00e2mera fotogr\u00e1fica \u00e9 um acess\u00f3rio, de modo que temos que considerar a caracter\u00edstica essencial do equipamento que \u00e9 a de voar\u201d, afirma a advogada<\/p>\n<p>Essa decis\u00e3o vem em um contexto de crescente importa\u00e7\u00e3o de drones, especialmente para o agroneg\u00f3cio. A Receita Federal, por sua vez, defendia que a classifica\u00e7\u00e3o correta seria como c\u00e2mera fotogr\u00e1fica digital, o que resultaria em maior tributa\u00e7\u00e3o. No entanto, essa vit\u00f3ria no Carf alinha a classifica\u00e7\u00e3o fiscal com regulamenta\u00e7\u00f5es internacionais, como as da Anac.\n<\/p>\n<p>Al\u00e9m dessa decis\u00e3o, a 12\u00aa Vara C\u00edvel Federal de S\u00e3o Paulo j\u00e1 havia anulado uma instru\u00e7\u00e3o normativa da Receita Federal, que tamb\u00e9m classificava drones como c\u00e2meras fotogr\u00e1ficas, refor\u00e7ando que o entendimento do Carf segue uma tend\u00eancia de reconhecimento jur\u00eddico da fun\u00e7\u00e3o essencial dos drones como aeronaves.<br \/>\u00a0<\/p>\n<\/div>\n<\/div>\n<p><script data-cfasync=\"false\">\n    !function (f, b, e, v, n, t, s) {\n        if (f.fbq) return; n = f.fbq = function () {\n            n.callMethod ?\n                n.callMethod.apply(n, arguments) : n.queue.push(arguments)\n        };\n        if (!f._fbq) f._fbq = n; n.push = n; n.loaded = !0; n.version = '2.0';\n        n.queue = []; t = b.createElement(e); t.async = !0;\n        t.src = v; s = b.getElementsByTagName(e)[0];\n        s.parentNode.insertBefore(t, s)\n    }(window, document, 'script',\n        'https:\/\/connect.facebook.net\/en_US\/fbevents.js');\n    fbq('init', '522546078623747');\n    fbq('track', 'PageView');\n<\/script><br \/>\n<br \/><br \/>\n<br \/><a href=\"https:\/\/www.agrolink.com.br\/noticias\/drones-terao-aliquota-zero-na-importacao_494939.html\">Source link <\/a><\/p>\n","protected":false},"excerpt":{"rendered":"<p>Essa decis\u00e3o vem em um contexto de crescente importa\u00e7\u00e3o de drones Agrolink &#8211; Leonardo Gottems Publicado em 13\/09\/2024 \u00e0s 14:45h.<\/p>\n","protected":false},"author":1,"featured_media":1561,"comment_status":"open","ping_status":"open","sticky":false,"template":"","format":"standard","meta":{"_monsterinsights_skip_tracking":false,"_monsterinsights_sitenote_active":false,"_monsterinsights_sitenote_note":"","_monsterinsights_sitenote_category":0,"_uf_show_specific_survey":0,"_uf_disable_surveys":false,"footnotes":""},"categories":[8,1,14],"tags":[],"class_list":["post-1558","post","type-post","status-publish","format-standard","has-post-thumbnail","hentry","category-agro","category-news","category-politica-agro"],"_links":{"self":[{"href":"https:\/\/agromt.news\/index.php?rest_route=\/wp\/v2\/posts\/1558"}],"collection":[{"href":"https:\/\/agromt.news\/index.php?rest_route=\/wp\/v2\/posts"}],"about":[{"href":"https:\/\/agromt.news\/index.php?rest_route=\/wp\/v2\/types\/post"}],"author":[{"embeddable":true,"href":"https:\/\/agromt.news\/index.php?rest_route=\/wp\/v2\/users\/1"}],"replies":[{"embeddable":true,"href":"https:\/\/agromt.news\/index.php?rest_route=%2Fwp%2Fv2%2Fcomments&post=1558"}],"version-history":[{"count":0,"href":"https:\/\/agromt.news\/index.php?rest_route=\/wp\/v2\/posts\/1558\/revisions"}],"wp:featuredmedia":[{"embeddable":true,"href":"https:\/\/agromt.news\/index.php?rest_route=\/wp\/v2\/media\/1561"}],"wp:attachment":[{"href":"https:\/\/agromt.news\/index.php?rest_route=%2Fwp%2Fv2%2Fmedia&parent=1558"}],"wp:term":[{"taxonomy":"category","embeddable":true,"href":"https:\/\/agromt.news\/index.php?rest_route=%2Fwp%2Fv2%2Fcategories&post=1558"},{"taxonomy":"post_tag","embeddable":true,"href":"https:\/\/agromt.news\/index.php?rest_route=%2Fwp%2Fv2%2Ftags&post=1558"}],"curies":[{"name":"wp","href":"https:\/\/api.w.org\/{rel}","templated":true}]}}