{"id":15577,"date":"2025-06-25T10:13:24","date_gmt":"2025-06-25T14:13:24","guid":{"rendered":"https:\/\/agromt.news\/?p=15577"},"modified":"2025-06-25T10:13:24","modified_gmt":"2025-06-25T14:13:24","slug":"cotacoes-operam-nas-menores-medias-do-ano","status":"publish","type":"post","link":"https:\/\/agromt.news\/?p=15577","title":{"rendered":"cota\u00e7\u00f5es operam nas menores m\u00e9dias do ano"},"content":{"rendered":"<p> <br \/>\n<br \/><img decoding=\"async\" src=\"https:\/\/agromt.news\/wp-content\/uploads\/2025\/06\/cotacoes-operam-nas-menores-medias-do-ano.png\" \/><\/p>\n<div>\n<p>As quedas de pre\u00e7os do caf\u00e9 v\u00eam se intensificando e j\u00e1 passam dos 15% na parcial de junho. Isso conforme os levantamentos do <a href=\"https:\/\/www.canalrural.com.br\/tag\/cepea\/\">Centro de Estudos Avan\u00e7ados em Economia Aplicada (Cepea)<\/a>.<\/p>\n<p>Segundo o instituto, a press\u00e3o vem sobretudo do avan\u00e7o da colheita da safra brasileira 2025\/26. O Indicador Cepea\/Esalq do ar\u00e1bica do tipo 6, bebida dura para melhor, posto na capital paulista, perdeu quase 360 Reais\/saca de 60 kg neste m\u00eas, fechando abaixo dos R$ 2.000\/sc. A queda representou uma diminui\u00e7\u00e3o de 15,4% no comparativo com o m\u00eas passado.\u00a0<\/p>\n<p>Ainda de acordo com o centro de estudos, as cota\u00e7\u00f5es da variedade n\u00e3o chegam a\u00a0valores t\u00e3o baixos desde o encerramento de novembro\/24.\u00a0<\/p>\n<\/div>\n<div>\n<p>Para o robusta, o Indicador Cepea\/Esalq do tipo 6, peneira 13 acima, a retirar no Esp\u00edrito Santo, recuou 208,25 Reais\/saca de 60 kg (ou 14,9%) no acumulado de junho. Com isso a variedade abriu esta semana \u00e0 m\u00e9dia de R$ 1.186,20\/sc, o menor patamar desde maio\/24.\u00a0<\/p>\n<p>Pesquisadores ressaltam que ambas variedades vinham operando em patamares recordes reais. Com isso, as recentes quedas, al\u00e9m de atreladas \u00e0 colheita, tamb\u00e9m representam um certo ajuste do mercado.<\/p>\n<p><em>*Sob supervis\u00e3o de Luis Roberto Toledo<\/em><\/p>\n<\/p><\/div>\n<p><br \/>\n<br \/><a href=\"https:\/\/www.canalrural.com.br\/agricultura\/cafe-cotacoes-operam-nas-menores-medias-do-ano\/\">Source link <\/a><\/p>\n","protected":false},"excerpt":{"rendered":"<p>As quedas de pre\u00e7os do caf\u00e9 v\u00eam se intensificando e j\u00e1 passam dos 15% na parcial de junho. Isso conforme<\/p>\n","protected":false},"author":1,"featured_media":15578,"comment_status":"open","ping_status":"open","sticky":false,"template":"","format":"standard","meta":{"_monsterinsights_skip_tracking":false,"_monsterinsights_sitenote_active":false,"_monsterinsights_sitenote_note":"","_monsterinsights_sitenote_category":0,"_uf_show_specific_survey":0,"_uf_disable_surveys":false,"footnotes":""},"categories":[1],"tags":[],"class_list":["post-15577","post","type-post","status-publish","format-standard","has-post-thumbnail","hentry","category-news"],"_links":{"self":[{"href":"https:\/\/agromt.news\/index.php?rest_route=\/wp\/v2\/posts\/15577"}],"collection":[{"href":"https:\/\/agromt.news\/index.php?rest_route=\/wp\/v2\/posts"}],"about":[{"href":"https:\/\/agromt.news\/index.php?rest_route=\/wp\/v2\/types\/post"}],"author":[{"embeddable":true,"href":"https:\/\/agromt.news\/index.php?rest_route=\/wp\/v2\/users\/1"}],"replies":[{"embeddable":true,"href":"https:\/\/agromt.news\/index.php?rest_route=%2Fwp%2Fv2%2Fcomments&post=15577"}],"version-history":[{"count":0,"href":"https:\/\/agromt.news\/index.php?rest_route=\/wp\/v2\/posts\/15577\/revisions"}],"wp:featuredmedia":[{"embeddable":true,"href":"https:\/\/agromt.news\/index.php?rest_route=\/wp\/v2\/media\/15578"}],"wp:attachment":[{"href":"https:\/\/agromt.news\/index.php?rest_route=%2Fwp%2Fv2%2Fmedia&parent=15577"}],"wp:term":[{"taxonomy":"category","embeddable":true,"href":"https:\/\/agromt.news\/index.php?rest_route=%2Fwp%2Fv2%2Fcategories&post=15577"},{"taxonomy":"post_tag","embeddable":true,"href":"https:\/\/agromt.news\/index.php?rest_route=%2Fwp%2Fv2%2Ftags&post=15577"}],"curies":[{"name":"wp","href":"https:\/\/api.w.org\/{rel}","templated":true}]}}