{"id":15573,"date":"2025-06-25T08:02:25","date_gmt":"2025-06-25T12:02:25","guid":{"rendered":"https:\/\/agromt.news\/?p=15573"},"modified":"2025-06-25T08:02:25","modified_gmt":"2025-06-25T12:02:25","slug":"irmaos-mostram-a-forca-da-producao-agroecologica","status":"publish","type":"post","link":"https:\/\/agromt.news\/?p=15573","title":{"rendered":"irm\u00e3os mostram a for\u00e7a da produ\u00e7\u00e3o agroecol\u00f3gica"},"content":{"rendered":"<p> <br \/>\n<\/p>\n<div>\n<p>A hist\u00f3ria da <a href=\"https:\/\/www.instagram.com\/organicosdoquintal_\/\">\u2018Org\u00e2nicos do Quintal<\/a>\u2019, liderada pelos irm\u00e3os Mateus Fernandes da Silva e Paula Silva Ferreira, come\u00e7ou em um pequeno quintal de 100 m\u00b2, em Barro Alto, Irec\u00ea, Bahia (BA). <\/p>\n<p>Filhos de agricultores que h\u00e1 mais de 30 anos cultivam hortali\u00e7as sem veneno, eles transformaram a tradi\u00e7\u00e3o da fam\u00edlia em um neg\u00f3cio de impacto. Entre as culturas est\u00e3o alface, r\u00facula, alho-por\u00f3, cenoura, beterraba e o tradicional alho roxo \u2013 semente que vem sendo preservada h\u00e1 anos.\u00a0\u00a0<\/p>\n<p>\u201cSomos guardi\u00f5es da semente do alho roxo, que est\u00e1 conosco h\u00e1 mais de 35 anos. Ela vem passando de gera\u00e7\u00e3o em gera\u00e7\u00e3o, e hoje seguimos mantendo a produ\u00e7\u00e3o em nossa propriedade,\u201d afirma Paula.\u00a0\u00a0<\/p>\n<p>Com o passar dos anos, os irm\u00e3os decidiram agregar valor aos alimentos e aproveitar melhor os itens que n\u00e3o eram vendidos nas feiras, geralmente iam para a compostagem ou para a alimenta\u00e7\u00e3o dos animais. Agora, tudo \u00e9 aproveitado. \u201cConstru\u00edmos a agroind\u00fastria Org\u00e2nicos do Quintal, que fica no fundo da nossa casa\u201d, explica Paula.\u00a0\u00a0<\/p>\n<ul class=\"wp-block-list\">\n<li><em>Participe do Porteira Aberta Empreender: envie perguntas, sugest\u00f5es e conte sua hist\u00f3ria de empreendedorismo pelo\u00a0<\/em><a href=\"https:\/\/api.whatsapp.com\/send?phone=5511932796720&amp;PorteiraAbertaEmpreender=SuaMensagem\"><strong>WhatsApp<\/strong><\/a><\/li>\n<\/ul>\n<h2 class=\"wp-block-heading\" id=\"h-do-chimichurri-as-geleias\"><strong>Do chimichurri \u00e0s geleias<\/strong><\/h2>\n<figure class=\"wp-block-image size-full\"><img fetchpriority=\"high\" decoding=\"async\" width=\"885\" height=\"839\" alt=\"geleias \" class=\"wp-image-4105201\"  data-lazy- src=\"https:\/\/agromt.news\/wp-content\/uploads\/2025\/06\/irmaos-mostram-a-forca-da-producao-agroecologica.jpg\"\/><img decoding=\"async\" width=\"885\" height=\"839\" src=\"https:\/\/agromt.news\/wp-content\/uploads\/2025\/06\/irmaos-mostram-a-forca-da-producao-agroecologica.jpg\" alt=\"geleias \" class=\"wp-image-4105201\"  \/><figcaption class=\"wp-element-caption\">Produtos da agroind\u00fastria \u2018Org\u00e2nicos do Quintal\u2019. Foto: Arquivo Pessoal. <\/figcaption><\/figure>\n<p>Al\u00e9m do tempero chimichurri, os irm\u00e3os produzem extratos de tomate \u2014 sendo este o carro-chefe da agroind\u00fastria e do campo \u2014, geleias, farinhas de cenoura, beterraba, batata-doce sem gl\u00faten. O modo de produ\u00e7\u00e3o \u00e9 o mesmo: o que sobra das feiras \u00e9 aproveitado.\u00a0\u201cNa agroind\u00fastria, temos mais de 65 variedades [de produtos]\u201d, esclarece Paula.\u00a0\u00a0<\/p>\n<\/div>\n<div>\n<p>Essa diversidade tamb\u00e9m se reflete no campo. A<a href=\"https:\/\/www.canalrural.com.br\/empreendedorismo\/grupo-de-quilombolas-transforma-fibra-da-banana-em-arte-e-garante-renda-extra\/\"> produ\u00e7\u00e3o<\/a>, que come\u00e7ou com cerca de 13 produtos, atualmente conta com mais de 30 cultivos. E ao longo dessa trajet\u00f3ria, um apoio foi decisivo.\u00a0\u00a0<\/p>\n<p>\u201cO Sebrae \u00e9 um parceiro forte da agricultura familiar e da produ\u00e7\u00e3o de org\u00e2nicos na Bahia. Ele nos ajudou nas redes sociais e cooperativa. \u00c9ramos uma associa\u00e7\u00e3o, e o Sebrae nos capacitou para nos tornarmos uma cooperativa,\u201d afirma Matheus.\u00a0\u00a0<\/p>\n<p>Segundo ele, essa parceria tamb\u00e9m foi essencial para lev\u00e1-los mais longe.\u00a0\u201cFoi o <a href=\"https:\/\/sebrae.com.br\/sites\/PortalSebrae\/ufs\/ba?codUf=5\">Sebrae\/BA<\/a> que nos ajudou a participar da nossa primeira feira [Bio Brazil Fair\/Biofach Am\u00e9rica Latina e a Naturaltech 2025]. Hoje estamos em S\u00e3o Paulo, que \u00e9 uma porta para o mundo. N\u00e3o estamos mais s\u00f3 na Bahia\u201d, conta Matheus com orgulho. <\/p>\n<p>O evento internacional <a href=\"https:\/\/www.canalrural.com.br\/empreendedorismo\/sebrae-impulsiona-pequenos-negocios-na-bio-brazil-fair-e-naturaltech\/\">Bio Brazil Fair\/Biofach Am\u00e9rica Latina e a Naturaltech 2025<\/a> aconteceu no distrito Anhembi, em S\u00e3o Paulo, e reuniu mais de 1.200 marcas e 700 expositores. O Sebrae marcou presen\u00e7a com cinco estandes.\u00a0<\/p>\n<p>O quintal de 100 m\u00b2 em Irec\u00ea\/BA, atualmente conta com 16 hectares de pura produ\u00e7\u00e3o. Certificada organicamente de forma participativa pela Rede Povos da Mata, a \u2018Org\u00e2nicos do Quintal\u2019 segue unindo conhecimento, inova\u00e7\u00e3o e compromisso com o solo. \u201cPorque, na agroecologia, nada se perde, tudo se transforma,\u201d finaliza Paula.<\/p>\n<\/p><\/div>\n<p><script async src=\"\/\/www.instagram.com\/embed.js\"><\/script><br \/>\n<br \/><br \/>\n<br \/><a href=\"https:\/\/www.canalrural.com.br\/empreendedorismo\/do-quintal-baiano-as-feiras-irmaos-mostram-a-forca-da-producao-agroecologica\/\">Source link <\/a><\/p>\n","protected":false},"excerpt":{"rendered":"<p>A hist\u00f3ria da \u2018Org\u00e2nicos do Quintal\u2019, liderada pelos irm\u00e3os Mateus Fernandes da Silva e Paula Silva Ferreira, come\u00e7ou em um<\/p>\n","protected":false},"author":1,"featured_media":15574,"comment_status":"open","ping_status":"open","sticky":false,"template":"","format":"standard","meta":{"_monsterinsights_skip_tracking":false,"_monsterinsights_sitenote_active":false,"_monsterinsights_sitenote_note":"","_monsterinsights_sitenote_category":0,"_uf_show_specific_survey":0,"_uf_disable_surveys":false,"footnotes":""},"categories":[1],"tags":[],"class_list":["post-15573","post","type-post","status-publish","format-standard","has-post-thumbnail","hentry","category-news"],"_links":{"self":[{"href":"https:\/\/agromt.news\/index.php?rest_route=\/wp\/v2\/posts\/15573"}],"collection":[{"href":"https:\/\/agromt.news\/index.php?rest_route=\/wp\/v2\/posts"}],"about":[{"href":"https:\/\/agromt.news\/index.php?rest_route=\/wp\/v2\/types\/post"}],"author":[{"embeddable":true,"href":"https:\/\/agromt.news\/index.php?rest_route=\/wp\/v2\/users\/1"}],"replies":[{"embeddable":true,"href":"https:\/\/agromt.news\/index.php?rest_route=%2Fwp%2Fv2%2Fcomments&post=15573"}],"version-history":[{"count":0,"href":"https:\/\/agromt.news\/index.php?rest_route=\/wp\/v2\/posts\/15573\/revisions"}],"wp:featuredmedia":[{"embeddable":true,"href":"https:\/\/agromt.news\/index.php?rest_route=\/wp\/v2\/media\/15574"}],"wp:attachment":[{"href":"https:\/\/agromt.news\/index.php?rest_route=%2Fwp%2Fv2%2Fmedia&parent=15573"}],"wp:term":[{"taxonomy":"category","embeddable":true,"href":"https:\/\/agromt.news\/index.php?rest_route=%2Fwp%2Fv2%2Fcategories&post=15573"},{"taxonomy":"post_tag","embeddable":true,"href":"https:\/\/agromt.news\/index.php?rest_route=%2Fwp%2Fv2%2Ftags&post=15573"}],"curies":[{"name":"wp","href":"https:\/\/api.w.org\/{rel}","templated":true}]}}