{"id":15570,"date":"2025-06-25T05:09:10","date_gmt":"2025-06-25T09:09:10","guid":{"rendered":"https:\/\/agromt.news\/?p=15570"},"modified":"2025-06-25T05:09:10","modified_gmt":"2025-06-25T09:09:10","slug":"agronegocio-brasileiro-emprega-285-milhoes-de-pessoas-no-1o-trimestre","status":"publish","type":"post","link":"https:\/\/agromt.news\/?p=15570","title":{"rendered":"Agroneg\u00f3cio brasileiro emprega 28,5 milh\u00f5es de pessoas no 1\u00ba trimestre"},"content":{"rendered":"<p> <br \/>\n<\/p>\n<div>\n<p style=\"text-align:justify\">O agroneg\u00f3cio brasileiro foi respons\u00e1vel por empregar 28,5 milh\u00f5es de pessoas no primeiro trimestre de 2025, aumento de 0,6% (ou de aproximadamente 171 mil pessoas) frente ao mesmo per\u00edodo do ano anterior, conforme indicam pesquisas realizadas pelo Cepea (Centro de Estudos Avan\u00e7ados em Economia Aplicada), da Esalq\/USP, em parceria com a CNA (Confedera\u00e7\u00e3o da Agricultura e Pecu\u00e1ria do Brasil). Trata-se de um novo recorde da s\u00e9rie hist\u00f3rica do Cepea\/CNA, iniciada em 2012. Diante disso, a participa\u00e7\u00e3o do setor no total de ocupa\u00e7\u00f5es do Brasil atingiu 26,23% nos primeiros tr\u00eas meses deste ano.&#13;\n<\/p>\n<p style=\"text-align:justify\">Segundo pesquisadores do Cepea\/CNA, o avan\u00e7o no n\u00famero de pessoas trabalhando no agroneg\u00f3cio brasileiro se deve ao maior contingente ocupado nos segmentos de insumos (que cresceu 10,2%, ou aproximadamente 30,2 mil pessoas, no primeiro trimestre de 2025 frente ao mesmo per\u00edodo de 2024), da agroind\u00fastria (4,8% ou 222,9 mil pessoas) e, principalmente, de agrosservi\u00e7os (2,4% ou 252,3 mil pessoas).<\/p>\n<p style=\"text-align:justify\">O aumento acima de 10% observado para insumos, por sua vez, est\u00e1 relacionado \u00e0 ind\u00fastria de ra\u00e7\u00f5es. No caso das agroind\u00fastrias, destacaram-se as contribui\u00e7\u00f5es das ind\u00fastrias de vestu\u00e1rio e acess\u00f3rios, etanol, moagem e produtos amil\u00e1ceos e abate de animais. Para os agrosservi\u00e7os, o resultado pode ser interpretado como um desdobramento do desempenho do agroneg\u00f3cio como um todo, visto que se constitui como o elo direto entre a produ\u00e7\u00e3o agropecu\u00e1ria e agroindustrial e o consumidor final.&#13;\n<\/p>\n<p style=\"text-align:justify\">PERFIL \u2013 Pesquisadores do Cepea\/CNA indicam que o aumento da popula\u00e7\u00e3o ocupada no agroneg\u00f3cio no primeiro trimestre de 2025 foi puxado por empregadores e empregados com carteira (logo, cresceu a formaliza\u00e7\u00e3o do emprego), por trabalhadores com maior n\u00edvel de instru\u00e7\u00e3o (tend\u00eancia verificada no setor desde o in\u00edcio da s\u00e9rie hist\u00f3rica) e por mulheres (houve incremento da participa\u00e7\u00e3o feminina no per\u00edodo).<\/p>\n<p style=\"text-align:justify\">Os rendimentos mensais do agroneg\u00f3cio avan\u00e7aram no primeiro trimestre de 2025 em rela\u00e7\u00e3o a igual intervalo de 2024: em m\u00e9dia, os empregados registraram aumento de 2,2%, os empregadores tiveram acr\u00e9scimo de 2,9%, e os trabalhadores aut\u00f4nomos apresentaram incremento de 9,1%.&#13;\n<\/p>\n<\/p><\/div>\n<p><script data-cfasync=\"false\">\n    !function (f, b, e, v, n, t, s) {\n        if (f.fbq) return; n = f.fbq = function () {\n            n.callMethod ?\n                n.callMethod.apply(n, arguments) : n.queue.push(arguments)\n        };\n        if (!f._fbq) f._fbq = n; n.push = n; n.loaded = !0; n.version = '2.0';\n        n.queue = []; t = b.createElement(e); t.async = !0;\n        t.src = v; s = b.getElementsByTagName(e)[0];\n        s.parentNode.insertBefore(t, s)\n    }(window, document, 'script',\n        'https:\/\/connect.facebook.net\/en_US\/fbevents.js');\n    fbq('init', '522546078623747');\n    fbq('track', 'PageView');\n<\/script><br \/>\n<br \/><br \/>\n<br \/><a href=\"https:\/\/www.agrolink.com.br\/noticias\/agronegocio-brasileiro-emprega-28-5-milhoes-de-pessoas-no-1--trimestre_503198.html\">Source link <\/a><\/p>\n","protected":false},"excerpt":{"rendered":"<p>O agroneg\u00f3cio brasileiro foi respons\u00e1vel por empregar 28,5 milh\u00f5es de pessoas no primeiro trimestre de 2025, aumento de 0,6% (ou<\/p>\n","protected":false},"author":1,"featured_media":8524,"comment_status":"open","ping_status":"open","sticky":false,"template":"","format":"standard","meta":{"_monsterinsights_skip_tracking":false,"_monsterinsights_sitenote_active":false,"_monsterinsights_sitenote_note":"","_monsterinsights_sitenote_category":0,"_uf_show_specific_survey":0,"_uf_disable_surveys":false,"footnotes":""},"categories":[8,1,14],"tags":[],"class_list":["post-15570","post","type-post","status-publish","format-standard","has-post-thumbnail","hentry","category-agro","category-news","category-politica-agro"],"_links":{"self":[{"href":"https:\/\/agromt.news\/index.php?rest_route=\/wp\/v2\/posts\/15570"}],"collection":[{"href":"https:\/\/agromt.news\/index.php?rest_route=\/wp\/v2\/posts"}],"about":[{"href":"https:\/\/agromt.news\/index.php?rest_route=\/wp\/v2\/types\/post"}],"author":[{"embeddable":true,"href":"https:\/\/agromt.news\/index.php?rest_route=\/wp\/v2\/users\/1"}],"replies":[{"embeddable":true,"href":"https:\/\/agromt.news\/index.php?rest_route=%2Fwp%2Fv2%2Fcomments&post=15570"}],"version-history":[{"count":0,"href":"https:\/\/agromt.news\/index.php?rest_route=\/wp\/v2\/posts\/15570\/revisions"}],"wp:featuredmedia":[{"embeddable":true,"href":"https:\/\/agromt.news\/index.php?rest_route=\/wp\/v2\/media\/8524"}],"wp:attachment":[{"href":"https:\/\/agromt.news\/index.php?rest_route=%2Fwp%2Fv2%2Fmedia&parent=15570"}],"wp:term":[{"taxonomy":"category","embeddable":true,"href":"https:\/\/agromt.news\/index.php?rest_route=%2Fwp%2Fv2%2Fcategories&post=15570"},{"taxonomy":"post_tag","embeddable":true,"href":"https:\/\/agromt.news\/index.php?rest_route=%2Fwp%2Fv2%2Ftags&post=15570"}],"curies":[{"name":"wp","href":"https:\/\/api.w.org\/{rel}","templated":true}]}}