{"id":15566,"date":"2025-06-25T03:13:23","date_gmt":"2025-06-25T07:13:23","guid":{"rendered":"https:\/\/agromt.news\/?p=15566"},"modified":"2025-06-25T03:13:23","modified_gmt":"2025-06-25T07:13:23","slug":"frio-favorece-producao-de-frutas-de-clima-temperado-na-serra-gaucha","status":"publish","type":"post","link":"https:\/\/agromt.news\/?p=15566","title":{"rendered":"Frio favorece produ\u00e7\u00e3o de frutas de clima temperado na Serra Ga\u00facha"},"content":{"rendered":"<p> <br \/>\n<\/p>\n<div>\n<p style=\"text-align:justify\">As recentes ondas de frio registradas na Serra Ga\u00facha t\u00eam papel fundamental para o bom desenvolvimento de diversas frut\u00edferas cultivadas na regi\u00e3o. De acordo com o extensionista rural da Emater\/RS-Ascar, Thompsson Didon\u00e9, o frio, nesta \u00e9poca do ano, \u00e9 essencial para que culturas como uva, ma\u00e7\u00e3, pera, p\u00eassego e ameixa completem um importante ciclo fisiol\u00f3gico: o da dorm\u00eancia.&#13;\n<\/p>\n<p style=\"text-align:justify\">\u201cAs frut\u00edferas caducif\u00f3lias, que s\u00e3o aquelas que perdem suas folhas no inverno, entram em um estado de dorm\u00eancia com o frio. Esse processo \u00e9 indispens\u00e1vel para que, na primavera, haja uma boa brota\u00e7\u00e3o e, consequentemente, uma frutifica\u00e7\u00e3o adequada\u201d, explica Didon\u00e9. Ele ressalta que cada variedade dessas plantas exige uma quantidade espec\u00edfica de horas de frio, geralmente com temperaturas abaixo de 7,2\u00b0C \u2013 limite t\u00e9cnico considerado pela maioria das pesquisas para efeito real sobre o metabolismo das plantas.<\/p>\n<p style=\"text-align:justify\">Na Serra Ga\u00facha, uma das maiores regi\u00f5es produtoras de uva e ma\u00e7\u00e3 do pa\u00eds, esse fator clim\u00e1tico \u00e9 determinante para garantir a produtividade. Variedades precoces de uva, como Chardonnay e Pinot Noir, necessitam de menos horas de frio, enquanto cultivares mais tardias, como Cabernet Sauvignon, requerem uma exposi\u00e7\u00e3o maior a baixas temperaturas. O mesmo ocorre com variedades de ma\u00e7\u00e3, algumas das quais exigem at\u00e9 mais 500 horas de frio no chamado per\u00edodo hibernal.&#13;\n<\/p>\n<p style=\"text-align:justify\">Al\u00e9m de estimular a brota\u00e7\u00e3o e a frutifica\u00e7\u00e3o, o frio contribui para o controle natural de doen\u00e7as e insetos que afetam os pomares, e tamb\u00e9m reduz a incid\u00eancia de plantas daninhas. \u201cEsse frio que ocorre agora, entre junho e in\u00edcio de agosto, \u00e9 o ideal. Estamos no momento certo para esse frio. Ele vem favorecendo as frut\u00edferas caducif\u00f3lias e, por enquanto, n\u00e3o representa amea\u00e7a. Depois, quando come\u00e7a a brota\u00e7\u00e3o, o frio pode se tornar prejudicial\u201d, destaca o t\u00e9cnico.<\/p>\n<p style=\"text-align:justify\">Com rela\u00e7\u00e3o \u00e0 citricultura, que tamb\u00e9m tem presen\u00e7a expressiva na Serra, Didon\u00e9 tranquiliza: \u201cOs citros, como a laranja e a bergamota, s\u00e3o sens\u00edveis ao frio, mas geralmente s\u00e3o plantados em \u00e1reas de microclima mais ameno, como a costa do Rio das Antas, onde o risco de preju\u00edzos \u00e9 bem menor\u201d, conclui.&#13;\n<\/p>\n<\/p><\/div>\n<p><script data-cfasync=\"false\">\n    !function (f, b, e, v, n, t, s) {\n        if (f.fbq) return; n = f.fbq = function () {\n            n.callMethod ?\n                n.callMethod.apply(n, arguments) : n.queue.push(arguments)\n        };\n        if (!f._fbq) f._fbq = n; n.push = n; n.loaded = !0; n.version = '2.0';\n        n.queue = []; t = b.createElement(e); t.async = !0;\n        t.src = v; s = b.getElementsByTagName(e)[0];\n        s.parentNode.insertBefore(t, s)\n    }(window, document, 'script',\n        'https:\/\/connect.facebook.net\/en_US\/fbevents.js');\n    fbq('init', '522546078623747');\n    fbq('track', 'PageView');\n<\/script><br \/>\n<br \/><br \/>\n<br \/><a href=\"https:\/\/www.agrolink.com.br\/noticias\/frio-favorece-producao-de-frutas-de-clima-temperado-na-serra-gaucha_503199.html\">Source link <\/a><\/p>\n","protected":false},"excerpt":{"rendered":"<p>As recentes ondas de frio registradas na Serra Ga\u00facha t\u00eam papel fundamental para o bom desenvolvimento de diversas frut\u00edferas cultivadas<\/p>\n","protected":false},"author":1,"featured_media":15567,"comment_status":"open","ping_status":"open","sticky":false,"template":"","format":"standard","meta":{"_monsterinsights_skip_tracking":false,"_monsterinsights_sitenote_active":false,"_monsterinsights_sitenote_note":"","_monsterinsights_sitenote_category":0,"_uf_show_specific_survey":0,"_uf_disable_surveys":false,"footnotes":""},"categories":[8,1,14],"tags":[],"class_list":["post-15566","post","type-post","status-publish","format-standard","has-post-thumbnail","hentry","category-agro","category-news","category-politica-agro"],"_links":{"self":[{"href":"https:\/\/agromt.news\/index.php?rest_route=\/wp\/v2\/posts\/15566"}],"collection":[{"href":"https:\/\/agromt.news\/index.php?rest_route=\/wp\/v2\/posts"}],"about":[{"href":"https:\/\/agromt.news\/index.php?rest_route=\/wp\/v2\/types\/post"}],"author":[{"embeddable":true,"href":"https:\/\/agromt.news\/index.php?rest_route=\/wp\/v2\/users\/1"}],"replies":[{"embeddable":true,"href":"https:\/\/agromt.news\/index.php?rest_route=%2Fwp%2Fv2%2Fcomments&post=15566"}],"version-history":[{"count":0,"href":"https:\/\/agromt.news\/index.php?rest_route=\/wp\/v2\/posts\/15566\/revisions"}],"wp:featuredmedia":[{"embeddable":true,"href":"https:\/\/agromt.news\/index.php?rest_route=\/wp\/v2\/media\/15567"}],"wp:attachment":[{"href":"https:\/\/agromt.news\/index.php?rest_route=%2Fwp%2Fv2%2Fmedia&parent=15566"}],"wp:term":[{"taxonomy":"category","embeddable":true,"href":"https:\/\/agromt.news\/index.php?rest_route=%2Fwp%2Fv2%2Fcategories&post=15566"},{"taxonomy":"post_tag","embeddable":true,"href":"https:\/\/agromt.news\/index.php?rest_route=%2Fwp%2Fv2%2Ftags&post=15566"}],"curies":[{"name":"wp","href":"https:\/\/api.w.org\/{rel}","templated":true}]}}