{"id":15565,"date":"2025-06-25T01:16:54","date_gmt":"2025-06-25T05:16:54","guid":{"rendered":"https:\/\/agromt.news\/?p=15565"},"modified":"2025-06-25T01:16:54","modified_gmt":"2025-06-25T05:16:54","slug":"imposto-zero-nao-segurou-precos-dos-alimentos","status":"publish","type":"post","link":"https:\/\/agromt.news\/?p=15565","title":{"rendered":"Imposto zero n\u00e3o segurou pre\u00e7os dos alimentos"},"content":{"rendered":"<p> <br \/>\n<\/p>\n<div>\n<p style=\"text-align:justify\">Um levantamento realizado pela Confedera\u00e7\u00e3o Nacional do Com\u00e9rcio de Bens, Servi\u00e7os e Turismo (CNC), com dados da Secretaria de Com\u00e9rcio Exterior (Secex), confirmou o alerta feito pelo Sistema FAEP no in\u00edcio do ano: a decis\u00e3o do governo federal de zerar o imposto de importa\u00e7\u00e3o sobre alimentos n\u00e3o surtiu efeito no controle da infla\u00e7\u00e3o. A medida, adotada sob o argumento de aliviar os pre\u00e7os ao consumidor, se mostrou paliativa e ineficaz.&#13;\n<\/p>\n<p style=\"text-align:justify\">Ainda em janeiro, o Sistema FAEP se posicionou contra essa pol\u00edtica, destacando que os pre\u00e7os praticados internamente s\u00e3o resultado dos altos custos de produ\u00e7\u00e3o e do chamado \u201cCusto Brasil\u201d.<\/p>\n<p style=\"text-align:justify\">\u201cA tentativa de transferir o \u00f4nus da infla\u00e7\u00e3o para o setor produtivo, al\u00e9m de um equ\u00edvoco, se mostrou ineficaz. O produtor rural nunca foi e n\u00e3o \u00e9 o culpado pela infla\u00e7\u00e3o dos alimentos\u201d, aponta o presidente interino do Sistema FAEP, \u00c1gide Eduardo Meneguette. \u201cO governo federal precisa adotar medidas realmente eficazes, que fa\u00e7am a diferen\u00e7a no dia a dia da popula\u00e7\u00e3o\u201d, ressalta.<\/p>\n<p style=\"text-align:justify\">De acordo com o estudo da CNC, desde que a isen\u00e7\u00e3o foi implementada, n\u00e3o houve impacto relevante nos pre\u00e7os para o consumidor. Apesar da facilita\u00e7\u00e3o para entrada de produtos estrangeiros, os custos seguem elevados, refor\u00e7ando que o problema est\u00e1 ligado a outros fatores da cadeia econ\u00f4mica.<\/p>\n<p style=\"text-align:justify\">Desde o in\u00edcio, o Sistema FAEP defendeu que combater a infla\u00e7\u00e3o exige medidas estruturantes, que v\u00e3o al\u00e9m de isen\u00e7\u00f5es pontuais com efeitos de curto prazo, passando por investimentos na produ\u00e7\u00e3o nacional, melhoria da infraestrutura, redu\u00e7\u00e3o da carga tribut\u00e1ria interna e apoio \u00e0 cadeia produtiva.&#13;\n<\/p>\n<p style=\"text-align:justify\">\u201cO produtor rural \u00e9 quem garante alimento na mesa da popula\u00e7\u00e3o, gera empregos, movimenta a economia e sustenta a balan\u00e7a comercial do pa\u00eds h\u00e1 mais de uma d\u00e9cada. Enfraquecer quem produz \u00e9 colocar em risco a seguran\u00e7a alimentar e o desenvolvimento econ\u00f4mico. Se o governo quer, de fato, combater a infla\u00e7\u00e3o, precisa olhar para dentro, atacar os gargalos que encarecem a produ\u00e7\u00e3o e investir em quem faz o Brasil acontecer no campo\u201d, afirma Meneguette.<\/p>\n<p style=\"text-align:justify\"><strong>Impacto limitado da isen\u00e7\u00e3o<\/strong><\/p>\n<p style=\"text-align:justify\">A lista de produtos com al\u00edquota zerada inclu\u00eda carnes, sardinha, <a href=\"https:\/\/www.agrolink.com.br\/culturas\/cafe\/?utm_source=agrolink-detalhe-noticia&amp;utm_medium=detalhe-noticia&amp;utm_campaign=links-internos\" target=\"_blank\" rel=\"noopener\">caf\u00e9<\/a>\u00a0(em gr\u00e3o e torrado), azeite de oliva, \u00f3leo de <a href=\"https:\/\/www.agrolink.com.br\/culturas\/girassol?utm_source=agrolink-detalhe-noticia&amp;utm_medium=detalhe-noticia&amp;utm_campaign=links-internos\" target=\"_blank\" rel=\"noopener\">girassol<\/a>, <a href=\"https:\/\/www.agrolink.com.br\/culturas\/milho?utm_source=agrolink-detalhe-noticia&amp;utm_medium=detalhe-noticia&amp;utm_campaign=links-internos&#9;\" target=\"_blank\" rel=\"noopener\">milho<\/a>, massas, biscoitos e alguns tipos de a\u00e7\u00facar n\u00e3o provenientes da cana. Antes, as tarifas variavam de 7,2% a 32%, conforme o item. Entre esses, apenas azeite e a\u00e7\u00facares (como refinado e cristal) tiveram aumento nas importa\u00e7\u00f5es em abril e maio, acompanhado de leve queda nos pre\u00e7os.<\/p>\n<p style=\"text-align:justify\">Ainda assim, os dados mostram um comportamento inst\u00e1vel. As importa\u00e7\u00f5es desses itens cresceram 4,2% em abril, mas recuaram 22,8% em maio. No acumulado de abril e maio, houve queda de 7,7% nas importa\u00e7\u00f5es em rela\u00e7\u00e3o ao mesmo per\u00edodo de 2024. Ao mesmo tempo, o d\u00f3lar teve valoriza\u00e7\u00e3o de cerca de 11% nesses 12 meses, o que manteve press\u00e3o sobre os pre\u00e7os.&#13;\n<\/p>\n<p style=\"text-align:justify\">Apesar de uma desacelera\u00e7\u00e3o pontual da infla\u00e7\u00e3o dos alimentos \u2013 de 0,83% em abril para 0,02% em maio, segundo o IPCA \u2013, o pr\u00f3prio estudo aponta que isso se deveu a itens fora da lista beneficiada pela isen\u00e7\u00e3o, o que refor\u00e7a a inefic\u00e1cia da medida como estrat\u00e9gia de conten\u00e7\u00e3o dos pre\u00e7os.<\/p>\n<p style=\"text-align:justify\">O epis\u00f3dio refor\u00e7a, mais uma vez, a import\u00e2ncia de ouvir as entidades representativas do agroneg\u00f3cio na formula\u00e7\u00e3o de pol\u00edticas p\u00fablicas eficazes. \u201cDecis\u00f5es desconectadas da realidade do campo n\u00e3o apenas falham em seus objetivos, como geram inseguran\u00e7a para quem produz no Brasil\u201d, conclui o presidente interino do Sistema FAEP.<\/p>\n<\/p><\/div>\n<p><script data-cfasync=\"false\">\n    !function (f, b, e, v, n, t, s) {\n        if (f.fbq) return; n = f.fbq = function () {\n            n.callMethod ?\n                n.callMethod.apply(n, arguments) : n.queue.push(arguments)\n        };\n        if (!f._fbq) f._fbq = n; n.push = n; n.loaded = !0; n.version = '2.0';\n        n.queue = []; t = b.createElement(e); t.async = !0;\n        t.src = v; s = b.getElementsByTagName(e)[0];\n        s.parentNode.insertBefore(t, s)\n    }(window, document, 'script',\n        'https:\/\/connect.facebook.net\/en_US\/fbevents.js');\n    fbq('init', '522546078623747');\n    fbq('track', 'PageView');\n<\/script><br \/>\n<br \/><br \/>\n<br \/><a href=\"https:\/\/www.agrolink.com.br\/noticias\/imposto-zero-nao-segurou-precos-dos-alimentos_503200.html\">Source link <\/a><\/p>\n","protected":false},"excerpt":{"rendered":"<p>Um levantamento realizado pela Confedera\u00e7\u00e3o Nacional do Com\u00e9rcio de Bens, Servi\u00e7os e Turismo (CNC), com dados da Secretaria de Com\u00e9rcio<\/p>\n","protected":false},"author":1,"featured_media":1325,"comment_status":"open","ping_status":"open","sticky":false,"template":"","format":"standard","meta":{"_monsterinsights_skip_tracking":false,"_monsterinsights_sitenote_active":false,"_monsterinsights_sitenote_note":"","_monsterinsights_sitenote_category":0,"_uf_show_specific_survey":0,"_uf_disable_surveys":false,"footnotes":""},"categories":[8,1,14],"tags":[],"class_list":["post-15565","post","type-post","status-publish","format-standard","has-post-thumbnail","hentry","category-agro","category-news","category-politica-agro"],"_links":{"self":[{"href":"https:\/\/agromt.news\/index.php?rest_route=\/wp\/v2\/posts\/15565"}],"collection":[{"href":"https:\/\/agromt.news\/index.php?rest_route=\/wp\/v2\/posts"}],"about":[{"href":"https:\/\/agromt.news\/index.php?rest_route=\/wp\/v2\/types\/post"}],"author":[{"embeddable":true,"href":"https:\/\/agromt.news\/index.php?rest_route=\/wp\/v2\/users\/1"}],"replies":[{"embeddable":true,"href":"https:\/\/agromt.news\/index.php?rest_route=%2Fwp%2Fv2%2Fcomments&post=15565"}],"version-history":[{"count":0,"href":"https:\/\/agromt.news\/index.php?rest_route=\/wp\/v2\/posts\/15565\/revisions"}],"wp:featuredmedia":[{"embeddable":true,"href":"https:\/\/agromt.news\/index.php?rest_route=\/wp\/v2\/media\/1325"}],"wp:attachment":[{"href":"https:\/\/agromt.news\/index.php?rest_route=%2Fwp%2Fv2%2Fmedia&parent=15565"}],"wp:term":[{"taxonomy":"category","embeddable":true,"href":"https:\/\/agromt.news\/index.php?rest_route=%2Fwp%2Fv2%2Fcategories&post=15565"},{"taxonomy":"post_tag","embeddable":true,"href":"https:\/\/agromt.news\/index.php?rest_route=%2Fwp%2Fv2%2Ftags&post=15565"}],"curies":[{"name":"wp","href":"https:\/\/api.w.org\/{rel}","templated":true}]}}