{"id":15560,"date":"2025-06-24T20:18:16","date_gmt":"2025-06-25T00:18:16","guid":{"rendered":"https:\/\/agromt.news\/?p=15560"},"modified":"2025-06-24T20:18:16","modified_gmt":"2025-06-25T00:18:16","slug":"linhas-de-credito-para-tratores-e-de-apoio-a-bovinocultura-sao-anunciadas-em-sp","status":"publish","type":"post","link":"https:\/\/agromt.news\/?p=15560","title":{"rendered":"Linhas de cr\u00e9dito para tratores e de apoio \u00e0 bovinocultura s\u00e3o anunciadas em SP"},"content":{"rendered":"<p> <br \/>\n<br \/><img decoding=\"async\" src=\"https:\/\/agromt.news\/wp-content\/uploads\/2024\/10\/Qual-o-preco-medio-dos-implementos-usados-mais-vendidos-Veja.jpg\" \/><\/p>\n<div>\n<p>A Secretaria de Agricultura e Abastecimento de S\u00e3o Paulo anunciou a expans\u00e3o do programa Pr\u00f3-Trator e Implementos por meio de conv\u00eanios com cooperativas de cr\u00e9dito.<\/p>\n<p>As parcerias foram oficializadas com o Banco Cooperativo Sicredi, o Banco Cooperativo Sicoob e a Cooperativa Central de Cr\u00e9dito Cresol Baser.<\/p>\n<p><iframe title=\"Governo de SP lan\u00e7a programas para ajudar produtores\" width=\"800\" height=\"450\" src=\"https:\/\/www.youtube.com\/embed\/Tyr-CvOFENk?feature=oembed\" frameborder=\"0\" allow=\"accelerometer; autoplay; clipboard-write; encrypted-media; gyroscope; picture-in-picture; web-share\" referrerpolicy=\"strict-origin-when-cross-origin\" allowfullscreen><\/iframe><noscript><iframe title=\"Governo de SP lan\u00e7a programas para ajudar produtores\" width=\"800\" height=\"450\" src=\"https:\/\/www.youtube.com\/embed\/Tyr-CvOFENk?feature=oembed\" frameborder=\"0\" allow=\"accelerometer; autoplay; clipboard-write; encrypted-media; gyroscope; picture-in-picture; web-share\" referrerpolicy=\"strict-origin-when-cross-origin\" allowfullscreen><\/iframe><\/noscript><\/p>\n<p>O Pr\u00f3-Trator \u00e9 uma linha de cr\u00e9dito rural criada para facilitar a aquisi\u00e7\u00e3o de tratores e implementos por pequenos e m\u00e9dios produtores paulistas. A principal vantagem do programa \u00e9 o subs\u00eddio de <strong>50%<\/strong> da taxa de juros pelo estado \u2014 ou seja, metade da taxa Selic em vigor \u00e9 custeada pelo Fundo de Expans\u00e3o do Agroneg\u00f3cio Paulista (Feap).<\/p>\n<p>De acordo com a Secretaria, outro diferencial \u00e9 o limite de financiamento de at\u00e9 <strong>R$\u202f50 mil<\/strong> por produtor, o que garante maior capilaridade e permite atender um n\u00famero maior de benefici\u00e1rios em todas as regi\u00f5es do estado. <\/p>\n<\/div>\n<div>\n<p>Os recursos podem ser utilizados para a compra de tratores novos, de fabrica\u00e7\u00e3o nacional, com pot\u00eancia de at\u00e9 <strong>125 cavalos<\/strong>.<\/p>\n<h2 class=\"wp-block-heading\" id=\"h-linha-de-credito-para-a-pecuaria-de-corte\">Linha de cr\u00e9dito para a pecu\u00e1ria de corte<\/h2>\n<p>J\u00e1 na pr\u00f3xima semana ser\u00e1 lan\u00e7ada a nova linha de cr\u00e9dito Feap SP \u2013 Projeto Pecu\u00e1ria de Corte, voltada ao fortalecimento da bovinocultura paulista. <\/p>\n<p>Com investimento de <strong>R$ 10 milh\u00f5es<\/strong>, a iniciativa tem como objetivo ampliar a produtividade, reduzir custos e melhorar a qualidade da <strong><a href=\"https:\/\/www.canalrural.com.br\/tag\/carne\/\">carne<\/a><\/strong>, promovendo maior competitividade, sustentabilidade e efici\u00eancia \u00e0 cadeia produtiva.<\/p>\n<p>O secret\u00e1rio da Agricultura do estado, Guilherme Piai, destaca que o teto de financiamento \u00e9 de at\u00e9 <strong>R$ 150 mil <\/strong>por benefici\u00e1rio e a linha \u00e9 destinada \u00e0 aquisi\u00e7\u00e3o e\/ou constru\u00e7\u00e3o das seguintes estruturas: currais; troncos de conten\u00e7\u00e3o; bretes, balan\u00e7as, bebedouros, cochos, sombreadores e sistemas de capta\u00e7\u00e3o de \u00e1gua. <\/p>\n<p>Segundo ele, tamb\u00e9m est\u00e3o contemplados investimentos em gen\u00e9tica animal, com a compra de reprodutores Puros de Origem (P.O.) de alto valor gen\u00e9tico, alinhados ao programa Pr\u00f3-Gen\u00e9tica.<\/p>\n<\/p><\/div>\n<p><br \/>\n<br \/><a href=\"https:\/\/www.canalrural.com.br\/agricultura\/linhas-de-credito-para-tratores-e-de-apoio-a-bovinocultura-sao-anunciadas-em-sp\/\">Source link <\/a><\/p>\n","protected":false},"excerpt":{"rendered":"<p>A Secretaria de Agricultura e Abastecimento de S\u00e3o Paulo anunciou a expans\u00e3o do programa Pr\u00f3-Trator e Implementos por meio de<\/p>\n","protected":false},"author":1,"featured_media":2619,"comment_status":"open","ping_status":"open","sticky":false,"template":"","format":"standard","meta":{"_monsterinsights_skip_tracking":false,"_monsterinsights_sitenote_active":false,"_monsterinsights_sitenote_note":"","_monsterinsights_sitenote_category":0,"_uf_show_specific_survey":0,"_uf_disable_surveys":false,"footnotes":""},"categories":[1],"tags":[],"class_list":["post-15560","post","type-post","status-publish","format-standard","has-post-thumbnail","hentry","category-news"],"_links":{"self":[{"href":"https:\/\/agromt.news\/index.php?rest_route=\/wp\/v2\/posts\/15560"}],"collection":[{"href":"https:\/\/agromt.news\/index.php?rest_route=\/wp\/v2\/posts"}],"about":[{"href":"https:\/\/agromt.news\/index.php?rest_route=\/wp\/v2\/types\/post"}],"author":[{"embeddable":true,"href":"https:\/\/agromt.news\/index.php?rest_route=\/wp\/v2\/users\/1"}],"replies":[{"embeddable":true,"href":"https:\/\/agromt.news\/index.php?rest_route=%2Fwp%2Fv2%2Fcomments&post=15560"}],"version-history":[{"count":0,"href":"https:\/\/agromt.news\/index.php?rest_route=\/wp\/v2\/posts\/15560\/revisions"}],"wp:featuredmedia":[{"embeddable":true,"href":"https:\/\/agromt.news\/index.php?rest_route=\/wp\/v2\/media\/2619"}],"wp:attachment":[{"href":"https:\/\/agromt.news\/index.php?rest_route=%2Fwp%2Fv2%2Fmedia&parent=15560"}],"wp:term":[{"taxonomy":"category","embeddable":true,"href":"https:\/\/agromt.news\/index.php?rest_route=%2Fwp%2Fv2%2Fcategories&post=15560"},{"taxonomy":"post_tag","embeddable":true,"href":"https:\/\/agromt.news\/index.php?rest_route=%2Fwp%2Fv2%2Ftags&post=15560"}],"curies":[{"name":"wp","href":"https:\/\/api.w.org\/{rel}","templated":true}]}}