{"id":15554,"date":"2025-06-24T18:18:16","date_gmt":"2025-06-24T22:18:16","guid":{"rendered":"https:\/\/agromt.news\/?p=15554"},"modified":"2025-06-24T18:18:16","modified_gmt":"2025-06-24T22:18:16","slug":"anuncio-do-plano-safra-25-26-sera-em-30-de-junho-valor-recorde-pode-nao-acontecer","status":"publish","type":"post","link":"https:\/\/agromt.news\/?p=15554","title":{"rendered":"An\u00fancio do Plano Safra 25\/26 ser\u00e1 em 30 de junho; valor recorde pode n\u00e3o acontecer"},"content":{"rendered":"<p> <br \/>\n<br \/><img decoding=\"async\" src=\"https:\/\/agromt.news\/wp-content\/uploads\/2025\/06\/Anuncio-do-Plano-Safra-2526-sera-em-30-de-junho.jpg\" \/><\/p>\n<div>\n<p>O an\u00fancio do Plano Safra 2025\/26 para a agricultura empresarial est\u00e1 previsto para o dia 30 de junho e para a agricultura familiar em 1 de julho, informam interlocutores do governo federal ouvidos pelo rep\u00f3rter Ricardo Ara\u00fajo, do <strong><a href=\"https:\/\/www.canalrural.com.br\/nacional\/brasilia\/\">Canal Rural Bras\u00edlia<\/a><\/strong>.<\/p>\n<p>A nova temporada agr\u00edcola tem in\u00edcio em 1\u00ba de julho e deve se estender at\u00e9 30 de junho de 2026. A defini\u00e7\u00e3o a respeito do volume dos recursos ainda est\u00e1 em discuss\u00e3o pelos minist\u00e9rios respons\u00e1veis, como o da Agricultura, da Economia e o de Desenvolvimento Agr\u00e1rio. <\/p>\n<h2 class=\"wp-block-heading\" id=\"h-plano-safra-recorde\">Plano Safra recorde?<\/h2>\n<p>A Confedera\u00e7\u00e3o Nacional da Agricultura (CNA) e outras entidades correlatas j\u00e1 manifestaram a expectativa de que o valor subsidiado para a nova temporada seja obrigatoriamente maior do que os R$ 475,56 bilh\u00f5es do \u00faltimo Plano Safra.<\/p>\n<p>O pedido decorre, principalmente, por conta do atual cen\u00e1rio de cr\u00e9dito restrito e da taxa b\u00e1sica de juros fixada na \u00faltima reuni\u00e3o do Banco Central em 15% ao ano. Contudo, o governo federal n\u00e3o descarta a possibilidade de manter o mesmo montante devido \u00e0s restri\u00e7\u00f5es or\u00e7ament\u00e1rias e ao cumprimento da meta fiscal de 2025.  <\/p>\n<h2 class=\"wp-block-heading\" id=\"h-bloqueio-do-seguro-rural\">Bloqueio do seguro rural<\/h2>\n<p>Nesta ter\u00e7a-feira (24), o Minist\u00e9rio da Agricultura e Pecu\u00e1ria (Mapa) confirmou o bloqueio de cerca de R$ 445 milh\u00f5es previstos para o Programa de Subven\u00e7\u00e3o ao Pr\u00eamio do Seguro Rural (PSR).<\/p>\n<p>O contingenciamento ocorre para que o governo federal consiga cumprir suas metas fiscais. O minist\u00e9rio informa que \u201cesse cen\u00e1rio deve ser tempor\u00e1rio\u201d.<\/p>\n<\/div>\n<div>\n<p>\u201cVamos trabalhar para reverter esse bloqueio o mais r\u00e1pido poss\u00edvel, para n\u00e3o prejudicar as contrata\u00e7\u00f5es da safra de ver\u00e3o. Por se tratar de uma despesa discricion\u00e1ria, o or\u00e7amento do PSR est\u00e1 sempre sujeito a esse tipo de situa\u00e7\u00e3o\u201d, disse o secret\u00e1rio de Pol\u00edtica Agr\u00edcola, Guilherme Campos, em nota publicada no site do Mapa.<\/p>\n<p>Tamb\u00e9m nesta ter\u00e7a, o minist\u00e9rio publicou uma resolu\u00e7\u00e3o do Comit\u00ea Gestor Interministerial do Seguro Rural aprovando a distribui\u00e7\u00e3o PSR at\u00e9 o m\u00eas de agosto.<\/p>\n<p>A partir de junho, ser\u00e3o disponibilizados aos produtores mais R$ 280 milh\u00f5es contrata\u00e7\u00f5es de ap\u00f3lices para culturas de inverno; R$ 36 milh\u00f5es para frutas; R$ 7,5 milh\u00f5es para a modalidade de pecu\u00e1rio; R$ 1,5 milh\u00e3o para florestas; e R$ 35,5 milh\u00f5es para as demais culturas.<\/p>\n<p>\u201cCom esses recursos, estimamos que conseguiremos atender praticamente toda a demanda dos produtores para as culturas de inverno e sinalizamos mais valores para as demais atividades\u201d, afirmou Campos.<\/p>\n<\/p><\/div>\n<p><br \/>\n<br \/><a href=\"https:\/\/www.canalrural.com.br\/agricultura\/anuncio-do-plano-safra-25-26-sera-em-30-de-junho-valor-recorde-pode-nao-acontecer\/\">Source link <\/a><\/p>\n","protected":false},"excerpt":{"rendered":"<p>O an\u00fancio do Plano Safra 2025\/26 para a agricultura empresarial est\u00e1 previsto para o dia 30 de junho e para<\/p>\n","protected":false},"author":1,"featured_media":15555,"comment_status":"open","ping_status":"open","sticky":false,"template":"","format":"standard","meta":{"_monsterinsights_skip_tracking":false,"_monsterinsights_sitenote_active":false,"_monsterinsights_sitenote_note":"","_monsterinsights_sitenote_category":0,"_uf_show_specific_survey":0,"_uf_disable_surveys":false,"footnotes":""},"categories":[1],"tags":[],"class_list":["post-15554","post","type-post","status-publish","format-standard","has-post-thumbnail","hentry","category-news"],"_links":{"self":[{"href":"https:\/\/agromt.news\/index.php?rest_route=\/wp\/v2\/posts\/15554"}],"collection":[{"href":"https:\/\/agromt.news\/index.php?rest_route=\/wp\/v2\/posts"}],"about":[{"href":"https:\/\/agromt.news\/index.php?rest_route=\/wp\/v2\/types\/post"}],"author":[{"embeddable":true,"href":"https:\/\/agromt.news\/index.php?rest_route=\/wp\/v2\/users\/1"}],"replies":[{"embeddable":true,"href":"https:\/\/agromt.news\/index.php?rest_route=%2Fwp%2Fv2%2Fcomments&post=15554"}],"version-history":[{"count":0,"href":"https:\/\/agromt.news\/index.php?rest_route=\/wp\/v2\/posts\/15554\/revisions"}],"wp:featuredmedia":[{"embeddable":true,"href":"https:\/\/agromt.news\/index.php?rest_route=\/wp\/v2\/media\/15555"}],"wp:attachment":[{"href":"https:\/\/agromt.news\/index.php?rest_route=%2Fwp%2Fv2%2Fmedia&parent=15554"}],"wp:term":[{"taxonomy":"category","embeddable":true,"href":"https:\/\/agromt.news\/index.php?rest_route=%2Fwp%2Fv2%2Fcategories&post=15554"},{"taxonomy":"post_tag","embeddable":true,"href":"https:\/\/agromt.news\/index.php?rest_route=%2Fwp%2Fv2%2Ftags&post=15554"}],"curies":[{"name":"wp","href":"https:\/\/api.w.org\/{rel}","templated":true}]}}