{"id":15550,"date":"2025-06-24T17:47:26","date_gmt":"2025-06-24T21:47:26","guid":{"rendered":"https:\/\/agromt.news\/?p=15550"},"modified":"2025-06-24T17:47:26","modified_gmt":"2025-06-24T21:47:26","slug":"precos-dos-itens-juninos-apresentam-alta-no-nordeste-e-queda-no-norte","status":"publish","type":"post","link":"https:\/\/agromt.news\/?p=15550","title":{"rendered":"Pre\u00e7os dos itens juninos apresentam alta no Nordeste e queda no Norte"},"content":{"rendered":"<p> <br \/>\n<br \/><img decoding=\"async\" src=\"https:\/\/agromt.news\/wp-content\/uploads\/2025\/06\/Precos-dos-itens-juninos-apresentam-alta-no-Nordeste-e-queda.png\" \/><\/p>\n<div>\n<p>A festa junina \u00e9 uma das mais tradicionais e aguardadas celebra\u00e7\u00f5es do calend\u00e1rio brasileiro. Al\u00e9m de valorizar a cultura local, o per\u00edodo tem grande import\u00e2ncia para a economia regional, principalmente para o Norte e Nordeste, regi\u00f5es que concentram as maiores comemora\u00e7\u00f5es do pa\u00eds. <\/p>\n<p>Segundo a plataforma de intelig\u00eancia de dados Scanntech, a cesta de alimentos com itens t\u00edpicos da ocasi\u00e3o registrou alta de 2,5% no Norte e uma retra\u00e7\u00e3o de -0,1% no Nordeste no m\u00eas de maio em compara\u00e7\u00e3o com abril. Al\u00e9m disso, outra curiosidade \u00e9 que a pipoca e o doce de leite figuraram entre os produtos mais vendidos da cesta em todo o pa\u00eds. <\/p>\n<h2 class=\"wp-block-heading\" id=\"h-aumento-de-itens-juninos-no-nordeste\">Aumento de itens juninos no Nordeste<\/h2>\n<ul class=\"wp-block-list\">\n<li>Amendoim: +3,6%<\/li>\n<li>Bolo pronto: +1%<\/li>\n<li>Coco ralado: +1,4%<\/li>\n<li>Doce de leite: +0,9%<\/li>\n<li>Doce industrializado pronto: +2,3%<\/li>\n<li>Leite de coco: +9,2%<\/li>\n<li>Milho: +7,6%<\/li>\n<li>Milho para pipoca: -1,4%<\/li>\n<li>Mistura para bolo: +0,3%<\/li>\n<li>P\u00e3o de hot dog: +0,3%<\/li>\n<li>Pipoca: queda de -4,6%<\/li>\n<li>Salsicha: +1,8%<\/li>\n<\/ul>\n<h2 class=\"wp-block-heading\" id=\"h-baixa-de-precos-no-norte\">Baixa de pre\u00e7os no Norte<\/h2>\n<ul class=\"wp-block-list\">\n<li>Amendoim: -0,5%<\/li>\n<li>Bolo pronto: +4%<\/li>\n<li>Coco ralado: -3%<\/li>\n<li>Doce de leite: -2,9%<\/li>\n<li>Doce industrializado pronto: +5,3%<\/li>\n<li>Leite de coco: -0,4%<\/li>\n<li>Milho: +6,9%<\/li>\n<li>Milho para pipoca: -2,3%<\/li>\n<li>Mistura para bolo: +1%<\/li>\n<li>P\u00e3o de hot dog: -1,6%<\/li>\n<li>Pipoca: -0,8%<\/li>\n<li>Salsicha: +3,9%<\/li>\n<\/ul>\n<p>Em rela\u00e7\u00e3o ao volume de vendas, o leite de coco registrou a maior queda na regi\u00e3o Nordeste e Norte, com recuo de -53,5% e -10,1%, respectivamente. <\/p>\n<\/div>\n<div>\n<p>J\u00e1 no Nordeste, o milho foi o produto que mais cresceu em vendas, enquanto no Norte o destaque ficou para o doce de leite.<\/p>\n<h2 class=\"wp-block-heading\" id=\"h-precos-pelo-pais\">Pre\u00e7os pelo pa\u00eds<\/h2>\n<p>Em an\u00e1lise dos dados gerais do Brasil, a Scanntech observou que as varia\u00e7\u00f5es de pre\u00e7o s\u00e3o menores:<\/p>\n<ul class=\"wp-block-list\">\n<li>Amendoim: +1,4%<\/li>\n<li>Bolo: +1,3%<\/li>\n<li>Coco ralado: +1,2%<\/li>\n<li>Doce industrializado pronto: +2,8%<\/li>\n<li>Leite de coco: -5,6%<\/li>\n<li>Milho: +0,6%<\/li>\n<li>Milho para pipoca: +1,7%<\/li>\n<li>Mistura em p\u00f3 para bolo: +0,7%<\/li>\n<li>P\u00e3o de hot dog: +0,3%<\/li>\n<li>Pipoca: -0,2%<\/li>\n<li>Salsicha: +2,6%<\/li>\n<li>Doce de leite: pre\u00e7o est\u00e1vel (sem varia\u00e7\u00e3o)<\/li>\n<\/ul>\n<p>Em rela\u00e7\u00e3o \u00e0s vendas no cen\u00e1rio nacional, o leite de coco foi o que mais apresentou queda, com recuo de \u2013 33,7% seguido pelo coco ralado com -5%. <\/p>\n<p>Assim como na varia\u00e7\u00e3o das regi\u00f5es, pipoca e doce de leite foram os produtos com o maior aumento nas vendas pelo pa\u00eds.<\/p>\n<\/p><\/div>\n<p><br \/>\n<br \/><a href=\"https:\/\/www.canalrural.com.br\/diversos\/precos-dos-itens-juninos-apresentam-alta-no-nordeste-e-queda-no-norte\/\">Source link <\/a><\/p>\n","protected":false},"excerpt":{"rendered":"<p>A festa junina \u00e9 uma das mais tradicionais e aguardadas celebra\u00e7\u00f5es do calend\u00e1rio brasileiro. Al\u00e9m de valorizar a cultura local,<\/p>\n","protected":false},"author":1,"featured_media":15551,"comment_status":"open","ping_status":"open","sticky":false,"template":"","format":"standard","meta":{"_monsterinsights_skip_tracking":false,"_monsterinsights_sitenote_active":false,"_monsterinsights_sitenote_note":"","_monsterinsights_sitenote_category":0,"_uf_show_specific_survey":0,"_uf_disable_surveys":false,"footnotes":""},"categories":[1],"tags":[],"class_list":["post-15550","post","type-post","status-publish","format-standard","has-post-thumbnail","hentry","category-news"],"_links":{"self":[{"href":"https:\/\/agromt.news\/index.php?rest_route=\/wp\/v2\/posts\/15550"}],"collection":[{"href":"https:\/\/agromt.news\/index.php?rest_route=\/wp\/v2\/posts"}],"about":[{"href":"https:\/\/agromt.news\/index.php?rest_route=\/wp\/v2\/types\/post"}],"author":[{"embeddable":true,"href":"https:\/\/agromt.news\/index.php?rest_route=\/wp\/v2\/users\/1"}],"replies":[{"embeddable":true,"href":"https:\/\/agromt.news\/index.php?rest_route=%2Fwp%2Fv2%2Fcomments&post=15550"}],"version-history":[{"count":0,"href":"https:\/\/agromt.news\/index.php?rest_route=\/wp\/v2\/posts\/15550\/revisions"}],"wp:featuredmedia":[{"embeddable":true,"href":"https:\/\/agromt.news\/index.php?rest_route=\/wp\/v2\/media\/15551"}],"wp:attachment":[{"href":"https:\/\/agromt.news\/index.php?rest_route=%2Fwp%2Fv2%2Fmedia&parent=15550"}],"wp:term":[{"taxonomy":"category","embeddable":true,"href":"https:\/\/agromt.news\/index.php?rest_route=%2Fwp%2Fv2%2Fcategories&post=15550"},{"taxonomy":"post_tag","embeddable":true,"href":"https:\/\/agromt.news\/index.php?rest_route=%2Fwp%2Fv2%2Ftags&post=15550"}],"curies":[{"name":"wp","href":"https:\/\/api.w.org\/{rel}","templated":true}]}}