{"id":1555,"date":"2024-09-13T17:34:23","date_gmt":"2024-09-13T21:34:23","guid":{"rendered":"https:\/\/agromt.news\/?p=1555"},"modified":"2024-09-13T17:34:23","modified_gmt":"2024-09-13T21:34:23","slug":"frente-fria-e-chuva-de-100-mm-devem-chegar-nos-proximos-dias-veja-onde","status":"publish","type":"post","link":"https:\/\/agromt.news\/?p=1555","title":{"rendered":"Frente fria e chuva de 100 mm devem chegar nos pr\u00f3ximos dias; veja onde"},"content":{"rendered":"<p> <br \/>\n<\/p>\n<div>\n<p>As chuvas devem ficar mais intensas no <strong><a href=\"https:\/\/www.canalrural.com.br\/nacional\/rio-grande-do-sul\/\">Rio Grande do Sul<\/a><\/strong>, em Santa Catarina e no <strong><a href=\"https:\/\/www.canalrural.com.br\/nacional\/parana\/\">Paran\u00e1<\/a><\/strong> nos pr\u00f3ximos dias. O cen\u00e1rio acende o alerta para temporais, de acordo com a Climatempo.<\/p>\n<p>Isso ocorre porque a combina\u00e7\u00e3o de sistemas meteorol\u00f3gicos conhecidos, como a atua\u00e7\u00e3o de um cavado (\u00e1rea alongada de baixa press\u00e3o) e o suporte de ar quente e \u00famido da faixa norte do pa\u00eds, cria condi\u00e7\u00f5es favor\u00e1veis para fortes tempestades no Sul do pa\u00eds.<\/p>\n<p>Entre as \u00e1reas mais afetadas, devem estar o sudoeste do Paran\u00e1 e o sul do Rio Grande do Sul. O avan\u00e7o de uma significativa frente fria agrava ainda mais as condi\u00e7\u00f5es na Regi\u00e3o.<\/p>\n<\/div>\n<div>\n<p>Meteorologistas preveem que a chuva ultrapasse os <strong>100 mm<\/strong> em algumas localidades, como o norte do Rio Grande do Sul, o oeste e o nordeste de Santa Catarina, al\u00e9m de todo o estado do Paran\u00e1, conforme ilustrado pelo mapa abaixo.<\/p>\n<h2 class=\"wp-block-heading\" id=\"h-frente-fria-e-instabilidade\">Frente fria e instabilidade<\/h2>\n<figure class=\"wp-block-image size-full\"><img fetchpriority=\"high\" decoding=\"async\" width=\"691\" height=\"384\" alt=\"Mapa chuva\" class=\"wp-image-4067180\"  data-lazy- src=\"https:\/\/agromt.news\/wp-content\/uploads\/2024\/09\/Frente-fria-e-chuva-de-100-mm-devem-chegar-nos.jpg\"\/><img decoding=\"async\" width=\"691\" height=\"384\" src=\"https:\/\/agromt.news\/wp-content\/uploads\/2024\/09\/Frente-fria-e-chuva-de-100-mm-devem-chegar-nos.jpg\" alt=\"Mapa chuva\" class=\"wp-image-4067180\"  \/><figcaption class=\"wp-element-caption\">Foto: Climatempo<\/figcaption><\/figure>\n<p>Quando uma frente fria se encontra com massa de ar quente, o frio empurra o quente para cima, provocando chuvas intensas e ventos fortes. <\/p>\n<p>Essa condi\u00e7\u00e3o tem sido observada nos \u00faltimos dias, impulsionada por uma forte massa de ar quente sobre a regi\u00e3o central do Brasil e pela primeira grande frente fria de setembro. O cen\u00e1rio cria um ambiente prop\u00edcio para a forma\u00e7\u00e3o de instabilidades severas.<\/p>\n<\/div>\n<p><br \/>\n<br \/><a href=\"https:\/\/www.canalrural.com.br\/tempo\/frente-fria-e-chuva-de-100-mm-devem-chegar-nos-proximos-dias-veja-onde\/\">Source link <\/a><\/p>\n","protected":false},"excerpt":{"rendered":"<p>As chuvas devem ficar mais intensas no Rio Grande do Sul, em Santa Catarina e no Paran\u00e1 nos pr\u00f3ximos dias.<\/p>\n","protected":false},"author":1,"featured_media":1556,"comment_status":"open","ping_status":"open","sticky":false,"template":"","format":"standard","meta":{"_monsterinsights_skip_tracking":false,"_monsterinsights_sitenote_active":false,"_monsterinsights_sitenote_note":"","_monsterinsights_sitenote_category":0,"_uf_show_specific_survey":0,"_uf_disable_surveys":false,"footnotes":""},"categories":[1],"tags":[],"class_list":["post-1555","post","type-post","status-publish","format-standard","has-post-thumbnail","hentry","category-news"],"_links":{"self":[{"href":"https:\/\/agromt.news\/index.php?rest_route=\/wp\/v2\/posts\/1555"}],"collection":[{"href":"https:\/\/agromt.news\/index.php?rest_route=\/wp\/v2\/posts"}],"about":[{"href":"https:\/\/agromt.news\/index.php?rest_route=\/wp\/v2\/types\/post"}],"author":[{"embeddable":true,"href":"https:\/\/agromt.news\/index.php?rest_route=\/wp\/v2\/users\/1"}],"replies":[{"embeddable":true,"href":"https:\/\/agromt.news\/index.php?rest_route=%2Fwp%2Fv2%2Fcomments&post=1555"}],"version-history":[{"count":0,"href":"https:\/\/agromt.news\/index.php?rest_route=\/wp\/v2\/posts\/1555\/revisions"}],"wp:featuredmedia":[{"embeddable":true,"href":"https:\/\/agromt.news\/index.php?rest_route=\/wp\/v2\/media\/1556"}],"wp:attachment":[{"href":"https:\/\/agromt.news\/index.php?rest_route=%2Fwp%2Fv2%2Fmedia&parent=1555"}],"wp:term":[{"taxonomy":"category","embeddable":true,"href":"https:\/\/agromt.news\/index.php?rest_route=%2Fwp%2Fv2%2Fcategories&post=1555"},{"taxonomy":"post_tag","embeddable":true,"href":"https:\/\/agromt.news\/index.php?rest_route=%2Fwp%2Fv2%2Ftags&post=1555"}],"curies":[{"name":"wp","href":"https:\/\/api.w.org\/{rel}","templated":true}]}}