{"id":15546,"date":"2025-06-24T17:27:00","date_gmt":"2025-06-24T21:27:00","guid":{"rendered":"https:\/\/agromt.news\/?p=15546"},"modified":"2025-06-24T17:27:00","modified_gmt":"2025-06-24T21:27:00","slug":"soja-encerra-pregao-em-baixa","status":"publish","type":"post","link":"https:\/\/agromt.news\/?p=15546","title":{"rendered":"Soja encerra preg\u00e3o em baixa"},"content":{"rendered":"<p> <br \/>\n<\/p>\n<div>\n<p>A <a href=\"https:\/\/www.agrolink.com.br\/culturas\/soja?utm_source=agrolink-detalhe-noticia&amp;utm_medium=detalhe-noticia&amp;utm_campaign=links-internos\" target=\"_blank\" rel=\"noopener\">soja<\/a> negociada na Bolsa de Chicago (CBOT) encerrou o preg\u00e3o em baixa nesta sexta-feira, reflexo da realiza\u00e7\u00e3o de lucros nos Estados Unidos, informa a TF Agroecon\u00f4mica. O contrato de <a href=\"https:\/\/www.agrolink.com.br\/culturas\/soja?utm_source=agrolink-detalhe-noticia&amp;utm_medium=detalhe-noticia&amp;utm_campaign=links-internos\" target=\"_blank\" rel=\"noopener\">soja<\/a> para julho, refer\u00eancia para a safra brasileira, recuou -0,63%, ou \\$ -6,75 cents\/bushel, fechando em \\$ 1068,00. J\u00e1 a cota\u00e7\u00e3o de agosto caiu -0,49%, ou \\$ -5,25 cents\/bushel, para \\$ 1071,50. No mercado de derivados, o farelo de <a href=\"https:\/\/www.agrolink.com.br\/culturas\/soja?utm_source=agrolink-detalhe-noticia&amp;utm_medium=detalhe-noticia&amp;utm_campaign=links-internos\" target=\"_blank\" rel=\"noopener\">soja<\/a> para julho encerrou em queda de -0,28% (\\$ -0,8\/ton curta) a \\$ 284,1, enquanto o \u00f3leo de <a href=\"https:\/\/www.agrolink.com.br\/culturas\/soja?utm_source=agrolink-detalhe-noticia&amp;utm_medium=detalhe-noticia&amp;utm_campaign=links-internos\" target=\"_blank\" rel=\"noopener\">soja<\/a> para o mesmo m\u00eas recuou -0,55% (\\$ -0,30\/libra-peso) a \\$ 54,47.&#13;\n<\/p>\n<p>A press\u00e3o de baixa se estendeu a todo o complexo de gr\u00e3os negociado em Chicago. O retorno do feriado nos EUA motivou os investidores a realizarem parte dos lucros acumulados nas \u00faltimas sess\u00f5es. Al\u00e9m disso, o clima favor\u00e1vel para o desenvolvimento das lavouras norte-americanas, com o in\u00edcio oficial do ver\u00e3o neste final de semana, refor\u00e7ou o movimento vendedor entre os operadores.<span style=\"display:none\">\u00a0<\/span><\/p>\n<p>Apesar de uma leve recupera\u00e7\u00e3o das vendas para exporta\u00e7\u00e3o na semana, o mercado permanece atento \u00e0 aus\u00eancia de novas compras da China, principal cliente da soja dos EUA. O aumento das importa\u00e7\u00f5es chinesas de soja do Brasil, que subiram 37,5% em maio na compara\u00e7\u00e3o anual, atingindo 12,1 milh\u00f5es de toneladas, limita a competitividade do produto norte-americano. As compras chinesas de soja dos EUA tamb\u00e9m cresceram 28,3% em rela\u00e7\u00e3o ao ano anterior, chegando a 1,63 milh\u00e3o de toneladas, mas representaram apenas 11,7% do total adquirido pelo pa\u00eds asi\u00e1tico no m\u00eas.<span style=\"display:none\">\u00a0<\/span>&#13;\n<\/p>\n<p>No acumulado da semana, a soja em Chicago fechou praticamente est\u00e1vel, com leve queda de -0,16% (\\$ -1,75 cents\/bushel). J\u00e1 o farelo de soja apresentou perda mais expressiva de -2,67% (\\$ -7,8\/ton curta). O \u00f3leo de soja, por outro lado, contrariou a tend\u00eancia e registrou alta de 7,63% (3,86\/libra-peso), sustentado por fatores espec\u00edficos de demanda e oferta no mercado de \u00f3leos vegetais.<\/p>\n<p><span style=\"display:none\">\u00a0<\/span><span style=\"display:none\">\u00a0<\/span>\u00a0<\/p>\n<\/p><\/div>\n<p><script data-cfasync=\"false\">\n    !function (f, b, e, v, n, t, s) {\n        if (f.fbq) return; n = f.fbq = function () {\n            n.callMethod ?\n                n.callMethod.apply(n, arguments) : n.queue.push(arguments)\n        };\n        if (!f._fbq) f._fbq = n; n.push = n; n.loaded = !0; n.version = '2.0';\n        n.queue = []; t = b.createElement(e); t.async = !0;\n        t.src = v; s = b.getElementsByTagName(e)[0];\n        s.parentNode.insertBefore(t, s)\n    }(window, document, 'script',\n        'https:\/\/connect.facebook.net\/en_US\/fbevents.js');\n    fbq('init', '522546078623747');\n    fbq('track', 'PageView');\n<\/script><br \/>\n<br \/><br \/>\n<br \/><a href=\"https:\/\/www.agrolink.com.br\/noticias\/soja-encerra-pregao-em-baixa_503134.html\">Source link <\/a><\/p>\n","protected":false},"excerpt":{"rendered":"<p>A soja negociada na Bolsa de Chicago (CBOT) encerrou o preg\u00e3o em baixa nesta sexta-feira, reflexo da realiza\u00e7\u00e3o de lucros<\/p>\n","protected":false},"author":1,"featured_media":1306,"comment_status":"open","ping_status":"open","sticky":false,"template":"","format":"standard","meta":{"_monsterinsights_skip_tracking":false,"_monsterinsights_sitenote_active":false,"_monsterinsights_sitenote_note":"","_monsterinsights_sitenote_category":0,"_uf_show_specific_survey":0,"_uf_disable_surveys":false,"footnotes":""},"categories":[8,1,14],"tags":[],"class_list":["post-15546","post","type-post","status-publish","format-standard","has-post-thumbnail","hentry","category-agro","category-news","category-politica-agro"],"_links":{"self":[{"href":"https:\/\/agromt.news\/index.php?rest_route=\/wp\/v2\/posts\/15546"}],"collection":[{"href":"https:\/\/agromt.news\/index.php?rest_route=\/wp\/v2\/posts"}],"about":[{"href":"https:\/\/agromt.news\/index.php?rest_route=\/wp\/v2\/types\/post"}],"author":[{"embeddable":true,"href":"https:\/\/agromt.news\/index.php?rest_route=\/wp\/v2\/users\/1"}],"replies":[{"embeddable":true,"href":"https:\/\/agromt.news\/index.php?rest_route=%2Fwp%2Fv2%2Fcomments&post=15546"}],"version-history":[{"count":0,"href":"https:\/\/agromt.news\/index.php?rest_route=\/wp\/v2\/posts\/15546\/revisions"}],"wp:featuredmedia":[{"embeddable":true,"href":"https:\/\/agromt.news\/index.php?rest_route=\/wp\/v2\/media\/1306"}],"wp:attachment":[{"href":"https:\/\/agromt.news\/index.php?rest_route=%2Fwp%2Fv2%2Fmedia&parent=15546"}],"wp:term":[{"taxonomy":"category","embeddable":true,"href":"https:\/\/agromt.news\/index.php?rest_route=%2Fwp%2Fv2%2Fcategories&post=15546"},{"taxonomy":"post_tag","embeddable":true,"href":"https:\/\/agromt.news\/index.php?rest_route=%2Fwp%2Fv2%2Ftags&post=15546"}],"curies":[{"name":"wp","href":"https:\/\/api.w.org\/{rel}","templated":true}]}}