{"id":15545,"date":"2025-06-24T16:40:13","date_gmt":"2025-06-24T20:40:13","guid":{"rendered":"https:\/\/agromt.news\/?p=15545"},"modified":"2025-06-24T16:40:13","modified_gmt":"2025-06-24T20:40:13","slug":"geada-negra-ameaca-lavouras-no-sul-em-meio-a-frio-intenso","status":"publish","type":"post","link":"https:\/\/agromt.news\/?p=15545","title":{"rendered":"Geada negra amea\u00e7a lavouras no Sul em meio a frio intenso"},"content":{"rendered":"<p> <br \/>\n<br \/><img decoding=\"async\" src=\"https:\/\/agromt.news\/wp-content\/uploads\/2025\/03\/veja-previsao-do-tempo-do-Inmet.jpg\" \/><\/p>\n<div>\n<p>O frio intenso que atinge o Sul do Brasil deve se intensificar nesta quarta-feira (25), com previs\u00e3o de geada ampla nos tr\u00eas estados da regi\u00e3o. H\u00e1, ainda, alerta para a ocorr\u00eancia de <strong>geada negra<\/strong>, fen\u00f4meno extremamente prejudicial \u00e0s lavouras, pois congela a seiva das plantas de dentro para fora, provocando danos severos e, muitas vezes, irrevers\u00edveis.<\/p>\n<div data-icp-cta=\"1\" id=\"icp-cta-unique\">Voc\u00ea quer entender como usar o clima a seu favor?<b> <\/b><a href=\"https:\/\/climacampo.canalrural.com.br\/climacampo_-01\">Preparamos um e-book exclusivo<\/a> para ajudar produtores rurais a se antecipar \u00e0s mudan\u00e7as do tempo e planejar melhor suas a\u00e7\u00f5es. Com base em previs\u00f5es meteorol\u00f3gicas confi\u00e1veis, ele oferece orienta\u00e7\u00f5es pr\u00e1ticas para proteger sua lavoura e otimizar seus resultados.<\/div>\n<p>Diferentemente da geada comum, ou branca, na geada negra n\u00e3o h\u00e1 forma\u00e7\u00e3o de gelo sobre as plantas e o solo. Em vez disso, como informa a <strong><a href=\"https:\/\/www.canalrural.com.br\/autor\/climatempo\/\">Climatempo<\/a><\/strong>, a vegeta\u00e7\u00e3o fica escurecida, com aspecto queimado. <\/p>\n<p><iframe title=\"Geada negra: onda de frio pode gerar fen\u00f4meno raro | Previs\u00e3o do tempo | Sul\" width=\"800\" height=\"450\" src=\"https:\/\/www.youtube.com\/embed\/gdVIg2-Xyhs?feature=oembed\" frameborder=\"0\" allow=\"accelerometer; autoplay; clipboard-write; encrypted-media; gyroscope; picture-in-picture; web-share\" referrerpolicy=\"strict-origin-when-cross-origin\" allowfullscreen><\/iframe><noscript><iframe title=\"Geada negra: onda de frio pode gerar fen\u00f4meno raro | Previs\u00e3o do tempo | Sul\" width=\"800\" height=\"450\" src=\"https:\/\/www.youtube.com\/embed\/gdVIg2-Xyhs?feature=oembed\" frameborder=\"0\" allow=\"accelerometer; autoplay; clipboard-write; encrypted-media; gyroscope; picture-in-picture; web-share\" referrerpolicy=\"strict-origin-when-cross-origin\" allowfullscreen><\/iframe><\/noscript><\/p>\n<p>O evento de geada negra mais \u201cfamoso\u201d do Brasil ocorreu em 1975, no norte do Paran\u00e1. Os cafezais da regi\u00e3o foram dizimados pela a\u00e7\u00e3o do fen\u00f4meno, levando a enormes perdas econ\u00f4micas.<\/p>\n<\/div>\n<div>\n<p>O pico da atual onda de frio est\u00e1 previsto para quarta, com <strong>temperaturas m\u00ednimas pr\u00f3ximas de 0\u202f\u00b0C<\/strong> nas Serras Ga\u00facha e Catarinense, e marcas de apenas 1\u202f\u00b0C no centro do Rio Grande do Sul. No norte do Paran\u00e1, h\u00e1 risco de geada em \u00e1reas produtoras de caf\u00e9, exigindo aten\u00e7\u00e3o redobrada dos agricultores.<\/p>\n<p>O cen\u00e1rio \u00e9 provocado pela atua\u00e7\u00e3o de uma <strong>massa de ar polar seca<\/strong>, que reduz a nebulosidade e favorece a queda acentuada nas temperaturas. Segundo os meteorologistas, o frio come\u00e7a a perder for\u00e7a a partir de quinta-feira (26), mas o fim de semana reserva novos desafios clim\u00e1ticos para o Sul.<\/p>\n<p>A previs\u00e3o indica a chegada de um novo sistema que trar\u00e1 <strong>chuvas significativas para o Rio Grande do Sul<\/strong>, com volumes que podem ultrapassar os 100 mil\u00edmetros em \u00e1reas j\u00e1 impactadas por temporais recentes <em>(veja o v\u00eddeo acima)<\/em>.<\/p>\n<p>Diante desse cen\u00e1rio, produtores rurais devem ficar atentos aos alertas clim\u00e1ticos e tomar medidas para proteger as planta\u00e7\u00f5es, principalmente nas \u00e1reas mais vulner\u00e1veis \u00e0 geada e \u00e0s chuvas intensas.<\/p>\n<\/p><\/div>\n<p><br \/>\n<br \/><a href=\"https:\/\/www.canalrural.com.br\/tempo\/geada-negra-ameaca-lavouras-no-sul-em-meio-a-frio-intenso\/\">Source link <\/a><\/p>\n","protected":false},"excerpt":{"rendered":"<p>O frio intenso que atinge o Sul do Brasil deve se intensificar nesta quarta-feira (25), com previs\u00e3o de geada ampla<\/p>\n","protected":false},"author":1,"featured_media":11743,"comment_status":"open","ping_status":"open","sticky":false,"template":"","format":"standard","meta":{"_monsterinsights_skip_tracking":false,"_monsterinsights_sitenote_active":false,"_monsterinsights_sitenote_note":"","_monsterinsights_sitenote_category":0,"_uf_show_specific_survey":0,"_uf_disable_surveys":false,"footnotes":""},"categories":[1],"tags":[],"class_list":["post-15545","post","type-post","status-publish","format-standard","has-post-thumbnail","hentry","category-news"],"_links":{"self":[{"href":"https:\/\/agromt.news\/index.php?rest_route=\/wp\/v2\/posts\/15545"}],"collection":[{"href":"https:\/\/agromt.news\/index.php?rest_route=\/wp\/v2\/posts"}],"about":[{"href":"https:\/\/agromt.news\/index.php?rest_route=\/wp\/v2\/types\/post"}],"author":[{"embeddable":true,"href":"https:\/\/agromt.news\/index.php?rest_route=\/wp\/v2\/users\/1"}],"replies":[{"embeddable":true,"href":"https:\/\/agromt.news\/index.php?rest_route=%2Fwp%2Fv2%2Fcomments&post=15545"}],"version-history":[{"count":0,"href":"https:\/\/agromt.news\/index.php?rest_route=\/wp\/v2\/posts\/15545\/revisions"}],"wp:featuredmedia":[{"embeddable":true,"href":"https:\/\/agromt.news\/index.php?rest_route=\/wp\/v2\/media\/11743"}],"wp:attachment":[{"href":"https:\/\/agromt.news\/index.php?rest_route=%2Fwp%2Fv2%2Fmedia&parent=15545"}],"wp:term":[{"taxonomy":"category","embeddable":true,"href":"https:\/\/agromt.news\/index.php?rest_route=%2Fwp%2Fv2%2Fcategories&post=15545"},{"taxonomy":"post_tag","embeddable":true,"href":"https:\/\/agromt.news\/index.php?rest_route=%2Fwp%2Fv2%2Ftags&post=15545"}],"curies":[{"name":"wp","href":"https:\/\/api.w.org\/{rel}","templated":true}]}}