{"id":15540,"date":"2025-06-24T15:50:35","date_gmt":"2025-06-24T19:50:35","guid":{"rendered":"https:\/\/agromt.news\/?p=15540"},"modified":"2025-06-24T15:50:35","modified_gmt":"2025-06-24T19:50:35","slug":"sem-seguro-soja-em-risco-com-o-corte-de-r-445-milhoes","status":"publish","type":"post","link":"https:\/\/agromt.news\/?p=15540","title":{"rendered":"Sem seguro? Soja &#8216;em risco&#8217; com o corte de R$ 445 milh\u00f5es"},"content":{"rendered":"<p> <br \/>\n<br \/><img decoding=\"async\" src=\"https:\/\/agromt.news\/wp-content\/uploads\/2025\/06\/Area-de-soja-para-a-safra-2526-cresce-na-teoria.jpeg\" \/><\/p>\n<div>\n<p>O Minist\u00e9rio da Agricultura e Pecu\u00e1ria (<a href=\"https:\/\/www.gov.br\/pt-br\">Mapa<\/a>) confirmou, nesta ter\u00e7a-feira (24), o <a href=\"https:\/\/www.canalrural.com.br\/agricultura\/projeto-soja-brasil\/\">bloqueio <\/a>de R$ 445 milh\u00f5es previstos para o Programa de Subven\u00e7\u00e3o ao Pr\u00eamio do Seguro Rural (PSR). A medida faz parte do esfor\u00e7o do governo federal para o cumprimento das metas fiscais. Embora o Mapa tenha classificado o corte como tempor\u00e1rio, a decis\u00e3o j\u00e1 provoca rea\u00e7\u00f5es negativas no setor de soja.<\/p>\n<ul class=\"wp-block-list\">\n<li><strong><em>Fique por dentro das novidades e not\u00edcias recentes sobre a soja! Participe da nossa comunidade atrav\u00e9s do\u00a0<a href=\"https:\/\/chat.whatsapp.com\/BmMRwA0TZ2DHGyhzoaVEWu\">link<\/a><\/em><\/strong>!<\/li>\n<\/ul>\n<p>Segundo o consultor Vlamir Brandalizze, essas medidas s\u00e3o, em parte, necess\u00e1rias para manter o or\u00e7amento sob controle e evitar desequil\u00edbrios financeiros, como os registrados no passado. \u201cNo entanto, para o setor do agroneg\u00f3cio, o impacto \u00e9 preocupante, especialmente diante dos desafios clim\u00e1ticos que j\u00e1 dificultam a produ\u00e7\u00e3o\u201d, acrescenta.<\/p>\n<\/div>\n<div>\n<p>Brandalizze destaca que a redu\u00e7\u00e3o dos recursos destinados ao seguro rural tende a tornar essa prote\u00e7\u00e3o mais escassa e mais cara para os produtores de soja. \u201cAl\u00e9m disso, a diminui\u00e7\u00e3o dos recursos para a subven\u00e7\u00e3o de juros pode comprometer a efetividade dos pacotes agr\u00edcolas anunciados que, sem apoio financeiro oficial, acabam se tornando, na pr\u00e1tica, meras promessas\u201d.<\/p>\n<p>O consultor ressalta que essas medidas prejudicam principalmente os pequenos e m\u00e9dios produtores, j\u00e1 que os grandes contam com alternativas como o sistema barter (troca de produtos por insumos). <\/p>\n<p>Por fim, ele alerta que, ao dificultar o crescimento do agroneg\u00f3cio, o governo impacta negativamente a economia nacional como um todo, uma vez que um setor produtivo fortalecido gera mais exporta\u00e7\u00f5es, consumo, circula\u00e7\u00e3o de recursos e arrecada\u00e7\u00e3o tribut\u00e1ria. Assim, o efeito dessas restri\u00e7\u00f5es pode ser contr\u00e1rio ao esperado nas pol\u00edticas oficiais.<\/p>\n<\/p><\/div>\n<p><br \/>\n<br \/><a href=\"https:\/\/www.canalrural.com.br\/agricultura\/projeto-soja-brasil\/sem-seguro-soja-em-risco-com-o-corte-de-r-445-milhoes\/\">Source link <\/a><\/p>\n","protected":false},"excerpt":{"rendered":"<p>O Minist\u00e9rio da Agricultura e Pecu\u00e1ria (Mapa) confirmou, nesta ter\u00e7a-feira (24), o bloqueio de R$ 445 milh\u00f5es previstos para o<\/p>\n","protected":false},"author":1,"featured_media":14569,"comment_status":"open","ping_status":"open","sticky":false,"template":"","format":"standard","meta":{"_monsterinsights_skip_tracking":false,"_monsterinsights_sitenote_active":false,"_monsterinsights_sitenote_note":"","_monsterinsights_sitenote_category":0,"_uf_show_specific_survey":0,"_uf_disable_surveys":false,"footnotes":""},"categories":[1],"tags":[],"class_list":["post-15540","post","type-post","status-publish","format-standard","has-post-thumbnail","hentry","category-news"],"_links":{"self":[{"href":"https:\/\/agromt.news\/index.php?rest_route=\/wp\/v2\/posts\/15540"}],"collection":[{"href":"https:\/\/agromt.news\/index.php?rest_route=\/wp\/v2\/posts"}],"about":[{"href":"https:\/\/agromt.news\/index.php?rest_route=\/wp\/v2\/types\/post"}],"author":[{"embeddable":true,"href":"https:\/\/agromt.news\/index.php?rest_route=\/wp\/v2\/users\/1"}],"replies":[{"embeddable":true,"href":"https:\/\/agromt.news\/index.php?rest_route=%2Fwp%2Fv2%2Fcomments&post=15540"}],"version-history":[{"count":0,"href":"https:\/\/agromt.news\/index.php?rest_route=\/wp\/v2\/posts\/15540\/revisions"}],"wp:featuredmedia":[{"embeddable":true,"href":"https:\/\/agromt.news\/index.php?rest_route=\/wp\/v2\/media\/14569"}],"wp:attachment":[{"href":"https:\/\/agromt.news\/index.php?rest_route=%2Fwp%2Fv2%2Fmedia&parent=15540"}],"wp:term":[{"taxonomy":"category","embeddable":true,"href":"https:\/\/agromt.news\/index.php?rest_route=%2Fwp%2Fv2%2Fcategories&post=15540"},{"taxonomy":"post_tag","embeddable":true,"href":"https:\/\/agromt.news\/index.php?rest_route=%2Fwp%2Fv2%2Ftags&post=15540"}],"curies":[{"name":"wp","href":"https:\/\/api.w.org\/{rel}","templated":true}]}}