{"id":15539,"date":"2025-06-24T15:33:43","date_gmt":"2025-06-24T19:33:43","guid":{"rendered":"https:\/\/agromt.news\/?p=15539"},"modified":"2025-06-24T15:33:43","modified_gmt":"2025-06-24T19:33:43","slug":"semana-tera-acumulado-de-chuva-superior-a-150-mm-confira-onde","status":"publish","type":"post","link":"https:\/\/agromt.news\/?p=15539","title":{"rendered":"Semana ter\u00e1 acumulado de chuva superior a 150 mm; confira onde"},"content":{"rendered":"<p> <br \/>\n<\/p>\n<div>\n<p>O Instituto Nacional de Meteorologia (Inmet) divulgou balan\u00e7o com a previs\u00e3o de chuva e temperaturas para esta semana e o in\u00edcio da pr\u00f3xima, abrangendo entre 23 e 30 de junho em todo o Brasil. Confira:  <\/p>\n<div data-icp-cta=\"1\" id=\"icp-cta-unique\">Voc\u00ea quer entender como usar o clima a seu favor?<b> <\/b><a href=\"https:\/\/climacampo.canalrural.com.br\/climacampo_-01\">Preparamos um e-book exclusivo<\/a> para ajudar produtores rurais a se antecipar \u00e0s mudan\u00e7as do tempo e planejar melhor suas a\u00e7\u00f5es. Com base em previs\u00f5es meteorol\u00f3gicas confi\u00e1veis, ele oferece orienta\u00e7\u00f5es pr\u00e1ticas para proteger sua lavoura e otimizar seus resultados.<\/div>\n<h2 class=\"wp-block-heading\" id=\"h-sul\">Sul<\/h2>\n<figure class=\"wp-block-image size-full\"><img fetchpriority=\"high\" fetchpriority=\"high\" decoding=\"async\" width=\"408\" height=\"486\" src=\"https:\/\/agromt.news\/wp-content\/uploads\/2025\/06\/Semana-tera-acumulado-de-chuva-superior-a-150-mm-confira.jpg\" alt=\"mapa de chuva - Inmet\" class=\"wp-image-4106078\"  \/><figcaption class=\"wp-element-caption\">Foto: Reprodu\u00e7\u00e3o<\/figcaption><\/figure>\n<p>A semana come\u00e7a com a passagem de uma frente fria, que deve provocar chuvas no norte do <strong><a href=\"https:\/\/www.canalrural.com.br\/nacional\/rio-grande-do-sul\/\">Rio Grande do Sul<\/a><\/strong>, em Santa Catarina e no <strong><a href=\"https:\/\/www.canalrural.com.br\/nacional\/parana\/\">Paran\u00e1<\/a><\/strong>, com volumes que podem ultrapassar os <strong>150 mm <\/strong>em alguns pontos (tons em rosa no mapa acima). Tamb\u00e9m h\u00e1 previs\u00e3o de acumulados inferiores a 40 mm no oeste ga\u00facho e norte paranaense (verde e azul).<\/p>\n<h2 class=\"wp-block-heading\" id=\"h-sudeste\">Sudeste <\/h2>\n<p>A semana come\u00e7a com previs\u00e3o de chuvas inferiores a 30 mm em \u00e1reas do sul de Minas Gerais e de S\u00e3o Paulo. A previs\u00e3o \u00e9 de tempo aberto no centro-norte de Minas Gerais e em parte do Rio de Janeiro e Esp\u00edrito Santo.<\/p>\n<h2 class=\"wp-block-heading\" id=\"h-centro-oeste\">Centro-Oeste<\/h2>\n<p>Assim como no Sudeste, os primeiros dias da semana ser\u00e3o de chuvas inferiores a 30 mm em \u00e1reas do sul dos estados de Mato Grosso, Goi\u00e1s e Mato Grosso do Sul. Contudo, o tempo ser\u00e1 aberto, com poucas nuvens, no nordeste matp-grossense e norte goiano, assim como no Distrito Federal.<\/p>\n<h2 class=\"wp-block-heading\" id=\"h-nordeste\">Nordeste<\/h2>\n<p>No interior do Nordeste n\u00e3o h\u00e1 previs\u00e3o de chuva, com redu\u00e7\u00e3o da umidade relativa do ar, principalmente no oeste da <strong><a href=\"https:\/\/www.canalrural.com.br\/nacional\/bahia\/\">Bahia<\/a><\/strong>, al\u00e9m do sul do Piau\u00ed e do Maranh\u00e3o. Em \u00e1reas do litoral nordestino, podem ocorrer chuvas acima de 20 mm (tons em verde), principalmente em Pernambuco e Alagoas.<\/p>\n<h2 class=\"wp-block-heading\" id=\"h-norte\">Norte<\/h2>\n<p>Os maiores acumulados de chuva se concentrar\u00e3o no centro-norte do Amazonas, de Roraima e do Amap\u00e1, com volumes que podem superar os 50 mm (tons em amarelo, laranja e vermelho). Em \u00e1reas pontuais do nordeste e oeste do Par\u00e1, s\u00e3o previstos volumes inferiores a 40 mm. No Acre, em Rond\u00f4nia e no sul do Amazonas, as precipita\u00e7\u00f5es s\u00e3o inferiores a 20 mm. Em Tocantins e no sul do Par\u00e1, n\u00e3o h\u00e1 previs\u00e3o de chuvas ao longo da semana.<\/p>\n<\/div>\n<div>\n<h2 class=\"wp-block-heading\" id=\"h-temperaturas-da-semana\">Temperaturas da semana<\/h2>\n<p>Ao longo da semana, a previs\u00e3o indica que as maiores temperaturas m\u00e1ximas do pa\u00eds acontecer\u00e3o nas seguintes \u00e1reas: <\/p>\n<ul class=\"wp-block-list\">\n<li>Sul da Regi\u00e3o Norte;<\/li>\n<li>Norte da Regi\u00e3o Centro-Oeste; e <\/li>\n<li>Norte da Regi\u00e3o Nordeste <\/li>\n<\/ul>\n<p>Mais especificamente, no pr\u00f3ximo domingo (29), os maiores valores devem ocorrer no sudeste do Amazonas, em Rond\u00f4nia, no sul do Par\u00e1, norte de Mato Grosso, Tocantins, Maranh\u00e3o e Piau\u00ed. <\/p>\n<p>De acordo com o Inmet, no leste do Nordeste, assim como em parte da Regi\u00e3o Sudeste e Paran\u00e1, as m\u00e1ximas devem ser inferiores a 28\u00b0C. J\u00e1 no centro-sul do Rio Grande do Sul, s\u00e3o previstas temperaturas m\u00e1ximas inferiores a 18\u00b0C.<\/p>\n<p>As temperaturas m\u00ednimas devem se manter acima dos 24\u202f\u00b0C na Regi\u00e3o Norte e no norte da Regi\u00e3o Nordeste. No centro-sul do Pa\u00eds, predominam m\u00ednimas inferiores a 18\u00b0C. <\/p>\n<p>A queda de temperatura dever\u00e1 ser sentida nesta quarta (25) na faixa sul de Goi\u00e1s; no Tri\u00e2ngulo Mineiro, Zona da Mata e sul de Minas Gerais; e em todo o estado do Rio de Janeiro, al\u00e9m do sul do Esp\u00edrito Santo. Apesar do frio e da previs\u00e3o de geada fraca a moderada no Sul nesse mesmo dia, a massa de ar frio come\u00e7a a perder intensidade gradualmente. <\/p>\n<\/p><\/div>\n<p><br \/>\n<br \/><a href=\"https:\/\/www.canalrural.com.br\/tempo\/semana-sera-dividida-por-chuva-de-150-mm-em-algumas-areas-e-tempo-muito-seco-em-outras\/\">Source link <\/a><\/p>\n","protected":false},"excerpt":{"rendered":"<p>O Instituto Nacional de Meteorologia (Inmet) divulgou balan\u00e7o com a previs\u00e3o de chuva e temperaturas para esta semana e o<\/p>\n","protected":false},"author":1,"featured_media":10187,"comment_status":"open","ping_status":"open","sticky":false,"template":"","format":"standard","meta":{"_monsterinsights_skip_tracking":false,"_monsterinsights_sitenote_active":false,"_monsterinsights_sitenote_note":"","_monsterinsights_sitenote_category":0,"_uf_show_specific_survey":0,"_uf_disable_surveys":false,"footnotes":""},"categories":[1],"tags":[],"class_list":["post-15539","post","type-post","status-publish","format-standard","has-post-thumbnail","hentry","category-news"],"_links":{"self":[{"href":"https:\/\/agromt.news\/index.php?rest_route=\/wp\/v2\/posts\/15539"}],"collection":[{"href":"https:\/\/agromt.news\/index.php?rest_route=\/wp\/v2\/posts"}],"about":[{"href":"https:\/\/agromt.news\/index.php?rest_route=\/wp\/v2\/types\/post"}],"author":[{"embeddable":true,"href":"https:\/\/agromt.news\/index.php?rest_route=\/wp\/v2\/users\/1"}],"replies":[{"embeddable":true,"href":"https:\/\/agromt.news\/index.php?rest_route=%2Fwp%2Fv2%2Fcomments&post=15539"}],"version-history":[{"count":0,"href":"https:\/\/agromt.news\/index.php?rest_route=\/wp\/v2\/posts\/15539\/revisions"}],"wp:featuredmedia":[{"embeddable":true,"href":"https:\/\/agromt.news\/index.php?rest_route=\/wp\/v2\/media\/10187"}],"wp:attachment":[{"href":"https:\/\/agromt.news\/index.php?rest_route=%2Fwp%2Fv2%2Fmedia&parent=15539"}],"wp:term":[{"taxonomy":"category","embeddable":true,"href":"https:\/\/agromt.news\/index.php?rest_route=%2Fwp%2Fv2%2Fcategories&post=15539"},{"taxonomy":"post_tag","embeddable":true,"href":"https:\/\/agromt.news\/index.php?rest_route=%2Fwp%2Fv2%2Ftags&post=15539"}],"curies":[{"name":"wp","href":"https:\/\/api.w.org\/{rel}","templated":true}]}}